{"id":3962,"date":"2021-05-10T11:03:09","date_gmt":"2021-05-10T14:03:09","guid":{"rendered":"https:\/\/radiorevelacionfm.cl\/?p=3962"},"modified":"2021-05-10T11:03:09","modified_gmt":"2021-05-10T14:03:09","slug":"en-pandemia-centro-de-reeducacion-de-hombres-que-ejercen-violencia-de-pareja-aumenta-cobertura-de-atencion","status":"publish","type":"post","link":"https:\/\/radiorevelacionfm.cl\/?p=3962","title":{"rendered":"En pandemia Centro de Reeducaci\u00f3n de Hombres que Ejercen Violencia de Pareja aumenta cobertura de atenci\u00f3n"},"content":{"rendered":"<div class=\"flex_column av_one_full  flex_column_div av-zero-column-padding first  avia-builder-el-0  el_before_av_one_full  avia-builder-el-first  \" style='border-radius:0px; '><div  class='avia-image-container  av-styling-    avia-builder-el-1  avia-builder-el-no-sibling  avia-align-center '  itemprop=\"image\" itemscope=\"itemscope\" itemtype=\"https:\/\/schema.org\/ImageObject\"  ><div class='avia-image-container-inner'><div class='avia-image-overlay-wrap'><img decoding=\"async\" class='wp-image-0 avia-img-lazy-loading-not-0 avia_image' src=\"https:\/\/radiorevelacionfm.cl\/wp-content\/uploads\/2021\/05\/centro-reeducacion-hombres-1_optimized.jpg\" alt='' title=''   itemprop=\"thumbnailUrl\"  \/><\/div><\/div><\/div><\/div><div class=\"flex_column av_one_full  flex_column_div av-zero-column-padding first  avia-builder-el-2  el_after_av_one_full  el_before_av_one_full  column-top-margin\" style='border-radius:0px; '><section class=\"av_textblock_section \"  itemscope=\"itemscope\" itemtype=\"https:\/\/schema.org\/BlogPosting\" itemprop=\"blogPost\" ><div class='avia_textblock  '   itemprop=\"text\" ><p style=\"text-align: center;\"><span style=\"font-size: 18pt;\"><strong>En pandemia Centro de Reeducaci\u00f3n de Hombres que Ejercen Violencia de Pareja aumenta cobertura de atenci\u00f3n<\/strong><\/span><\/p>\n<div id=\"gtx-trans\" style=\"position: absolute; left: -50px; top: 4.31534px;\">\n<div class=\"gtx-trans-icon\"><\/div>\n<\/div>\n<\/div><\/section><\/div><div class=\"flex_column av_one_full  flex_column_div av-zero-column-padding first  avia-builder-el-4  el_after_av_one_full  el_before_av_hr  column-top-margin\" style='border-radius:0px; '><section class=\"av_textblock_section \"  itemscope=\"itemscope\" itemtype=\"https:\/\/schema.org\/BlogPosting\" itemprop=\"blogPost\" ><div class='avia_textblock  '   itemprop=\"text\" ><p style=\"font-weight: 400; text-align: justify;\">Promover y favorecer \u2013 mediante la atenci\u00f3n psicosocioeducativa especializada- la disminuci\u00f3n y prevenci\u00f3n de la violencia ejercida por hombres en contra de las mujeres en el \u00e1mbito de la pareja, as\u00ed como las posibilidades de reincidencia de \u00e9sta es el objetivo que persigue el Centro de Reeducaci\u00f3n de Hombres que Ejercen Violencia de Pareja. Dispositivo del programa de Atenci\u00f3n, Protecci\u00f3n y Reparaci\u00f3n en Violencia contra las Mujeres del Servicio Nacional de la Mujer y la Equidad de G\u00e9nero, SernamEG, que se ejecuta en convenio con la Municipalidad de Coyhaique.<\/p>\n<p style=\"font-weight: 400; text-align: justify;\">El Centro de Reeducaci\u00f3n de Hombres que Ejercen Violencia de Pareja &#8211; ubicado en calle Sim\u00f3n Bol\u00edvar n\u00famero 404, esquina Freire, Coyhaique &#8211; atendi\u00f3 el a\u00f1o 2020 a 35 hombres, a quienes se les prest\u00f3 cerca de 300 atenciones desde marzo a diciembre. En tanto, en el primer trimestre del presente a\u00f1o, ya se han realizado alrededor de 170 atenciones.<\/p>\n<p style=\"font-weight: 400; text-align: justify;\">Junto con destacar el trabajo de las y los profesionales del Centro, la Directora Regional de SernamEG, Elizabeth Guti\u00e9rrez Eggers, se refiri\u00f3 al trabajo de fondo que desarrolla, precisando que \u201ctal como siempre decimos que la violencia contra las mujeres es una problem\u00e1tica sociocultural; este fen\u00f3meno tiene una \u00edntima correlaci\u00f3n con la construcci\u00f3n de la identidad masculina que tambi\u00e9n es un proceso social y cultural. Por lo tanto, as\u00ed como se puede aprehender, se puede cuestionar y deconstruir. Justamente \u00e9sta es la base del proceso por el que pasan las personas que son atendidas; de esta forma se contribuye a revertir la transmisi\u00f3n transgeneracional y promover en el hombre que ejerce violencia un cambio hacia una relaci\u00f3n de pareja igualitaria, democr\u00e1tica, afectiva y satisfactoria\u201d.<\/p>\n<p style=\"font-weight: 400; text-align: justify;\">Por su parte, la Coordinadora del Centro de Reeducaci\u00f3n de Hombres, Paola Carrasco, dijo: \u201cdesde el inicio de la pandemia adoptamos la modalidad de atenci\u00f3n remota, lo que nos ha permitido ampliar la cobertura de atenci\u00f3n; llegando a territorios que antes eran impensados. Antes s\u00f3lo exist\u00eda la alternativa de atenci\u00f3n presencial, siendo el \u00fanico dispositivo de este tipo en la regi\u00f3n de Ays\u00e9n lo que era bastante complejo; sin embargo, en la actualidad contamos con todas las herramientas para continuar ofreciendo una atenci\u00f3n remota, especializada y de calidad para todos los hombres que sean derivados del \u00e1rea de justicia o aquellos que de forma voluntaria quieran iniciar un proceso de reeducaci\u00f3n\u201d.<\/p>\n<p style=\"font-weight: 400; text-align: justify;\">La apuesta \u00abreeducativa\u00bb consiste en una atenci\u00f3n psico-social especializada gratuita y confidencial en el que participan un\/a psic\u00f3logo\/a y un\/a asistente social. El Programa est\u00e1 destinado a mayores de 18 a\u00f1os que cumplan con los criterios de pre- ingreso establecidos. \u00c9ste puede ser a trav\u00e9s de Juzgados de Familia, Fiscal\u00eda y otras redes, adem\u00e1s de la demanda espont\u00e1nea.<\/p>\n<p style=\"font-weight: 400; text-align: justify;\">El modelo de trabajo del dispositivo contempla una primera fase que consiste en una evaluaci\u00f3n individual que se desarrolla en a lo menos 4 sesiones, en donde se realiza el encuadre de reglas y excepciones en un marco de confidencialidad. Se aplican instrumentos de evaluaci\u00f3n que recogen datos sobre la violencia, los riesgos, aspectos psicol\u00f3gicos y sociales de la persona. Luego, si se acepta su ingreso, pasa a la siguiente etapa con otras 4 sesiones tambi\u00e9n de car\u00e1cter individual que tiene por objetivo la conformaci\u00f3n de un v\u00ednculo y la co- construcci\u00f3n del plan personalizado de intervenci\u00f3n. Posteriormente, se accede a un grupo de primer nivel de 12 sesiones, donde se trabaja en la detenci\u00f3n, disminuci\u00f3n y eliminaci\u00f3n de la violencia f\u00edsica, amenazas e intimidaci\u00f3n, entre otras. Luego de esta fase, corresponde a un segundo nivel grupal con alrededor de 15 sesiones, cuyo objetivo es detener, disminuir y eliminar la violencia psicol\u00f3gica, el abuso emocional, el aislamiento, y se trabaja la deconstrucci\u00f3n del abuso econ\u00f3mico, entre otras materias. Una vez cumplidas las fases de intervenci\u00f3n se debe evaluar los resultados en relaci\u00f3n con los cambios de los comportamientos de violencia, por lo que se realiza una evaluaci\u00f3n grupal e individual. As\u00ed, se realiza un informe que determina la salida definitiva o egreso.<\/p>\n<p style=\"font-weight: 400; text-align: justify;\">Finalmente, para asegurar una respuesta coordinada e integral a la violencia, los centros de la mujer Ray\u00e9n en Coyhaique y Naa Alver\u00e9 en Puerto Ays\u00e9n trabajan de forma coordinada con el Centro de Reeducaci\u00f3n Hombres. De esta forma, se definen estrategias de abordaje de casos en com\u00fan.<\/p>\n<\/div><\/section><\/div><div  style='height:50px' class='hr hr-invisible   avia-builder-el-6  el_after_av_one_full  el_before_av_social_share '><span class='hr-inner ' ><span class='hr-inner-style'><\/span><\/span><\/div><\/p>\n<div  class='av-social-sharing-box  avia-builder-el-7  el_after_av_hr  el_before_av_hr  '><div class='av-share-box'><h5 class='av-share-link-description av-no-toc '>Compartir esta noticia<\/h5><ul class='av-share-box-list noLightbox'><li class='av-share-link av-social-link-facebook' ><a target=\"_blank\" aria-label=\"Compartir en Facebook\" href='https:\/\/www.facebook.com\/sharer.php?u=https:\/\/radiorevelacionfm.cl\/?p=3962&#038;t=En%20pandemia%20Centro%20de%20Reeducaci%C3%B3n%20de%20Hombres%20que%20Ejercen%20Violencia%20de%20Pareja%20aumenta%20cobertura%20de%20atenci%C3%B3n' aria-hidden='false' data-av_icon='\ue8f3' data-av_iconfont='entypo-fontello' title='' data-avia-related-tooltip='Compartir en Facebook' rel=\"noopener\"><span class='avia_hidden_link_text'>Compartir en Facebook<\/span><\/a><\/li><li class='av-share-link av-social-link-twitter' ><a target=\"_blank\" aria-label=\"Compartir en Twitter\" href='https:\/\/twitter.com\/share?text=En%20pandemia%20Centro%20de%20Reeducaci%C3%B3n%20de%20Hombres%20que%20Ejercen%20Violencia%20de%20Pareja%20aumenta%20cobertura%20de%20atenci%C3%B3n&#038;url=https:\/\/radiorevelacionfm.cl\/?p=3962' aria-hidden='false' data-av_icon='\ue8f1' data-av_iconfont='entypo-fontello' title='' data-avia-related-tooltip='Compartir en Twitter' rel=\"noopener\"><span class='avia_hidden_link_text'>Compartir en Twitter<\/span><\/a><\/li><li class='av-share-link av-social-link-whatsapp' ><a target=\"_blank\" aria-label=\"Compartir en Whatsapp\" href='https:\/\/api.whatsapp.com\/send?text=https:\/\/radiorevelacionfm.cl\/?p=3962' aria-hidden='false' data-av_icon='\uf232' data-av_iconfont='entypo-fontello' title='' data-avia-related-tooltip='Compartir en Whatsapp' rel=\"noopener\"><span class='avia_hidden_link_text'>Compartir en Whatsapp<\/span><\/a><\/li><li class='av-share-link av-social-link-linkedin' ><a target=\"_blank\" aria-label=\"Compartir en LinkedIn\" href='https:\/\/linkedin.com\/shareArticle?mini=true&#038;title=En%20pandemia%20Centro%20de%20Reeducaci%C3%B3n%20de%20Hombres%20que%20Ejercen%20Violencia%20de%20Pareja%20aumenta%20cobertura%20de%20atenci%C3%B3n&#038;url=https:\/\/radiorevelacionfm.cl\/?p=3962' aria-hidden='false' data-av_icon='\ue8fc' data-av_iconfont='entypo-fontello' title='' data-avia-related-tooltip='Compartir en LinkedIn' rel=\"noopener\"><span class='avia_hidden_link_text'>Compartir en LinkedIn<\/span><\/a><\/li><li class='av-share-link av-social-link-mail' ><a  aria-label=\"Compartir por correo\" href='mailto:?subject=En%20pandemia%20Centro%20de%20Reeducaci%C3%B3n%20de%20Hombres%20que%20Ejercen%20Violencia%20de%20Pareja%20aumenta%20cobertura%20de%20atenci%C3%B3n&#038;body=https:\/\/radiorevelacionfm.cl\/?p=3962' aria-hidden='false' data-av_icon='\ue805' data-av_iconfont='entypo-fontello' title='' data-avia-related-tooltip='Compartir por correo'><span class='avia_hidden_link_text'>Compartir por correo<\/span><\/a><\/li><\/ul><\/div><\/div>\n<div  style='height:50px' class='hr hr-invisible   avia-builder-el-8  el_after_av_social_share  el_before_av_comments_list '><span class='hr-inner ' ><span class='hr-inner-style'><\/span><\/span><\/div>\n<div  class='av-buildercomment  av-blog-meta-html-info-disabled av-blog-meta-tag-disabled  '><\/div>\n","protected":false},"excerpt":{"rendered":"","protected":false},"author":1,"featured_media":0,"comment_status":"open","ping_status":"open","sticky":false,"template":"","format":"standard","meta":{"footnotes":""},"categories":[38],"tags":[],"class_list":["post-3962","post","type-post","status-publish","format-standard","hentry","category-regional"],"jetpack_featured_media_url":"","_links":{"self":[{"href":"https:\/\/radiorevelacionfm.cl\/index.php?rest_route=\/wp\/v2\/posts\/3962","targetHints":{"allow":["GET"]}}],"collection":[{"href":"https:\/\/radiorevelacionfm.cl\/index.php?rest_route=\/wp\/v2\/posts"}],"about":[{"href":"https:\/\/radiorevelacionfm.cl\/index.php?rest_route=\/wp\/v2\/types\/post"}],"author":[{"embeddable":true,"href":"https:\/\/radiorevelacionfm.cl\/index.php?rest_route=\/wp\/v2\/users\/1"}],"replies":[{"embeddable":true,"href":"https:\/\/radiorevelacionfm.cl\/index.php?rest_route=%2Fwp%2Fv2%2Fcomments&post=3962"}],"version-history":[{"count":1,"href":"https:\/\/radiorevelacionfm.cl\/index.php?rest_route=\/wp\/v2\/posts\/3962\/revisions"}],"predecessor-version":[{"id":3964,"href":"https:\/\/radiorevelacionfm.cl\/index.php?rest_route=\/wp\/v2\/posts\/3962\/revisions\/3964"}],"wp:attachment":[{"href":"https:\/\/radiorevelacionfm.cl\/index.php?rest_route=%2Fwp%2Fv2%2Fmedia&parent=3962"}],"wp:term":[{"taxonomy":"category","embeddable":true,"href":"https:\/\/radiorevelacionfm.cl\/index.php?rest_route=%2Fwp%2Fv2%2Fcategories&post=3962"},{"taxonomy":"post_tag","embeddable":true,"href":"https:\/\/radiorevelacionfm.cl\/index.php?rest_route=%2Fwp%2Fv2%2Ftags&post=3962"}],"curies":[{"name":"wp","href":"https:\/\/api.w.org\/{rel}","templated":true}]}}