{"id":3959,"date":"2021-05-09T22:18:57","date_gmt":"2021-05-10T01:18:57","guid":{"rendered":"https:\/\/radiorevelacionfm.cl\/?p=3959"},"modified":"2021-05-09T22:18:57","modified_gmt":"2021-05-10T01:18:57","slug":"indagan-en-origen-y-causa-de-incendio-que-afecto-a-bodega-de-empresa-gestion-ambiente-en-coyhaique","status":"publish","type":"post","link":"https:\/\/radiorevelacionfm.cl\/?p=3959","title":{"rendered":"Indagan en origen y causa de incendio que afect\u00f3 a bodega de empresa Gesti\u00f3n Ambiente en Coyhaique"},"content":{"rendered":"<div class=\"flex_column av_one_full  flex_column_div av-zero-column-padding first  avia-builder-el-0  el_before_av_one_full  avia-builder-el-first  \" style='border-radius:0px; '><div  class='avia-image-container  av-styling-    avia-builder-el-1  avia-builder-el-no-sibling  avia-align-center '  itemprop=\"image\" itemscope=\"itemscope\" itemtype=\"https:\/\/schema.org\/ImageObject\"  ><div class='avia-image-container-inner'><div class='avia-image-overlay-wrap'><img decoding=\"async\" class='wp-image-3960 avia-img-lazy-loading-not-3960 avia_image' src=\"https:\/\/radiorevelacionfm.cl\/wp-content\/uploads\/2021\/05\/labocar_coyh2-1_optimized.jpg\" alt='' title='labocar_coyh2-(1)_optimized' height=\"720\" width=\"1280\"  itemprop=\"thumbnailUrl\" srcset=\"https:\/\/radiorevelacionfm.cl\/wp-content\/uploads\/2021\/05\/labocar_coyh2-1_optimized.jpg 1280w, https:\/\/radiorevelacionfm.cl\/wp-content\/uploads\/2021\/05\/labocar_coyh2-1_optimized-300x169.jpg 300w, https:\/\/radiorevelacionfm.cl\/wp-content\/uploads\/2021\/05\/labocar_coyh2-1_optimized-1030x579.jpg 1030w, https:\/\/radiorevelacionfm.cl\/wp-content\/uploads\/2021\/05\/labocar_coyh2-1_optimized-768x432.jpg 768w, https:\/\/radiorevelacionfm.cl\/wp-content\/uploads\/2021\/05\/labocar_coyh2-1_optimized-705x397.jpg 705w, https:\/\/radiorevelacionfm.cl\/wp-content\/uploads\/2021\/05\/labocar_coyh2-1_optimized-600x338.jpg 600w\" sizes=\"(max-width: 1280px) 100vw, 1280px\" \/><\/div><\/div><\/div><\/div><div class=\"flex_column av_one_full  flex_column_div av-zero-column-padding first  avia-builder-el-2  el_after_av_one_full  el_before_av_one_full  column-top-margin\" style='border-radius:0px; '><section class=\"av_textblock_section \"  itemscope=\"itemscope\" itemtype=\"https:\/\/schema.org\/BlogPosting\" itemprop=\"blogPost\" ><div class='avia_textblock  '   itemprop=\"text\" ><p style=\"text-align: center;\"><strong><span style=\"font-size: 18pt;\">Indagan en origen y causa de incendio que afect\u00f3 a bodega de empresa Gesti\u00f3n Ambiente en Coyhaique<\/span><\/strong><\/p>\n<div id=\"gtx-trans\" style=\"position: absolute; left: -50px; top: 4.31534px;\">\n<div class=\"gtx-trans-icon\"><\/div>\n<\/div>\n<\/div><\/section><\/div><div class=\"flex_column av_one_full  flex_column_div av-zero-column-padding first  avia-builder-el-4  el_after_av_one_full  el_before_av_hr  column-top-margin\" style='border-radius:0px; '><section class=\"av_textblock_section \"  itemscope=\"itemscope\" itemtype=\"https:\/\/schema.org\/BlogPosting\" itemprop=\"blogPost\" ><div class='avia_textblock  '   itemprop=\"text\" ><p class=\"v1MsoNormal\" style=\"text-align: justify;\">Los peritajes se desarrollan en coordinaci\u00f3n con la Fiscal\u00eda que dirige investigaci\u00f3n por este hecho.<\/p>\n<p class=\"v1MsoNormal\" style=\"text-align: justify;\">Identificar el origen y causa de un incendio estructural que destruy\u00f3 un galp\u00f3n con maquinaria y camiones de la empresa Gesti\u00f3n Ambiente \u2013encargada del retiro de basura y desechos domiciliarios- en la ciudad de Coyhaique, son las tareas a las que est\u00e1n abocados peritos del Laboratorio de Criminal\u00edstica de Carabineros (Labocar) que indaga esta emergencia en coordinaci\u00f3n con la Fiscal\u00eda.<\/p>\n<p class=\"v1MsoNormal\" style=\"text-align: justify;\">Alrededor de las 22:50 horas del viernes, tras la activaci\u00f3n de la alarma, las cuatro compa\u00f1\u00edas de Bomberos, Carabineros, el Samu y la Onemi se trasladaron hasta la intersecci\u00f3n de las calles Almirante Simpson con Alfonso Serrano, dada la magnitud del siniestro y el riesgo de propagaci\u00f3n a inmueble colindantes.<\/p>\n<p class=\"v1MsoNormal\" style=\"text-align: justify;\">Personal de la Primera Comisar\u00eda realiz\u00f3 el cierre de calles en las inmediaciones con la finalidad de facilitar el trabajo de los equipos de emergencia, sumado a la cooperaci\u00f3n en la evacuaci\u00f3n preventiva de domicilios colindantes.<\/p>\n<p class=\"v1MsoNormal\" style=\"text-align: justify;\">Una vez controlada la emergencia, al d\u00eda siguiente los peritos de Labocar se trasladaron al lugar de afectaci\u00f3n, donde se abocaron al desarrollo de diligencias de su especialidad, realizando la fijaci\u00f3n del sitio del suceso, sumado a levantamiento de muestras de material carbonizado y muestras de conductores el\u00e9ctricos con la finalidad de ser sometidos a pruebas de an\u00e1lisis qu\u00edmico.<\/p>\n<p class=\"v1MsoNormal\" style=\"text-align: justify;\">Asimismo, el personal especializado indag\u00f3 en el punto de origen del fuego, as\u00ed como la presencia o no de elementos acelerantes sumado a la direcci\u00f3n y velocidad de avance del fuego.<\/p>\n<p class=\"v1MsoNormal\" style=\"text-align: justify;\">Pese a la magnitud de las llamas, no se registraron personas lesionadas, no obstante, la estructura result\u00f3 con da\u00f1os de consideraci\u00f3n, sumando a la p\u00e9rdida total de 8 camiones recolectores de basura aparcados al interior.<\/p>\n<p class=\"v1MsoNormal\" style=\"text-align: justify;\">Los resultados de los peritajes ser\u00e1n informados de manera directa a la Fiscal\u00eda que dirige investigaci\u00f3n por este lamentable hecho.<\/p>\n<\/div><\/section><\/div><div  style='height:50px' class='hr hr-invisible   avia-builder-el-6  el_after_av_one_full  el_before_av_social_share '><span class='hr-inner ' ><span class='hr-inner-style'><\/span><\/span><\/div><\/p>\n<div  class='av-social-sharing-box  avia-builder-el-7  el_after_av_hr  el_before_av_hr  '><div class='av-share-box'><h5 class='av-share-link-description av-no-toc '>Compartir esta noticia<\/h5><ul class='av-share-box-list noLightbox'><li class='av-share-link av-social-link-facebook' ><a target=\"_blank\" aria-label=\"Compartir en Facebook\" href='https:\/\/www.facebook.com\/sharer.php?u=https:\/\/radiorevelacionfm.cl\/?p=3959&#038;t=Indagan%20en%20origen%20y%20causa%20de%20incendio%20que%20afect%C3%B3%20a%20bodega%20de%20empresa%20Gesti%C3%B3n%20Ambiente%20en%20Coyhaique' aria-hidden='false' data-av_icon='\ue8f3' data-av_iconfont='entypo-fontello' title='' data-avia-related-tooltip='Compartir en Facebook' rel=\"noopener\"><span class='avia_hidden_link_text'>Compartir en Facebook<\/span><\/a><\/li><li class='av-share-link av-social-link-twitter' ><a target=\"_blank\" aria-label=\"Compartir en Twitter\" href='https:\/\/twitter.com\/share?text=Indagan%20en%20origen%20y%20causa%20de%20incendio%20que%20afect%C3%B3%20a%20bodega%20de%20empresa%20Gesti%C3%B3n%20Ambiente%20en%20Coyhaique&#038;url=https:\/\/radiorevelacionfm.cl\/?p=3959' aria-hidden='false' data-av_icon='\ue8f1' data-av_iconfont='entypo-fontello' title='' data-avia-related-tooltip='Compartir en Twitter' rel=\"noopener\"><span class='avia_hidden_link_text'>Compartir en Twitter<\/span><\/a><\/li><li class='av-share-link av-social-link-whatsapp' ><a target=\"_blank\" aria-label=\"Compartir en Whatsapp\" href='https:\/\/api.whatsapp.com\/send?text=https:\/\/radiorevelacionfm.cl\/?p=3959' aria-hidden='false' data-av_icon='\uf232' data-av_iconfont='entypo-fontello' title='' data-avia-related-tooltip='Compartir en Whatsapp' rel=\"noopener\"><span class='avia_hidden_link_text'>Compartir en Whatsapp<\/span><\/a><\/li><li class='av-share-link av-social-link-linkedin' ><a target=\"_blank\" aria-label=\"Compartir en LinkedIn\" href='https:\/\/linkedin.com\/shareArticle?mini=true&#038;title=Indagan%20en%20origen%20y%20causa%20de%20incendio%20que%20afect%C3%B3%20a%20bodega%20de%20empresa%20Gesti%C3%B3n%20Ambiente%20en%20Coyhaique&#038;url=https:\/\/radiorevelacionfm.cl\/?p=3959' aria-hidden='false' data-av_icon='\ue8fc' data-av_iconfont='entypo-fontello' title='' data-avia-related-tooltip='Compartir en LinkedIn' rel=\"noopener\"><span class='avia_hidden_link_text'>Compartir en LinkedIn<\/span><\/a><\/li><li class='av-share-link av-social-link-mail' ><a  aria-label=\"Compartir por correo\" href='mailto:?subject=Indagan%20en%20origen%20y%20causa%20de%20incendio%20que%20afect%C3%B3%20a%20bodega%20de%20empresa%20Gesti%C3%B3n%20Ambiente%20en%20Coyhaique&#038;body=https:\/\/radiorevelacionfm.cl\/?p=3959' aria-hidden='false' data-av_icon='\ue805' data-av_iconfont='entypo-fontello' title='' data-avia-related-tooltip='Compartir por correo'><span class='avia_hidden_link_text'>Compartir por correo<\/span><\/a><\/li><\/ul><\/div><\/div>\n<div  style='height:50px' class='hr hr-invisible   avia-builder-el-8  el_after_av_social_share  el_before_av_comments_list '><span class='hr-inner ' ><span class='hr-inner-style'><\/span><\/span><\/div>\n<div  class='av-buildercomment  av-blog-meta-html-info-disabled av-blog-meta-tag-disabled  '><\/div>\n","protected":false},"excerpt":{"rendered":"","protected":false},"author":1,"featured_media":3960,"comment_status":"open","ping_status":"open","sticky":false,"template":"","format":"standard","meta":{"footnotes":""},"categories":[36],"tags":[],"class_list":["post-3959","post","type-post","status-publish","format-standard","has-post-thumbnail","hentry","category-policial"],"jetpack_featured_media_url":"https:\/\/radiorevelacionfm.cl\/wp-content\/uploads\/2021\/05\/labocar_coyh2-1_optimized.jpg","_links":{"self":[{"href":"https:\/\/radiorevelacionfm.cl\/index.php?rest_route=\/wp\/v2\/posts\/3959","targetHints":{"allow":["GET"]}}],"collection":[{"href":"https:\/\/radiorevelacionfm.cl\/index.php?rest_route=\/wp\/v2\/posts"}],"about":[{"href":"https:\/\/radiorevelacionfm.cl\/index.php?rest_route=\/wp\/v2\/types\/post"}],"author":[{"embeddable":true,"href":"https:\/\/radiorevelacionfm.cl\/index.php?rest_route=\/wp\/v2\/users\/1"}],"replies":[{"embeddable":true,"href":"https:\/\/radiorevelacionfm.cl\/index.php?rest_route=%2Fwp%2Fv2%2Fcomments&post=3959"}],"version-history":[{"count":1,"href":"https:\/\/radiorevelacionfm.cl\/index.php?rest_route=\/wp\/v2\/posts\/3959\/revisions"}],"predecessor-version":[{"id":3961,"href":"https:\/\/radiorevelacionfm.cl\/index.php?rest_route=\/wp\/v2\/posts\/3959\/revisions\/3961"}],"wp:featuredmedia":[{"embeddable":true,"href":"https:\/\/radiorevelacionfm.cl\/index.php?rest_route=\/wp\/v2\/media\/3960"}],"wp:attachment":[{"href":"https:\/\/radiorevelacionfm.cl\/index.php?rest_route=%2Fwp%2Fv2%2Fmedia&parent=3959"}],"wp:term":[{"taxonomy":"category","embeddable":true,"href":"https:\/\/radiorevelacionfm.cl\/index.php?rest_route=%2Fwp%2Fv2%2Fcategories&post=3959"},{"taxonomy":"post_tag","embeddable":true,"href":"https:\/\/radiorevelacionfm.cl\/index.php?rest_route=%2Fwp%2Fv2%2Ftags&post=3959"}],"curies":[{"name":"wp","href":"https:\/\/api.w.org\/{rel}","templated":true}]}}