{"id":39569,"date":"2024-02-12T21:22:06","date_gmt":"2024-02-13T00:22:06","guid":{"rendered":"https:\/\/radiorevelacionfm.cl\/?p=39569"},"modified":"2024-02-12T22:44:53","modified_gmt":"2024-02-13T01:44:53","slug":"un-80-de-avance-presenta-construccion-de-planta-de-pellet-de-coyhaique","status":"publish","type":"post","link":"https:\/\/radiorevelacionfm.cl\/?p=39569","title":{"rendered":"Un 80% de avance presenta construcci\u00f3n de planta de pellet de Coyhaique"},"content":{"rendered":"<div class=\"flex_column av_one_full  flex_column_div av-zero-column-padding first  avia-builder-el-0  el_before_av_one_full  avia-builder-el-first  \" style='border-radius:0px; '><div  class='avia-image-container  av-styling-    avia-builder-el-1  avia-builder-el-no-sibling  avia-align-center '  itemprop=\"image\" itemscope=\"itemscope\" itemtype=\"https:\/\/schema.org\/ImageObject\"  ><div class='avia-image-container-inner'><div class='avia-image-overlay-wrap'><img decoding=\"async\" class='wp-image-39570 avia-img-lazy-loading-not-39570 avia_image' src=\"https:\/\/radiorevelacionfm.cl\/wp-content\/uploads\/2024\/02\/4-20-1-2.jpeg\" alt='' title='4 (20) (1) (2)' height=\"600\" width=\"900\"  itemprop=\"thumbnailUrl\" srcset=\"https:\/\/radiorevelacionfm.cl\/wp-content\/uploads\/2024\/02\/4-20-1-2.jpeg 900w, https:\/\/radiorevelacionfm.cl\/wp-content\/uploads\/2024\/02\/4-20-1-2-300x200.jpeg 300w, https:\/\/radiorevelacionfm.cl\/wp-content\/uploads\/2024\/02\/4-20-1-2-768x512.jpeg 768w, https:\/\/radiorevelacionfm.cl\/wp-content\/uploads\/2024\/02\/4-20-1-2-705x470.jpeg 705w, https:\/\/radiorevelacionfm.cl\/wp-content\/uploads\/2024\/02\/4-20-1-2-450x300.jpeg 450w, https:\/\/radiorevelacionfm.cl\/wp-content\/uploads\/2024\/02\/4-20-1-2-600x400.jpeg 600w\" sizes=\"(max-width: 900px) 100vw, 900px\" \/><\/div><\/div><\/div><\/div><div class=\"flex_column av_one_full  flex_column_div av-zero-column-padding first  avia-builder-el-2  el_after_av_one_full  el_before_av_one_full  column-top-margin\" style='border-radius:0px; '><section class=\"av_textblock_section \"  itemscope=\"itemscope\" itemtype=\"https:\/\/schema.org\/BlogPosting\" itemprop=\"blogPost\" ><div class='avia_textblock  '   itemprop=\"text\" ><p style=\"text-align: center;\"><span style=\"font-size: 18pt;\"><b>Un 80% de avance presenta construcci\u00f3n de planta de pellet de Coyhaique<\/b><\/span><\/p>\n<div id=\"gtx-trans\" style=\"position: absolute; left: -50px; top: 4.31534px;\">\n<div class=\"gtx-trans-icon\"><\/div>\n<\/div>\n<\/div><\/section><\/div><\/p>\n<div class=\"flex_column av_one_full  flex_column_div av-zero-column-padding first  avia-builder-el-4  el_after_av_one_full  el_before_av_hr  column-top-margin\" style='border-radius:0px; '><section class=\"av_textblock_section \"  itemscope=\"itemscope\" itemtype=\"https:\/\/schema.org\/BlogPosting\" itemprop=\"blogPost\" ><div class='avia_textblock  '   itemprop=\"text\" ><p style=\"font-weight: 400; text-align: justify;\"><em>La delegada presidencial regional (s.) Tatiana Pl\u00e1 y el seremi de energ\u00eda, Carlos D\u00edaz, constataron en terreno la construcci\u00f3n de la planta de pellet, en la comuna de Coyhaique.<\/em><\/p>\n<p style=\"font-weight: 400; text-align: justify;\">En el camino hacia localidad de Villa Ortega, a pocos kil\u00f3metros de la capital regional, las autoridades se reunieron con los representantes de la empresa Ecomas, quienes informaron que el proceso de instalaci\u00f3n del recinto se encuentra avanzado en un 80%.<\/p>\n<p style=\"font-weight: 400; text-align: justify;\">Los ejecutivos de la empresa se\u00f1alaron que su proyecci\u00f3n es que, cuando entre en funcionamiento, esta instalaci\u00f3n sea capaz de cubrir el 100% de la demanda regional de pellet durante al menos 5 a\u00f1os, no obstante tener considerado en su dise\u00f1o un eventual crecimiento en sus capacidades.<\/p>\n<p style=\"font-weight: 400; text-align: justify;\">En cuanto a la materia prima, la empresa considera emplear pino, lo que en su opini\u00f3n permitir\u00e1 activar la industria para este producto, al organizarse con propietarios y peque\u00f1os propietarios para comprar en forma sistem\u00e1tica, abriendo la puerta a un poder de compra en la planta, mencion\u00e1ndose que ya se ha avanzado en adquirir madera suficiente para funcionar durante los dos primeros a\u00f1os.<\/p>\n<p style=\"font-weight: 400; text-align: justify;\">\u201cComo gobierno estamos muy contentos por el gran trabajo que est\u00e1 realizando Ecomas en la regi\u00f3n de Ays\u00e9n, como una m\u00e1s de todas las acciones que el gobierno est\u00e1 potenciando en nuestra regi\u00f3n. Recordamos que el recambio de calefactores ahora involucra a Coyhaique y tambi\u00e9n a Cochrane y Ays\u00e9n, y por eso la preocupaci\u00f3n del gobierno por seguir con el recambio de calefactores y estar atentos a que esta empresa privada va a sumarse a la descontaminaci\u00f3n de la regi\u00f3n de Ays\u00e9n\u201d, se\u00f1al\u00f3 en el marco de esta visita, la delegada (s.) Tatiana Pl\u00e1.<\/p>\n<p style=\"font-weight: 400; text-align: justify;\">Por su parte, el seremi de energ\u00eda, Carlos D\u00edaz, coment\u00f3 que la entrada en funcionamiento de esta planta permitir\u00e1 fortalecer el pellet como alternativa para calefacci\u00f3n. \u201cVa a tener impacto en la descontaminaci\u00f3n de las ciudades m\u00e1s contaminadas que tenemos, como Coyhaique, Cochrane y Puerto Ays\u00e9n.<\/p>\n<p style=\"font-weight: 400; text-align: justify;\">Es una alternativa real a la le\u00f1a. En los lugares urbanos tenemos cerca de un 80% de los hogares calefaccion\u00e1ndose con le\u00f1a y generalmente no hay acceso a le\u00f1a seca y el pellet comparado incluso con la le\u00f1a m\u00e1s seca, es varias veces menos contaminante en material particulado, entonces esto es una muy buena noticia en la expectativa que tenemos como gobierno\u201d, indic\u00f3 el seremi.<\/p>\n<p style=\"font-weight: 400; text-align: justify;\">El gerente general de Ecomas, Felipe Salazar, destac\u00f3 el avance que presenta la instalaci\u00f3n de la planta, considerando que los trabajos se iniciaron hace menos de un a\u00f1o. \u201cEsta es una planta que tiene una capacidad de hasta 50 mil toneladas al a\u00f1o y con eso se puede abastecer a la d\u00e9cima regi\u00f3n y la regi\u00f3n de Ays\u00e9n en forma completa. Por lo tanto es una planta bastante grande para la zona. Espec\u00edficamente en la regi\u00f3n de Ays\u00e9n se queman aproximadamente 16 mil toneladas. Lo remarco porque vamos a lograr que desaparezca el miedo a la escases y el miedo al quiebre de stock\u201d, asegur\u00f3 el representante de la empresa.<\/p>\n<p style=\"font-weight: 400; text-align: justify;\">El ejecutivo afirm\u00f3 que ya cuentan con stock de materia prima en el recinto para producir cerca de 30 mil toneladas de pellet, lo que debiera iniciarse durante la primera semana de abril de este a\u00f1o.<\/p>\n<p style=\"font-weight: 400; text-align: justify;\">Felipe Salazar inform\u00f3 que esperan que el producto presente una disminuci\u00f3n en sus precios en la regi\u00f3n, comentando que ya aplicaron un de un 20% a las bolsas que comercializan y que producen en otras plantas del pa\u00eds, puesto que la bolsa que se vend\u00eda en $6.500 est\u00e1 siendo vendida en $4.990 y con entrega a domicilio.<\/p>\n<\/div><\/section><\/div>\n<div  style='height:50px' class='hr hr-invisible   avia-builder-el-6  el_after_av_one_full  el_before_av_social_share '><span class='hr-inner ' ><span class='hr-inner-style'><\/span><\/span><\/div>\n<div  class='av-social-sharing-box  avia-builder-el-7  el_after_av_hr  el_before_av_hr  '><div class='av-share-box'><h5 class='av-share-link-description av-no-toc '>Compartir esta noticia<\/h5><ul class='av-share-box-list noLightbox'><li class='av-share-link av-social-link-facebook' ><a target=\"_blank\" aria-label=\"Compartir en Facebook\" href='https:\/\/www.facebook.com\/sharer.php?u=https:\/\/radiorevelacionfm.cl\/?p=39569&#038;t=Un%2080%25%20de%20avance%20presenta%20construcci%C3%B3n%20de%20planta%20de%20pellet%20de%20Coyhaique' aria-hidden='false' data-av_icon='\ue8f3' data-av_iconfont='entypo-fontello' title='' data-avia-related-tooltip='Compartir en Facebook' rel=\"noopener\"><span class='avia_hidden_link_text'>Compartir en Facebook<\/span><\/a><\/li><li class='av-share-link av-social-link-twitter' ><a target=\"_blank\" aria-label=\"Compartir en Twitter\" href='https:\/\/twitter.com\/share?text=Un%2080%25%20de%20avance%20presenta%20construcci%C3%B3n%20de%20planta%20de%20pellet%20de%20Coyhaique&#038;url=https:\/\/radiorevelacionfm.cl\/?p=39569' aria-hidden='false' data-av_icon='\ue8f1' data-av_iconfont='entypo-fontello' title='' data-avia-related-tooltip='Compartir en Twitter' rel=\"noopener\"><span class='avia_hidden_link_text'>Compartir en Twitter<\/span><\/a><\/li><li class='av-share-link av-social-link-whatsapp' ><a target=\"_blank\" aria-label=\"Compartir en Whatsapp\" href='https:\/\/api.whatsapp.com\/send?text=https:\/\/radiorevelacionfm.cl\/?p=39569' aria-hidden='false' data-av_icon='\uf232' data-av_iconfont='entypo-fontello' title='' data-avia-related-tooltip='Compartir en Whatsapp' rel=\"noopener\"><span class='avia_hidden_link_text'>Compartir en Whatsapp<\/span><\/a><\/li><li class='av-share-link av-social-link-linkedin' ><a target=\"_blank\" aria-label=\"Compartir en LinkedIn\" href='https:\/\/linkedin.com\/shareArticle?mini=true&#038;title=Un%2080%25%20de%20avance%20presenta%20construcci%C3%B3n%20de%20planta%20de%20pellet%20de%20Coyhaique&#038;url=https:\/\/radiorevelacionfm.cl\/?p=39569' aria-hidden='false' data-av_icon='\ue8fc' data-av_iconfont='entypo-fontello' title='' data-avia-related-tooltip='Compartir en LinkedIn' rel=\"noopener\"><span class='avia_hidden_link_text'>Compartir en LinkedIn<\/span><\/a><\/li><li class='av-share-link av-social-link-mail' ><a  aria-label=\"Compartir por correo\" href='mailto:?subject=Un%2080%25%20de%20avance%20presenta%20construcci%C3%B3n%20de%20planta%20de%20pellet%20de%20Coyhaique&#038;body=https:\/\/radiorevelacionfm.cl\/?p=39569' aria-hidden='false' data-av_icon='\ue805' data-av_iconfont='entypo-fontello' title='' data-avia-related-tooltip='Compartir por correo'><span class='avia_hidden_link_text'>Compartir por correo<\/span><\/a><\/li><\/ul><\/div><\/div>\n<div  style='height:50px' class='hr hr-invisible   avia-builder-el-8  el_after_av_social_share  el_before_av_comments_list '><span class='hr-inner ' ><span class='hr-inner-style'><\/span><\/span><\/div>\n<div  class='av-buildercomment  av-blog-meta-html-info-disabled av-blog-meta-tag-disabled  '><\/div>\n","protected":false},"excerpt":{"rendered":"","protected":false},"author":1,"featured_media":39570,"comment_status":"open","ping_status":"open","sticky":false,"template":"","format":"standard","meta":{"footnotes":""},"categories":[1],"tags":[],"class_list":["post-39569","post","type-post","status-publish","format-standard","has-post-thumbnail","hentry","category-sin-categoria"],"jetpack_featured_media_url":"https:\/\/radiorevelacionfm.cl\/wp-content\/uploads\/2024\/02\/4-20-1-2.jpeg","_links":{"self":[{"href":"https:\/\/radiorevelacionfm.cl\/index.php?rest_route=\/wp\/v2\/posts\/39569","targetHints":{"allow":["GET"]}}],"collection":[{"href":"https:\/\/radiorevelacionfm.cl\/index.php?rest_route=\/wp\/v2\/posts"}],"about":[{"href":"https:\/\/radiorevelacionfm.cl\/index.php?rest_route=\/wp\/v2\/types\/post"}],"author":[{"embeddable":true,"href":"https:\/\/radiorevelacionfm.cl\/index.php?rest_route=\/wp\/v2\/users\/1"}],"replies":[{"embeddable":true,"href":"https:\/\/radiorevelacionfm.cl\/index.php?rest_route=%2Fwp%2Fv2%2Fcomments&post=39569"}],"version-history":[{"count":1,"href":"https:\/\/radiorevelacionfm.cl\/index.php?rest_route=\/wp\/v2\/posts\/39569\/revisions"}],"predecessor-version":[{"id":39575,"href":"https:\/\/radiorevelacionfm.cl\/index.php?rest_route=\/wp\/v2\/posts\/39569\/revisions\/39575"}],"wp:featuredmedia":[{"embeddable":true,"href":"https:\/\/radiorevelacionfm.cl\/index.php?rest_route=\/wp\/v2\/media\/39570"}],"wp:attachment":[{"href":"https:\/\/radiorevelacionfm.cl\/index.php?rest_route=%2Fwp%2Fv2%2Fmedia&parent=39569"}],"wp:term":[{"taxonomy":"category","embeddable":true,"href":"https:\/\/radiorevelacionfm.cl\/index.php?rest_route=%2Fwp%2Fv2%2Fcategories&post=39569"},{"taxonomy":"post_tag","embeddable":true,"href":"https:\/\/radiorevelacionfm.cl\/index.php?rest_route=%2Fwp%2Fv2%2Ftags&post=39569"}],"curies":[{"name":"wp","href":"https:\/\/api.w.org\/{rel}","templated":true}]}}