{"id":39565,"date":"2024-02-12T20:01:45","date_gmt":"2024-02-12T23:01:45","guid":{"rendered":"https:\/\/radiorevelacionfm.cl\/?p=39565"},"modified":"2024-02-12T20:01:45","modified_gmt":"2024-02-12T23:01:45","slug":"fiscalizan-ruta-aysen-coyhaique-para-concientizar-sobre-autocuidado-en-las-rutas-de-aysen","status":"publish","type":"post","link":"https:\/\/radiorevelacionfm.cl\/?p=39565","title":{"rendered":"Fiscalizan ruta Ays\u00e9n &#8211; Coyhaique para concientizar sobre  autocuidado en las rutas de Ays\u00e9n"},"content":{"rendered":"<div class=\"flex_column av_one_full  flex_column_div av-zero-column-padding first  avia-builder-el-0  el_before_av_one_full  avia-builder-el-first  \" style='border-radius:0px; '><div  class='avia-image-container  av-styling-    avia-builder-el-1  avia-builder-el-no-sibling  avia-align-center '  itemprop=\"image\" itemscope=\"itemscope\" itemtype=\"https:\/\/schema.org\/ImageObject\"  ><div class='avia-image-container-inner'><div class='avia-image-overlay-wrap'><img decoding=\"async\" class='wp-image-39566 avia-img-lazy-loading-not-39566 avia_image' src=\"https:\/\/radiorevelacionfm.cl\/wp-content\/uploads\/2024\/02\/DSC_7288-1-1.jpg\" alt='' title='DSC_7288 (1) (1)' height=\"600\" width=\"903\"  itemprop=\"thumbnailUrl\" srcset=\"https:\/\/radiorevelacionfm.cl\/wp-content\/uploads\/2024\/02\/DSC_7288-1-1.jpg 903w, https:\/\/radiorevelacionfm.cl\/wp-content\/uploads\/2024\/02\/DSC_7288-1-1-300x199.jpg 300w, https:\/\/radiorevelacionfm.cl\/wp-content\/uploads\/2024\/02\/DSC_7288-1-1-768x510.jpg 768w, https:\/\/radiorevelacionfm.cl\/wp-content\/uploads\/2024\/02\/DSC_7288-1-1-705x468.jpg 705w, https:\/\/radiorevelacionfm.cl\/wp-content\/uploads\/2024\/02\/DSC_7288-1-1-450x299.jpg 450w, https:\/\/radiorevelacionfm.cl\/wp-content\/uploads\/2024\/02\/DSC_7288-1-1-600x399.jpg 600w\" sizes=\"(max-width: 903px) 100vw, 903px\" \/><\/div><\/div><\/div><\/div><div class=\"flex_column av_one_full  flex_column_div av-zero-column-padding first  avia-builder-el-2  el_after_av_one_full  el_before_av_one_full  column-top-margin\" style='border-radius:0px; '><section class=\"av_textblock_section \"  itemscope=\"itemscope\" itemtype=\"https:\/\/schema.org\/BlogPosting\" itemprop=\"blogPost\" ><div class='avia_textblock  '   itemprop=\"text\" ><p style=\"font-weight: 400; text-align: center;\"><span style=\"font-size: 18pt;\"><strong>Fiscalizan ruta Ays\u00e9n &#8211; Coyhaique para concientizar sobre <\/strong><strong>autocuidado en las rutas de Ays\u00e9n<\/strong><\/span><\/p>\n<div id=\"gtx-trans\" style=\"position: absolute; left: -50px; top: 4.31534px;\">\n<div class=\"gtx-trans-icon\"><\/div>\n<\/div>\n<\/div><\/section><\/div><div class=\"flex_column av_one_full  flex_column_div av-zero-column-padding first  avia-builder-el-4  el_after_av_one_full  el_before_av_hr  column-top-margin\" style='border-radius:0px; '><section class=\"av_textblock_section \"  itemscope=\"itemscope\" itemtype=\"https:\/\/schema.org\/BlogPosting\" itemprop=\"blogPost\" ><div class='avia_textblock  '   itemprop=\"text\" ><p style=\"text-align: justify;\"><em>En un operativo coordinado por la Comisi\u00f3n Regional de Seguridad de Tr\u00e1nsito (Coreset), se realizaron controles de velocidad y testeo de alcohol y drogas. Autoridades reforzaron mensajes de prevenci\u00f3n de siniestros viales.<\/em><\/p>\n<p style=\"text-align: justify;\">Como parte de las acciones preventivas ante el aumento de siniestros viales en el mes de enero en la provincia de Ays\u00e9n, la Comisi\u00f3n Regional de Seguridad de Tr\u00e1nsito, Coreset, planific\u00f3 una serie de acciones encaminadas a la prevenci\u00f3n. Dentro de ellas, una arista fundamental es el control de tr\u00e1nsito, instancia disuasiva que adem\u00e1s permite reiterar a conductores aspectos fundamentales de la conducci\u00f3n segura, tales como la prohibici\u00f3n de consumir alcohol al volante o el respeto a los l\u00edmites de velocidad.<\/p>\n<p style=\"text-align: justify;\">De esta forma SeremiTT, Carabineros, Senda, Fiscalizaci\u00f3n MTT, y seguridad p\u00fablica del municipio de Ays\u00e9n, se unieron en un operativo conjunto, que se ubic\u00f3 en la ruta Ays\u00e9n \u2013 Coyhaique km.12, en donde Carabineros ejecut\u00f3 control de velocidad y el equipo de Senda, alcotest y narcotest. La instancia adem\u00e1s fue oportunidad para entregar a los conductores mensajes de autocuidado en las v\u00edas.<\/p>\n<p style=\"text-align: justify;\">El seremiTT Hans Zimmermann, se\u00f1al\u00f3 que s\u00f3lo en el mes de enero se registraron 4 muertes a causa de siniestros viales en la regi\u00f3n, adem\u00e1s del caso de un conductor en estado de ebriedad, que se dio a la fuga en las calles de Coyhaique:<\/p>\n<p style=\"text-align: justify;\">\u201cEsto constituye una real preocupaci\u00f3n para nuestro gobierno y para el Ministerio de Transportes y Telecomunicaciones en particular. Por ello hemos decidido actuar coordinados junto a las dem\u00e1s instituciones para garantizar la seguridad vial de los transe\u00fantes, de las personas que circulan por las rutas y caminos de nuestra regi\u00f3n y tambi\u00e9n para quienes visitan Ays\u00e9n en temporada estival\u201d.<\/p>\n<p style=\"text-align: justify;\">Desde la SIAT, el teniente Manuel C\u00e1ceres, tambi\u00e9n se refiri\u00f3 a otro aspecto inquietante de las cifras de accidentabilidad, \u00a0\u201clos siniestros viales con resultados fatales ya superan en un 50% del total que tuvimos en el a\u00f1o 2023, en que fueron ocho. Recordamos a todos los usuarios de las v\u00edas que al transitar deben respetar las normas del tr\u00e1nsito. Espec\u00edficamente, respetar la velocidad m\u00e1xima permitida, como asimismo conducir atentos a las condiciones del tr\u00e1nsito del momento\u201d.<\/p>\n<p style=\"text-align: justify;\">En esta tarea, el rol preventivo y fiscalizador de Senda es fundamental dado el alto riesgo que supone un conductor que ha consumido bebidas alcoh\u00f3licas. Incentivar el control social y el llamado a dejar de normalizar estas conductas irresponsables, forma parte de su mensaje. \u201cEn el marco del programa Tolerancia Cero es importante poder reforzar medidas de autocuidado que permitan, proteger y velar por poder reducir aquellos factores que se constituyen en un riesgo, como es el consumo de alcohol u otras drogas y la conducci\u00f3n. La fiscalizaci\u00f3n con nuestros seres queridos, es la m\u00e1s importante\u201d, enfatiz\u00f3 la directora de Senda, Victoria Contreras.<\/p>\n<p style=\"text-align: justify;\">Dado que de las 4 personas fallecidas en las rutas de la regi\u00f3n, 3 casos se produjeron en la comuna de Ays\u00e9n, el municipio tambi\u00e9n se hizo parte de esta iniciativa a trav\u00e9s de su oficina de seguridad p\u00fablica, dirigida por Marco Co\u00f1uecar. \u201cComo municipio estamos comprometidos con la seguridad de nuestros vecinos, esperamos que estos controles se repliquen en diferentes puntos de la comuna. Buscamos educar y tambi\u00e9n fiscalizar junto a nuestros inspectores de seguridad p\u00fablica. Esperamos que podamos mejorar la educaci\u00f3n de nuestros conductores y con ello trabajar y demostrar que el municipio est\u00e1 comprometido con la seguridad\u201d.<\/p>\n<\/div><\/section><\/div><div  style='height:50px' class='hr hr-invisible   avia-builder-el-6  el_after_av_one_full  el_before_av_social_share '><span class='hr-inner ' ><span class='hr-inner-style'><\/span><\/span><\/div><\/p>\n<div  class='av-social-sharing-box  avia-builder-el-7  el_after_av_hr  el_before_av_hr  '><div class='av-share-box'><h5 class='av-share-link-description av-no-toc '>Compartir esta noticia<\/h5><ul class='av-share-box-list noLightbox'><li class='av-share-link av-social-link-facebook' ><a target=\"_blank\" aria-label=\"Compartir en Facebook\" href='https:\/\/www.facebook.com\/sharer.php?u=https:\/\/radiorevelacionfm.cl\/?p=39565&#038;t=Fiscalizan%20ruta%20Ays%C3%A9n%20%E2%80%93%20Coyhaique%20para%20concientizar%20sobre%20%20autocuidado%20en%20las%20rutas%20de%20Ays%C3%A9n' aria-hidden='false' data-av_icon='\ue8f3' data-av_iconfont='entypo-fontello' title='' data-avia-related-tooltip='Compartir en Facebook' rel=\"noopener\"><span class='avia_hidden_link_text'>Compartir en Facebook<\/span><\/a><\/li><li class='av-share-link av-social-link-twitter' ><a target=\"_blank\" aria-label=\"Compartir en Twitter\" href='https:\/\/twitter.com\/share?text=Fiscalizan%20ruta%20Ays%C3%A9n%20%E2%80%93%20Coyhaique%20para%20concientizar%20sobre%20%20autocuidado%20en%20las%20rutas%20de%20Ays%C3%A9n&#038;url=https:\/\/radiorevelacionfm.cl\/?p=39565' aria-hidden='false' data-av_icon='\ue8f1' data-av_iconfont='entypo-fontello' title='' data-avia-related-tooltip='Compartir en Twitter' rel=\"noopener\"><span class='avia_hidden_link_text'>Compartir en Twitter<\/span><\/a><\/li><li class='av-share-link av-social-link-whatsapp' ><a target=\"_blank\" aria-label=\"Compartir en Whatsapp\" href='https:\/\/api.whatsapp.com\/send?text=https:\/\/radiorevelacionfm.cl\/?p=39565' aria-hidden='false' data-av_icon='\uf232' data-av_iconfont='entypo-fontello' title='' data-avia-related-tooltip='Compartir en Whatsapp' rel=\"noopener\"><span class='avia_hidden_link_text'>Compartir en Whatsapp<\/span><\/a><\/li><li class='av-share-link av-social-link-linkedin' ><a target=\"_blank\" aria-label=\"Compartir en LinkedIn\" href='https:\/\/linkedin.com\/shareArticle?mini=true&#038;title=Fiscalizan%20ruta%20Ays%C3%A9n%20%E2%80%93%20Coyhaique%20para%20concientizar%20sobre%20%20autocuidado%20en%20las%20rutas%20de%20Ays%C3%A9n&#038;url=https:\/\/radiorevelacionfm.cl\/?p=39565' aria-hidden='false' data-av_icon='\ue8fc' data-av_iconfont='entypo-fontello' title='' data-avia-related-tooltip='Compartir en LinkedIn' rel=\"noopener\"><span class='avia_hidden_link_text'>Compartir en LinkedIn<\/span><\/a><\/li><li class='av-share-link av-social-link-mail' ><a  aria-label=\"Compartir por correo\" href='mailto:?subject=Fiscalizan%20ruta%20Ays%C3%A9n%20%E2%80%93%20Coyhaique%20para%20concientizar%20sobre%20%20autocuidado%20en%20las%20rutas%20de%20Ays%C3%A9n&#038;body=https:\/\/radiorevelacionfm.cl\/?p=39565' aria-hidden='false' data-av_icon='\ue805' data-av_iconfont='entypo-fontello' title='' data-avia-related-tooltip='Compartir por correo'><span class='avia_hidden_link_text'>Compartir por correo<\/span><\/a><\/li><\/ul><\/div><\/div>\n<div  style='height:50px' class='hr hr-invisible   avia-builder-el-8  el_after_av_social_share  el_before_av_comments_list '><span class='hr-inner ' ><span class='hr-inner-style'><\/span><\/span><\/div>\n<div  class='av-buildercomment  av-blog-meta-html-info-disabled av-blog-meta-tag-disabled  '><\/div>\n","protected":false},"excerpt":{"rendered":"","protected":false},"author":1,"featured_media":39566,"comment_status":"closed","ping_status":"closed","sticky":false,"template":"","format":"standard","meta":{"footnotes":""},"categories":[38],"tags":[],"class_list":["post-39565","post","type-post","status-publish","format-standard","has-post-thumbnail","hentry","category-regional"],"jetpack_featured_media_url":"https:\/\/radiorevelacionfm.cl\/wp-content\/uploads\/2024\/02\/DSC_7288-1-1.jpg","_links":{"self":[{"href":"https:\/\/radiorevelacionfm.cl\/index.php?rest_route=\/wp\/v2\/posts\/39565","targetHints":{"allow":["GET"]}}],"collection":[{"href":"https:\/\/radiorevelacionfm.cl\/index.php?rest_route=\/wp\/v2\/posts"}],"about":[{"href":"https:\/\/radiorevelacionfm.cl\/index.php?rest_route=\/wp\/v2\/types\/post"}],"author":[{"embeddable":true,"href":"https:\/\/radiorevelacionfm.cl\/index.php?rest_route=\/wp\/v2\/users\/1"}],"replies":[{"embeddable":true,"href":"https:\/\/radiorevelacionfm.cl\/index.php?rest_route=%2Fwp%2Fv2%2Fcomments&post=39565"}],"version-history":[{"count":1,"href":"https:\/\/radiorevelacionfm.cl\/index.php?rest_route=\/wp\/v2\/posts\/39565\/revisions"}],"predecessor-version":[{"id":39568,"href":"https:\/\/radiorevelacionfm.cl\/index.php?rest_route=\/wp\/v2\/posts\/39565\/revisions\/39568"}],"wp:featuredmedia":[{"embeddable":true,"href":"https:\/\/radiorevelacionfm.cl\/index.php?rest_route=\/wp\/v2\/media\/39566"}],"wp:attachment":[{"href":"https:\/\/radiorevelacionfm.cl\/index.php?rest_route=%2Fwp%2Fv2%2Fmedia&parent=39565"}],"wp:term":[{"taxonomy":"category","embeddable":true,"href":"https:\/\/radiorevelacionfm.cl\/index.php?rest_route=%2Fwp%2Fv2%2Fcategories&post=39565"},{"taxonomy":"post_tag","embeddable":true,"href":"https:\/\/radiorevelacionfm.cl\/index.php?rest_route=%2Fwp%2Fv2%2Ftags&post=39565"}],"curies":[{"name":"wp","href":"https:\/\/api.w.org\/{rel}","templated":true}]}}