{"id":39561,"date":"2024-02-12T19:20:16","date_gmt":"2024-02-12T22:20:16","guid":{"rendered":"https:\/\/radiorevelacionfm.cl\/?p=39561"},"modified":"2024-02-12T19:20:16","modified_gmt":"2024-02-12T22:20:16","slug":"amplio-compromiso-vecinal-marco-la-jornada-de-limpieza-en-costanera-condell-de-puerto-aysen","status":"publish","type":"post","link":"https:\/\/radiorevelacionfm.cl\/?p=39561","title":{"rendered":"Amplio compromiso vecinal marc\u00f3 la Jornada de Limpieza en Costanera Condell de Puerto Ays\u00e9n"},"content":{"rendered":"<div class=\"flex_column av_one_full  flex_column_div av-zero-column-padding first  avia-builder-el-0  el_before_av_one_full  avia-builder-el-first  \" style='border-radius:0px; '><div  class='avia-image-container  av-styling-    avia-builder-el-1  avia-builder-el-no-sibling  avia-align-center '  itemprop=\"image\" itemscope=\"itemscope\" itemtype=\"https:\/\/schema.org\/ImageObject\"  ><div class='avia-image-container-inner'><div class='avia-image-overlay-wrap'><img decoding=\"async\" class='wp-image-39562 avia-img-lazy-loading-not-39562 avia_image' src=\"https:\/\/radiorevelacionfm.cl\/wp-content\/uploads\/2024\/02\/img-limpiezacondell-bahamonde2-1-1.jpeg\" alt='' title='img-limpiezacondell-bahamonde2 (1) (1)' height=\"600\" width=\"800\"  itemprop=\"thumbnailUrl\" srcset=\"https:\/\/radiorevelacionfm.cl\/wp-content\/uploads\/2024\/02\/img-limpiezacondell-bahamonde2-1-1.jpeg 800w, https:\/\/radiorevelacionfm.cl\/wp-content\/uploads\/2024\/02\/img-limpiezacondell-bahamonde2-1-1-300x225.jpeg 300w, https:\/\/radiorevelacionfm.cl\/wp-content\/uploads\/2024\/02\/img-limpiezacondell-bahamonde2-1-1-768x576.jpeg 768w, https:\/\/radiorevelacionfm.cl\/wp-content\/uploads\/2024\/02\/img-limpiezacondell-bahamonde2-1-1-705x529.jpeg 705w, https:\/\/radiorevelacionfm.cl\/wp-content\/uploads\/2024\/02\/img-limpiezacondell-bahamonde2-1-1-450x338.jpeg 450w, https:\/\/radiorevelacionfm.cl\/wp-content\/uploads\/2024\/02\/img-limpiezacondell-bahamonde2-1-1-600x450.jpeg 600w\" sizes=\"(max-width: 800px) 100vw, 800px\" \/><\/div><\/div><\/div><\/div><div class=\"flex_column av_one_full  flex_column_div av-zero-column-padding first  avia-builder-el-2  el_after_av_one_full  el_before_av_one_full  column-top-margin\" style='border-radius:0px; '><section class=\"av_textblock_section \"  itemscope=\"itemscope\" itemtype=\"https:\/\/schema.org\/BlogPosting\" itemprop=\"blogPost\" ><div class='avia_textblock  '   itemprop=\"text\" ><p style=\"text-align: center;\"><strong><span style=\"font-size: 18pt;\">Amplio compromiso vecinal marc\u00f3 la Jornada de Limpieza en Costanera Condell de Puerto Ays\u00e9n<\/span><\/strong><\/p>\n<div id=\"gtx-trans\" style=\"position: absolute; left: -50px; top: 4.31534px;\">\n<div class=\"gtx-trans-icon\"><\/div>\n<\/div>\n<\/div><\/section><\/div><div class=\"flex_column av_one_full  flex_column_div av-zero-column-padding first  avia-builder-el-4  el_after_av_one_full  el_before_av_hr  column-top-margin\" style='border-radius:0px; '><section class=\"av_textblock_section \"  itemscope=\"itemscope\" itemtype=\"https:\/\/schema.org\/BlogPosting\" itemprop=\"blogPost\" ><div class='avia_textblock  '   itemprop=\"text\" ><p style=\"text-align: justify;\"><em>En la instancia, adem\u00e1s, la empresa encargada de la recolecci\u00f3n de residuos domiciliarios aport\u00f3 importante informaci\u00f3n para el cuidado y protecci\u00f3n del ambiente.<\/em><\/p>\n<p style=\"text-align: justify;\">Tras la convocatoria efectuada por la Junta de Vecinos N\u00ba8 del sector Pedro Aguirre Cerda m\u00e1s de una treintena de vecinos se congreg\u00f3 hasta el sector de Costanera Condell para participar de la primera jornada de Limpieza en el lugar. La acci\u00f3n es parte de los compromisos adquiridos por la organizaci\u00f3n territorial en el contexto del nonag\u00e9simo sexto aniversario de Puerto Ays\u00e9n. La instancia, contempl\u00f3 adicionalmente la participaci\u00f3n de diversos artistas como Soulblack, Ensaye y Mat\u00edas Vargas para amenizar el encuentro. Vecinos agradecieron la vinculaci\u00f3n p\u00fablico \u2013 privada generada en este accionar destacando el compromiso de Empresas Bahamonde, quienes aportaron distintos elementos y generaron charlas ambientales.<\/p>\n<p style=\"text-align: justify;\">Al respecto, la encargada de Vinculaci\u00f3n con el Medio de Empresas Bahamonde, B\u00e1rbara Weisser Rivera, recalc\u00f3 la importante del cuidado al medio ambiente desde este punto, el cual se encuentra en tratativas para ser declarado el primer humedal urbano de la comuna porte\u00f1a \u201cpor lo que Empresas Bahamonde\u00a0se sum\u00f3 a trav\u00e9s de la colaboraci\u00f3n con contenedores para la segregaci\u00f3n de los residuos recolectados. As\u00ed es como tambi\u00e9n entregamos charlas sobre la recolecci\u00f3n de residuos domiciliarios y su carga manual\u201d. Con ello, la representante de la empresa aysenina agradeci\u00f3 a los vecinos su participaci\u00f3n y adhesi\u00f3n tambi\u00e9n a la campa\u00f1a de tapitas de pl\u00e1stico que llevan adelante con las Damas de Caf\u00e9.<\/p>\n<p style=\"text-align: justify;\">En tanto, el presidente de la Junta de Vecinos N\u00ba8, Carlos Arteaga, enfatiz\u00f3 compromiso adquirido previamente como organizaci\u00f3n para efectuar la limpieza en el sector Costanera Condell indicando que \u201cha sido un lugar donde mucha gente ha venido a tirar\u00a0basura y queremos darle la vuelta eso\u201d, explic\u00f3 el l\u00edder vecinal. Adem\u00e1s, el representante agradeci\u00f3 a Empresas Bahamonde respaldo otorgado en esta instancia, as\u00ed como tambi\u00e9n, a otro grupo de industrias locales que aportaron con bolsas, protectores solares y otros elementos para la jornada.<\/p>\n<p style=\"text-align: justify;\">Por su parte, Leda Andrade, Bella mujer de Ays\u00e9n 2024, agradeci\u00f3 la instancia efectuada en el sector relevando su alegr\u00eda por lo acontecido \u201cde don Alejandro Bahamonde estamos muy agradecidos y tambi\u00e9n de la gente de la municipalidad que tambi\u00e9n aport\u00f3 con cosas, as\u00ed es que, muchas gracias a todos ellos y que sigamos realizando estas actividades ya sea una vez al mes o cada dos meses pero que no se pierda\u201d As\u00ed mismo, Andrade subray\u00f3 la necesidad de crear conciencia ambiental para que cada vez m\u00e1s sean las personas que puedan compartir en la Costanera Condell llev\u00e1ndose o disponiendo adecuadamente los residuos que generen.<\/p>\n<p style=\"text-align: justify;\">En el encuentro, llegaron vecinos y vecinas a depositar sus tapitas de pl\u00e1stico en la campa\u00f1a que impulsa Empresas Bahamonde con las Damas de Caf\u00e9. Fue as\u00ed como Norberto Lema, vecino de Puerto Ays\u00e9n concurri\u00f3 hasta el punto de acopio temporal y dej\u00f3 tres sacos repletos de tapitas. Ante esto, el aysenino declar\u00f3 que \u201cyo ven\u00eda juntando desde el a\u00f1o 2013 tapitas de pl\u00e1stico cuando supe del tema de las damas de Caf\u00e9 y no ten\u00edamos c\u00f3mo enviarlas y entonces esto me parece que es muy buena iniciativa\u201d.<\/p>\n<p style=\"text-align: justify;\">Finalmente, Guadalupe Valenzuela, vecina desde hace 30 a\u00f1os del sector de Pedro Aguirre Cerda, detall\u00f3 que \u201cestamos muy agradecidos y contentos de la actividad que tuvimos, hemos tenido m\u00fasica, lo hemos pasado bien todas las vecinas, somos muchas personas que somos adultos mayores, pero aqu\u00ed estamos representando a nuestra poblaci\u00f3n\u201d, sentenci\u00f3 la aysenina que particip\u00f3 de la jornada de limpieza.<\/p>\n<\/div><\/section><\/div><div  style='height:50px' class='hr hr-invisible   avia-builder-el-6  el_after_av_one_full  el_before_av_social_share '><span class='hr-inner ' ><span class='hr-inner-style'><\/span><\/span><\/div><\/p>\n<div  class='av-social-sharing-box  avia-builder-el-7  el_after_av_hr  el_before_av_hr  '><div class='av-share-box'><h5 class='av-share-link-description av-no-toc '>Compartir esta noticia<\/h5><ul class='av-share-box-list noLightbox'><li class='av-share-link av-social-link-facebook' ><a target=\"_blank\" aria-label=\"Compartir en Facebook\" href='https:\/\/www.facebook.com\/sharer.php?u=https:\/\/radiorevelacionfm.cl\/?p=39561&#038;t=Amplio%20compromiso%20vecinal%20marc%C3%B3%20la%20Jornada%20de%20Limpieza%20en%20Costanera%20Condell%20de%20Puerto%20Ays%C3%A9n' aria-hidden='false' data-av_icon='\ue8f3' data-av_iconfont='entypo-fontello' title='' data-avia-related-tooltip='Compartir en Facebook' rel=\"noopener\"><span class='avia_hidden_link_text'>Compartir en Facebook<\/span><\/a><\/li><li class='av-share-link av-social-link-twitter' ><a target=\"_blank\" aria-label=\"Compartir en Twitter\" href='https:\/\/twitter.com\/share?text=Amplio%20compromiso%20vecinal%20marc%C3%B3%20la%20Jornada%20de%20Limpieza%20en%20Costanera%20Condell%20de%20Puerto%20Ays%C3%A9n&#038;url=https:\/\/radiorevelacionfm.cl\/?p=39561' aria-hidden='false' data-av_icon='\ue8f1' data-av_iconfont='entypo-fontello' title='' data-avia-related-tooltip='Compartir en Twitter' rel=\"noopener\"><span class='avia_hidden_link_text'>Compartir en Twitter<\/span><\/a><\/li><li class='av-share-link av-social-link-whatsapp' ><a target=\"_blank\" aria-label=\"Compartir en Whatsapp\" href='https:\/\/api.whatsapp.com\/send?text=https:\/\/radiorevelacionfm.cl\/?p=39561' aria-hidden='false' data-av_icon='\uf232' data-av_iconfont='entypo-fontello' title='' data-avia-related-tooltip='Compartir en Whatsapp' rel=\"noopener\"><span class='avia_hidden_link_text'>Compartir en Whatsapp<\/span><\/a><\/li><li class='av-share-link av-social-link-linkedin' ><a target=\"_blank\" aria-label=\"Compartir en LinkedIn\" href='https:\/\/linkedin.com\/shareArticle?mini=true&#038;title=Amplio%20compromiso%20vecinal%20marc%C3%B3%20la%20Jornada%20de%20Limpieza%20en%20Costanera%20Condell%20de%20Puerto%20Ays%C3%A9n&#038;url=https:\/\/radiorevelacionfm.cl\/?p=39561' aria-hidden='false' data-av_icon='\ue8fc' data-av_iconfont='entypo-fontello' title='' data-avia-related-tooltip='Compartir en LinkedIn' rel=\"noopener\"><span class='avia_hidden_link_text'>Compartir en LinkedIn<\/span><\/a><\/li><li class='av-share-link av-social-link-mail' ><a  aria-label=\"Compartir por correo\" href='mailto:?subject=Amplio%20compromiso%20vecinal%20marc%C3%B3%20la%20Jornada%20de%20Limpieza%20en%20Costanera%20Condell%20de%20Puerto%20Ays%C3%A9n&#038;body=https:\/\/radiorevelacionfm.cl\/?p=39561' aria-hidden='false' data-av_icon='\ue805' data-av_iconfont='entypo-fontello' title='' data-avia-related-tooltip='Compartir por correo'><span class='avia_hidden_link_text'>Compartir por correo<\/span><\/a><\/li><\/ul><\/div><\/div>\n<div  style='height:50px' class='hr hr-invisible   avia-builder-el-8  el_after_av_social_share  el_before_av_comments_list '><span class='hr-inner ' ><span class='hr-inner-style'><\/span><\/span><\/div>\n<div  class='av-buildercomment  av-blog-meta-html-info-disabled av-blog-meta-tag-disabled  '><\/div>\n","protected":false},"excerpt":{"rendered":"","protected":false},"author":1,"featured_media":39562,"comment_status":"open","ping_status":"open","sticky":false,"template":"","format":"standard","meta":{"footnotes":""},"categories":[38],"tags":[],"class_list":["post-39561","post","type-post","status-publish","format-standard","has-post-thumbnail","hentry","category-regional"],"jetpack_featured_media_url":"https:\/\/radiorevelacionfm.cl\/wp-content\/uploads\/2024\/02\/img-limpiezacondell-bahamonde2-1-1.jpeg","_links":{"self":[{"href":"https:\/\/radiorevelacionfm.cl\/index.php?rest_route=\/wp\/v2\/posts\/39561","targetHints":{"allow":["GET"]}}],"collection":[{"href":"https:\/\/radiorevelacionfm.cl\/index.php?rest_route=\/wp\/v2\/posts"}],"about":[{"href":"https:\/\/radiorevelacionfm.cl\/index.php?rest_route=\/wp\/v2\/types\/post"}],"author":[{"embeddable":true,"href":"https:\/\/radiorevelacionfm.cl\/index.php?rest_route=\/wp\/v2\/users\/1"}],"replies":[{"embeddable":true,"href":"https:\/\/radiorevelacionfm.cl\/index.php?rest_route=%2Fwp%2Fv2%2Fcomments&post=39561"}],"version-history":[{"count":1,"href":"https:\/\/radiorevelacionfm.cl\/index.php?rest_route=\/wp\/v2\/posts\/39561\/revisions"}],"predecessor-version":[{"id":39563,"href":"https:\/\/radiorevelacionfm.cl\/index.php?rest_route=\/wp\/v2\/posts\/39561\/revisions\/39563"}],"wp:featuredmedia":[{"embeddable":true,"href":"https:\/\/radiorevelacionfm.cl\/index.php?rest_route=\/wp\/v2\/media\/39562"}],"wp:attachment":[{"href":"https:\/\/radiorevelacionfm.cl\/index.php?rest_route=%2Fwp%2Fv2%2Fmedia&parent=39561"}],"wp:term":[{"taxonomy":"category","embeddable":true,"href":"https:\/\/radiorevelacionfm.cl\/index.php?rest_route=%2Fwp%2Fv2%2Fcategories&post=39561"},{"taxonomy":"post_tag","embeddable":true,"href":"https:\/\/radiorevelacionfm.cl\/index.php?rest_route=%2Fwp%2Fv2%2Ftags&post=39561"}],"curies":[{"name":"wp","href":"https:\/\/api.w.org\/{rel}","templated":true}]}}