{"id":39554,"date":"2024-02-12T17:46:44","date_gmt":"2024-02-12T20:46:44","guid":{"rendered":"https:\/\/radiorevelacionfm.cl\/?p=39554"},"modified":"2024-02-12T17:48:58","modified_gmt":"2024-02-12T20:48:58","slug":"programa-vinculos-certifica-a-23-adultos-mayores-de-chile-chico-y-aumenta-recursos-para-este-2024","status":"publish","type":"post","link":"https:\/\/radiorevelacionfm.cl\/?p=39554","title":{"rendered":"Programa V\u00ednculos certifica a 23 adultos mayores de Chile Chico y aumenta recursos para este 2024"},"content":{"rendered":"<div class=\"flex_column av_one_full  flex_column_div av-zero-column-padding first  avia-builder-el-0  el_before_av_one_full  avia-builder-el-first  \" style='border-radius:0px; '><div  class='avia-image-container  av-styling-    avia-builder-el-1  avia-builder-el-no-sibling  avia-align-center '  itemprop=\"image\" itemscope=\"itemscope\" itemtype=\"https:\/\/schema.org\/ImageObject\"  ><div class='avia-image-container-inner'><div class='avia-image-overlay-wrap'><img decoding=\"async\" class='wp-image-39555 avia-img-lazy-loading-not-39555 avia_image' src=\"https:\/\/radiorevelacionfm.cl\/wp-content\/uploads\/2024\/02\/vinculos-chilechico2-1_optimized.jpg\" alt='' title='vinculos-chilechico2-(1)_optimized' height=\"600\" width=\"1067\"  itemprop=\"thumbnailUrl\" srcset=\"https:\/\/radiorevelacionfm.cl\/wp-content\/uploads\/2024\/02\/vinculos-chilechico2-1_optimized.jpg 1067w, https:\/\/radiorevelacionfm.cl\/wp-content\/uploads\/2024\/02\/vinculos-chilechico2-1_optimized-300x169.jpg 300w, https:\/\/radiorevelacionfm.cl\/wp-content\/uploads\/2024\/02\/vinculos-chilechico2-1_optimized-1030x579.jpg 1030w, https:\/\/radiorevelacionfm.cl\/wp-content\/uploads\/2024\/02\/vinculos-chilechico2-1_optimized-768x432.jpg 768w, https:\/\/radiorevelacionfm.cl\/wp-content\/uploads\/2024\/02\/vinculos-chilechico2-1_optimized-705x396.jpg 705w, https:\/\/radiorevelacionfm.cl\/wp-content\/uploads\/2024\/02\/vinculos-chilechico2-1_optimized-450x253.jpg 450w, https:\/\/radiorevelacionfm.cl\/wp-content\/uploads\/2024\/02\/vinculos-chilechico2-1_optimized-600x337.jpg 600w\" sizes=\"(max-width: 1067px) 100vw, 1067px\" \/><\/div><\/div><\/div><\/div><div class=\"flex_column av_one_full  flex_column_div av-zero-column-padding first  avia-builder-el-2  el_after_av_one_full  el_before_av_one_full  column-top-margin\" style='border-radius:0px; '><section class=\"av_textblock_section \"  itemscope=\"itemscope\" itemtype=\"https:\/\/schema.org\/BlogPosting\" itemprop=\"blogPost\" ><div class='avia_textblock  '   itemprop=\"text\" ><h2 class=\"title\" style=\"text-align: center;\"><span style=\"font-size: 18pt;\">Programa V\u00ednculos certifica a 23 adultos mayores de Chile Chico y aumenta recursos para este 2024<\/span><\/h2>\n<div id=\"gtx-trans\" style=\"position: absolute; left: -50px; top: 4.31534px;\">\n<div class=\"gtx-trans-icon\"><\/div>\n<\/div>\n<\/div><\/section><\/div><div class=\"flex_column av_one_full  flex_column_div av-zero-column-padding first  avia-builder-el-4  el_after_av_one_full  el_before_av_hr  column-top-margin\" style='border-radius:0px; '><section class=\"av_textblock_section \"  itemscope=\"itemscope\" itemtype=\"https:\/\/schema.org\/BlogPosting\" itemprop=\"blogPost\" ><div class='avia_textblock  '   itemprop=\"text\" ><p style=\"text-align: justify;\"><i>Alrededor de 60 personas mayores de la comuna acceder\u00e1n a la convocatoria 2024 del Ministerio de Desarrollo Social y Familia, aumentando el financiamiento de 17 a 44.317.000 millones de pesos y que se replicar\u00e1 en otras siete comunas de la regi\u00f3n con un presupuesto total de\u00a0<\/i><i>$192.300.000.<\/i><\/p>\n<p style=\"text-align: justify;\">En el sector de Bah\u00eda Jara se certificaron a 23 personas mayores, quienes egresaron del programa V\u00ednculos, perteneciente al Ministerio de Desarrollo Social y Familia, y que ejecuta actualmente la Municipalidad de Chile Chico con la asesor\u00eda t\u00e9cnica de Senama.<\/p>\n<p style=\"text-align: justify;\">Con el objetivo de mejorar su bienestar en distintas \u00e1reas, los usuarios durante el proceso de intervenci\u00f3n recibieron el acompa\u00f1amiento y asistencia de\u00a0monitores comunitarios para apoyarlos en\u00a0que puedan acceder a las prestaciones sociales del Estado\u00a0y, as\u00ed generarles mejores condiciones\u00a0de\u00a0vida.<\/p>\n<p class=\"v1elementToProof\" style=\"text-align: justify;\">El programa V\u00ednculos fue destacado por distintos Los usuarios egresados de Chile Chico, Mall\u00edn Grande y Puerto Guadal, entre ellos Patricia Espinoza \u00abEstamos saliendo de este programa junto a mi esposo, el cual agradecemos mucho porque nos ha servido como adultos mayores, cuando ya quedamos solos sin los hijos es un gran apoyo para nosotros, as\u00ed que muy agradecida\u00bb, lo mismo indic\u00f3 Hugo Valenzuela \u00abPara m\u00ed es un programa muy hermoso, porque para la edad que tengo m\u00e1s de 70 me ha permitido conocer personas, pasarlo bien y las personas que trabajan ac\u00e1 son muy buenas, estoy muy agradecido, me visitan en mi casa, comparten y eso nos hace muy bien a las personas de tercera edad\u00bb en tanto la monitora social Karol Cicarelli del municipio mencion\u00f3 \u00abEl v\u00ednculo sigue entre ellos, formaron hartos lazos. Se cumpli\u00f3 el objetivo del Programa, porque todos ellos quedaron contactados con las redes de la comuna y saben a quienes tienen que acudir\u00bb.<\/p>\n<p class=\"v1elementToProof\" style=\"text-align: justify;\">Desde la Municipalidad de Chile Chico el alcalde de la comuna, Luperciano Mu\u00f1oz relev\u00f3 que \u00abEste es un programa muy humano en donde nuestras monitoras est\u00e1n constantemente en las casas de los adultos mayores, con talleres, los re\u00fanen y eso es muy importante porque a ellos que les decimos adultos mayores la pol\u00edtica p\u00fablica va m\u00e1s all\u00e1 de la simple jubilaci\u00f3n y que los toman en cuenta a trav\u00e9s de estos programas para que ellos est\u00e9n activos. Estamos realmente agradecidos de este Programa que nos permite estar en permanente contacto con ellos y se les hizo un peque\u00f1o diploma de reconocimiento que es significativo para ellos.\u00bb<\/p>\n<p class=\"v1elementToProof\" style=\"text-align: justify;\">A la actividad asistieron los usuarios egresados y tambi\u00e9n se aprovech\u00f3 de dar el vamos a la convocatoria N\u00b018 que ampl\u00eda su cobertura a 59 personas mayores y que\u00a0cuenta con un presupuesto destinado a la comuna de\u00a0$44.317.000.<\/p>\n<p class=\"v1elementToProof\" style=\"text-align: justify;\">\u00a0As\u00ed lo detall\u00f3 la seremi de Desarrollo Social y Familia, Karina Acevedo Auad, quien felicit\u00f3 el trabajo del municipio en su convocatoria N\u00b016 con un presupuesto de\u00a017 millones de pesos\u00a0\u00abEstuvimos en un cierre muy importante para nuestro Ministerio como es el Programa V\u00ednculos, el que nos permite llegar a 8 comunas y trabajar con personas mayores. Permite que quien ejecuta, la Municipalidad y la asistencia t\u00e9cnica que hace Senama, puedan llevar a cabo un trabajo pertinente y adecuado a las personas mayores, en donde se les visita, se interact\u00faa con ellos, se les invita a compartir con sus pares, los reactivamos socialmente y los revinculamos nuevamente a su red y eso es un trabajo s\u00faper importante, una vejez activa es lo que hoy en d\u00eda nos mandata el presidente Boric\u00bb, agregando que \u00abLa particularidad del Programa V\u00ednculos es que justamente la participaci\u00f3n de las personas mayores en cada uno de los llamados es total y en esta oportunidad participaron todos. Adem\u00e1s dimos la buena noticia que para la convocatoria de este a\u00f1o en la comuna aumenta al doble que va a dar respuesta a la demanda que la comuna tiene\u00bb, se\u00f1al\u00f3 Acevedo Auad.<\/p>\n<p class=\"v1elementToProof\" style=\"text-align: justify;\">Finalmente hay que mencionar que el Programa V\u00ednculos, que promueve la participaci\u00f3n activa de las personas mayores,\u00a0es ejecutado en 8 comunas de la regi\u00f3n atendiendo de manera anual m\u00e1s de 553 adultos mayores con una inversi\u00f3n de m\u00e1s de\u00a0$192.300.000 para esta convocatoria 2024.<\/p>\n<\/div><\/section><\/div><div  style='height:50px' class='hr hr-invisible   avia-builder-el-6  el_after_av_one_full  el_before_av_social_share '><span class='hr-inner ' ><span class='hr-inner-style'><\/span><\/span><\/div><\/p>\n<div  class='av-social-sharing-box  avia-builder-el-7  el_after_av_hr  el_before_av_hr  '><div class='av-share-box'><h5 class='av-share-link-description av-no-toc '>Compartir esta noticia<\/h5><ul class='av-share-box-list noLightbox'><li class='av-share-link av-social-link-facebook' ><a target=\"_blank\" aria-label=\"Compartir en Facebook\" href='https:\/\/www.facebook.com\/sharer.php?u=https:\/\/radiorevelacionfm.cl\/?p=39554&#038;t=Programa%20V%C3%ADnculos%20certifica%20a%2023%20adultos%20mayores%20de%20Chile%20Chico%20y%20aumenta%20recursos%20para%20este%202024' aria-hidden='false' data-av_icon='\ue8f3' data-av_iconfont='entypo-fontello' title='' data-avia-related-tooltip='Compartir en Facebook' rel=\"noopener\"><span class='avia_hidden_link_text'>Compartir en Facebook<\/span><\/a><\/li><li class='av-share-link av-social-link-twitter' ><a target=\"_blank\" aria-label=\"Compartir en Twitter\" href='https:\/\/twitter.com\/share?text=Programa%20V%C3%ADnculos%20certifica%20a%2023%20adultos%20mayores%20de%20Chile%20Chico%20y%20aumenta%20recursos%20para%20este%202024&#038;url=https:\/\/radiorevelacionfm.cl\/?p=39554' aria-hidden='false' data-av_icon='\ue8f1' data-av_iconfont='entypo-fontello' title='' data-avia-related-tooltip='Compartir en Twitter' rel=\"noopener\"><span class='avia_hidden_link_text'>Compartir en Twitter<\/span><\/a><\/li><li class='av-share-link av-social-link-whatsapp' ><a target=\"_blank\" aria-label=\"Compartir en Whatsapp\" href='https:\/\/api.whatsapp.com\/send?text=https:\/\/radiorevelacionfm.cl\/?p=39554' aria-hidden='false' data-av_icon='\uf232' data-av_iconfont='entypo-fontello' title='' data-avia-related-tooltip='Compartir en Whatsapp' rel=\"noopener\"><span class='avia_hidden_link_text'>Compartir en Whatsapp<\/span><\/a><\/li><li class='av-share-link av-social-link-linkedin' ><a target=\"_blank\" aria-label=\"Compartir en LinkedIn\" href='https:\/\/linkedin.com\/shareArticle?mini=true&#038;title=Programa%20V%C3%ADnculos%20certifica%20a%2023%20adultos%20mayores%20de%20Chile%20Chico%20y%20aumenta%20recursos%20para%20este%202024&#038;url=https:\/\/radiorevelacionfm.cl\/?p=39554' aria-hidden='false' data-av_icon='\ue8fc' data-av_iconfont='entypo-fontello' title='' data-avia-related-tooltip='Compartir en LinkedIn' rel=\"noopener\"><span class='avia_hidden_link_text'>Compartir en LinkedIn<\/span><\/a><\/li><li class='av-share-link av-social-link-mail' ><a  aria-label=\"Compartir por correo\" href='mailto:?subject=Programa%20V%C3%ADnculos%20certifica%20a%2023%20adultos%20mayores%20de%20Chile%20Chico%20y%20aumenta%20recursos%20para%20este%202024&#038;body=https:\/\/radiorevelacionfm.cl\/?p=39554' aria-hidden='false' data-av_icon='\ue805' data-av_iconfont='entypo-fontello' title='' data-avia-related-tooltip='Compartir por correo'><span class='avia_hidden_link_text'>Compartir por correo<\/span><\/a><\/li><\/ul><\/div><\/div>\n<div  style='height:50px' class='hr hr-invisible   avia-builder-el-8  el_after_av_social_share  el_before_av_comments_list '><span class='hr-inner ' ><span class='hr-inner-style'><\/span><\/span><\/div>\n<div  class='av-buildercomment  av-blog-meta-html-info-disabled av-blog-meta-tag-disabled  '><\/div>\n","protected":false},"excerpt":{"rendered":"","protected":false},"author":1,"featured_media":39555,"comment_status":"closed","ping_status":"closed","sticky":false,"template":"","format":"standard","meta":{"footnotes":""},"categories":[38],"tags":[],"class_list":["post-39554","post","type-post","status-publish","format-standard","has-post-thumbnail","hentry","category-regional"],"jetpack_featured_media_url":"https:\/\/radiorevelacionfm.cl\/wp-content\/uploads\/2024\/02\/vinculos-chilechico2-1_optimized.jpg","_links":{"self":[{"href":"https:\/\/radiorevelacionfm.cl\/index.php?rest_route=\/wp\/v2\/posts\/39554","targetHints":{"allow":["GET"]}}],"collection":[{"href":"https:\/\/radiorevelacionfm.cl\/index.php?rest_route=\/wp\/v2\/posts"}],"about":[{"href":"https:\/\/radiorevelacionfm.cl\/index.php?rest_route=\/wp\/v2\/types\/post"}],"author":[{"embeddable":true,"href":"https:\/\/radiorevelacionfm.cl\/index.php?rest_route=\/wp\/v2\/users\/1"}],"replies":[{"embeddable":true,"href":"https:\/\/radiorevelacionfm.cl\/index.php?rest_route=%2Fwp%2Fv2%2Fcomments&post=39554"}],"version-history":[{"count":1,"href":"https:\/\/radiorevelacionfm.cl\/index.php?rest_route=\/wp\/v2\/posts\/39554\/revisions"}],"predecessor-version":[{"id":39556,"href":"https:\/\/radiorevelacionfm.cl\/index.php?rest_route=\/wp\/v2\/posts\/39554\/revisions\/39556"}],"wp:featuredmedia":[{"embeddable":true,"href":"https:\/\/radiorevelacionfm.cl\/index.php?rest_route=\/wp\/v2\/media\/39555"}],"wp:attachment":[{"href":"https:\/\/radiorevelacionfm.cl\/index.php?rest_route=%2Fwp%2Fv2%2Fmedia&parent=39554"}],"wp:term":[{"taxonomy":"category","embeddable":true,"href":"https:\/\/radiorevelacionfm.cl\/index.php?rest_route=%2Fwp%2Fv2%2Fcategories&post=39554"},{"taxonomy":"post_tag","embeddable":true,"href":"https:\/\/radiorevelacionfm.cl\/index.php?rest_route=%2Fwp%2Fv2%2Ftags&post=39554"}],"curies":[{"name":"wp","href":"https:\/\/api.w.org\/{rel}","templated":true}]}}