{"id":39551,"date":"2024-02-12T17:02:02","date_gmt":"2024-02-12T20:02:02","guid":{"rendered":"https:\/\/radiorevelacionfm.cl\/?p=39551"},"modified":"2024-02-12T17:02:02","modified_gmt":"2024-02-12T20:02:02","slug":"ministerio-de-trabajo-y-prevision-social-aysen-se-reunen-con-diversidades-sexogenericas-para-abordar-temas-laborales-inclusion-e-informacion-programatica","status":"publish","type":"post","link":"https:\/\/radiorevelacionfm.cl\/?p=39551","title":{"rendered":"Ministerio de Trabajo y Previsi\u00f3n Social Ays\u00e9n se re\u00fanen con diversidades sexogen\u00e9ricas para abordar temas laborales, inclusi\u00f3n e informaci\u00f3n program\u00e1tica"},"content":{"rendered":"<div class=\"flex_column av_one_full  flex_column_div av-zero-column-padding first  avia-builder-el-0  el_before_av_one_full  avia-builder-el-first  \" style='border-radius:0px; '><div  class='avia-image-container  av-styling-    avia-builder-el-1  avia-builder-el-no-sibling  avia-align-center '  itemprop=\"image\" itemscope=\"itemscope\" itemtype=\"https:\/\/schema.org\/ImageObject\"  ><div class='avia-image-container-inner'><div class='avia-image-overlay-wrap'><img decoding=\"async\" class='wp-image-39552 avia-img-lazy-loading-not-39552 avia_image' src=\"https:\/\/radiorevelacionfm.cl\/wp-content\/uploads\/2024\/02\/Mesa-diversidades-sexogenericas-1-1.jpeg\" alt='' title='Mesa diversidades sexogenericas (1) (1)' height=\"600\" width=\"836\"  itemprop=\"thumbnailUrl\" srcset=\"https:\/\/radiorevelacionfm.cl\/wp-content\/uploads\/2024\/02\/Mesa-diversidades-sexogenericas-1-1.jpeg 836w, https:\/\/radiorevelacionfm.cl\/wp-content\/uploads\/2024\/02\/Mesa-diversidades-sexogenericas-1-1-300x215.jpeg 300w, https:\/\/radiorevelacionfm.cl\/wp-content\/uploads\/2024\/02\/Mesa-diversidades-sexogenericas-1-1-768x551.jpeg 768w, https:\/\/radiorevelacionfm.cl\/wp-content\/uploads\/2024\/02\/Mesa-diversidades-sexogenericas-1-1-705x506.jpeg 705w, https:\/\/radiorevelacionfm.cl\/wp-content\/uploads\/2024\/02\/Mesa-diversidades-sexogenericas-1-1-450x323.jpeg 450w, https:\/\/radiorevelacionfm.cl\/wp-content\/uploads\/2024\/02\/Mesa-diversidades-sexogenericas-1-1-600x431.jpeg 600w\" sizes=\"(max-width: 836px) 100vw, 836px\" \/><\/div><\/div><\/div><\/div><div class=\"flex_column av_one_full  flex_column_div av-zero-column-padding first  avia-builder-el-2  el_after_av_one_full  el_before_av_one_full  column-top-margin\" style='border-radius:0px; '><section class=\"av_textblock_section \"  itemscope=\"itemscope\" itemtype=\"https:\/\/schema.org\/BlogPosting\" itemprop=\"blogPost\" ><div class='avia_textblock  '   itemprop=\"text\" ><h2 class=\"title\" style=\"text-align: center;\"><span style=\"font-size: 18pt;\"><b>Ministerio de Trabajo y Previsi\u00f3n Social Ays\u00e9n se re\u00fanen con diversidades sexogen\u00e9ricas para abordar temas laborales, inclusi\u00f3n e informaci\u00f3n program\u00e1tica<\/b><\/span><\/h2>\n<div id=\"gtx-trans\" style=\"position: absolute; left: -50px; top: 4.31534px;\">\n<div class=\"gtx-trans-icon\"><\/div>\n<\/div>\n<\/div><\/section><\/div><div class=\"flex_column av_one_full  flex_column_div av-zero-column-padding first  avia-builder-el-4  el_after_av_one_full  el_before_av_hr  column-top-margin\" style='border-radius:0px; '><section class=\"av_textblock_section \"  itemscope=\"itemscope\" itemtype=\"https:\/\/schema.org\/BlogPosting\" itemprop=\"blogPost\" ><div class='avia_textblock  '   itemprop=\"text\" ><p style=\"text-align: justify;\"><em>Como parte de la Mesa de Diversidad sexog\u00e9nericas que lidera la Seremi de Mujer y Equidad de G\u00e9nero, la subcomisi\u00f3n Trabajo se reuni\u00f3 con dirigentes\/as determinando pr\u00f3ximamente la creaci\u00f3n de una mesa de trabajo para abordar los temas.<\/em><\/p>\n<p style=\"text-align: justify;\">Una fruct\u00edfera reuni\u00f3n liderada por los Seremis de Trabajo y Previsi\u00f3n, Rodrigo D\u00edaz Cordaro y de Mujer y Equidad de G\u00e9nero, Andrea M\u00e9ndez Valenzuela con dirigentes de diversidades sexog\u00e9nericas, se realiz\u00f3 en Coyhaique. Esta instancia se realiz\u00f3 en el contexto de la Mesa de Diversidades, participando el director del Servicio de Capacitaci\u00f3n y Empleo, Sence, Nelson Garrido, y los directores\/as (s) de la Direcci\u00f3n del Trabajo, Christian Aros, del Instituto de Previsi\u00f3n Social IPS, ChileAtiende, Maximiliano \u00c1lvarez y del Instituci\u00f3n de Seguridad Laboral, ISL, Mery Fontecha, adem\u00e1s del coordinador regional de ChileValora, Rodrigo Moreno, participando algunos funcionarios de cada equipo junto a las organizaciones de diversidad Cantieries, TransFormando y Diversa Patagonia.<\/p>\n<p style=\"text-align: justify;\">El contexto de esta instancia fue comentada por la Seremi de Mujer y Equidad de G\u00e9nero, Andrea M\u00e9ndez Valenzuela, sostuvo que \u00abLa mesa de diversidades constituye una instancia de vinculaci\u00f3n permanente entre el Gobierno y las organizaciones de las diversidades sexogen\u00e9ricas de Ays\u00e9n. Su objetivo fundamental es avanzar en mejorar la calidad de vida de esta poblaci\u00f3n. Agradecemos la voluntad y el compromiso de cada una de las Direcciones Regionales asociadas al Ministerio del Trabajo. Como Gobierno eso nos genera un profundo orgullo porque creemos que justamente el Estado tiene que estar al servicio de las personas y sobre todo de ciertas personas que han sido hist\u00f3ricamente excluidas, como son aquellas que pertenecen a las diversidades sexogen\u00e9ricas\u00bb, concluy\u00f3.<\/p>\n<p style=\"text-align: justify;\">Con respecto de la vinculaci\u00f3n desde el \u00e1mbito laboral y previsional, el Seremi Rodrigo D\u00edaz de Trabajo y Previsi\u00f3n Social, afirm\u00f3: \u00abComo Ministerio del Trabajo y Previsi\u00f3n Social, nos reunimos con las Diversidades Sexo-Gen\u00e9ricas, acompa\u00f1ados de la SEREMI de la Mujer y Equidad de G\u00e9nero pero tambi\u00e9n con el Gabinete de Trabajo, Director del SENCE, Director del IPS ChileAtiende y Coordinador de ChileValora, Director Regional del Trabajo y la Directora del ISL, la mutualidad del Estado, fue una reuni\u00f3n muy fruct\u00edfera, donde nosotros como Gobierno del Presidente Boric, como Ministerio del Trabajo, respondemos al compromiso de incluir a las diversidades Sexo-Gen\u00e9ricas de que sean parte y podamos ayudar a su empleabilidad, as\u00ed es que vamos a hacer distintas estrategias, apresto laboral entre otros pero tambi\u00e9n ver como poder ayudar efectivamente apoyar a su empleo, y por eso nos vamos a reunir con distintos actores, con empleadores, para poder avanzar en ello, que se entienda que ellos son tan competentes como otra persona, as\u00ed es que vamos a profundizar eso para eliminar la discriminaci\u00f3n, poder reunirnos con la c\u00e1mara de Comercio Con la C\u00e1mara de la Construcci\u00f3n, y poder avanzar como Gobierno, como Estado como sociedad en la inclusi\u00f3n.\u00bb<\/p>\n<p style=\"text-align: justify;\">Una de las asistentes fue J\u00e9ssica de Cantaries, quien declar\u00f3, \u00abdiscutimos temas como la inserci\u00f3n laboral, comunidad trans, no binaria y g\u00e9nero diverso, de esa reuni\u00f3n se concluy\u00f3 ciertas articulaciones de parte del Estado, que busca una soluci\u00f3n de este problema y me pareci\u00f3 bastante buena. Me sorprendi\u00f3 la participaci\u00f3n de los organismos y la verdad es que estoy bastante satisfecha\u00bb, mencion\u00f3.<\/p>\n<p style=\"text-align: justify;\">A partir de marzo se espera comenzar el trabajo de esta mesa, con los desaf\u00edos planteados, desde la mirada de cada uno de los servicios en conjunto con las organizaciones, liderando los Seremis de Mujer y Equidad de G\u00e9nero y de Trabajo y Previsi\u00f3n Social, lo cual forma parte de su Agenda de G\u00e9nero.<\/p>\n<\/div><\/section><\/div><div  style='height:50px' class='hr hr-invisible   avia-builder-el-6  el_after_av_one_full  el_before_av_social_share '><span class='hr-inner ' ><span class='hr-inner-style'><\/span><\/span><\/div><\/p>\n<div  class='av-social-sharing-box  avia-builder-el-7  el_after_av_hr  el_before_av_hr  '><div class='av-share-box'><h5 class='av-share-link-description av-no-toc '>Compartir esta noticia<\/h5><ul class='av-share-box-list noLightbox'><li class='av-share-link av-social-link-facebook' ><a target=\"_blank\" aria-label=\"Compartir en Facebook\" href='https:\/\/www.facebook.com\/sharer.php?u=https:\/\/radiorevelacionfm.cl\/?p=39551&#038;t=Ministerio%20de%20Trabajo%20y%20Previsi%C3%B3n%20Social%20Ays%C3%A9n%20se%20re%C3%BAnen%20con%20diversidades%20sexogen%C3%A9ricas%20para%20abordar%20temas%20laborales%2C%20inclusi%C3%B3n%20e%20informaci%C3%B3n%20program%C3%A1tica' aria-hidden='false' data-av_icon='\ue8f3' data-av_iconfont='entypo-fontello' title='' data-avia-related-tooltip='Compartir en Facebook' rel=\"noopener\"><span class='avia_hidden_link_text'>Compartir en Facebook<\/span><\/a><\/li><li class='av-share-link av-social-link-twitter' ><a target=\"_blank\" aria-label=\"Compartir en Twitter\" href='https:\/\/twitter.com\/share?text=Ministerio%20de%20Trabajo%20y%20Previsi%C3%B3n%20Social%20Ays%C3%A9n%20se%20re%C3%BAnen%20con%20diversidades%20sexogen%C3%A9ricas%20para%20abordar%20temas%20laborales%2C%20inclusi%C3%B3n%20e%20informaci%C3%B3n%20program%C3%A1tica&#038;url=https:\/\/radiorevelacionfm.cl\/?p=39551' aria-hidden='false' data-av_icon='\ue8f1' data-av_iconfont='entypo-fontello' title='' data-avia-related-tooltip='Compartir en Twitter' rel=\"noopener\"><span class='avia_hidden_link_text'>Compartir en Twitter<\/span><\/a><\/li><li class='av-share-link av-social-link-whatsapp' ><a target=\"_blank\" aria-label=\"Compartir en Whatsapp\" href='https:\/\/api.whatsapp.com\/send?text=https:\/\/radiorevelacionfm.cl\/?p=39551' aria-hidden='false' data-av_icon='\uf232' data-av_iconfont='entypo-fontello' title='' data-avia-related-tooltip='Compartir en Whatsapp' rel=\"noopener\"><span class='avia_hidden_link_text'>Compartir en Whatsapp<\/span><\/a><\/li><li class='av-share-link av-social-link-linkedin' ><a target=\"_blank\" aria-label=\"Compartir en LinkedIn\" href='https:\/\/linkedin.com\/shareArticle?mini=true&#038;title=Ministerio%20de%20Trabajo%20y%20Previsi%C3%B3n%20Social%20Ays%C3%A9n%20se%20re%C3%BAnen%20con%20diversidades%20sexogen%C3%A9ricas%20para%20abordar%20temas%20laborales%2C%20inclusi%C3%B3n%20e%20informaci%C3%B3n%20program%C3%A1tica&#038;url=https:\/\/radiorevelacionfm.cl\/?p=39551' aria-hidden='false' data-av_icon='\ue8fc' data-av_iconfont='entypo-fontello' title='' data-avia-related-tooltip='Compartir en LinkedIn' rel=\"noopener\"><span class='avia_hidden_link_text'>Compartir en LinkedIn<\/span><\/a><\/li><li class='av-share-link av-social-link-mail' ><a  aria-label=\"Compartir por correo\" href='mailto:?subject=Ministerio%20de%20Trabajo%20y%20Previsi%C3%B3n%20Social%20Ays%C3%A9n%20se%20re%C3%BAnen%20con%20diversidades%20sexogen%C3%A9ricas%20para%20abordar%20temas%20laborales%2C%20inclusi%C3%B3n%20e%20informaci%C3%B3n%20program%C3%A1tica&#038;body=https:\/\/radiorevelacionfm.cl\/?p=39551' aria-hidden='false' data-av_icon='\ue805' data-av_iconfont='entypo-fontello' title='' data-avia-related-tooltip='Compartir por correo'><span class='avia_hidden_link_text'>Compartir por correo<\/span><\/a><\/li><\/ul><\/div><\/div>\n<div  style='height:50px' class='hr hr-invisible   avia-builder-el-8  el_after_av_social_share  el_before_av_comments_list '><span class='hr-inner ' ><span class='hr-inner-style'><\/span><\/span><\/div>\n<div  class='av-buildercomment  av-blog-meta-html-info-disabled av-blog-meta-tag-disabled  '><\/div>\n","protected":false},"excerpt":{"rendered":"","protected":false},"author":1,"featured_media":39552,"comment_status":"open","ping_status":"open","sticky":false,"template":"","format":"standard","meta":{"footnotes":""},"categories":[38],"tags":[],"class_list":["post-39551","post","type-post","status-publish","format-standard","has-post-thumbnail","hentry","category-regional"],"jetpack_featured_media_url":"https:\/\/radiorevelacionfm.cl\/wp-content\/uploads\/2024\/02\/Mesa-diversidades-sexogenericas-1-1.jpeg","_links":{"self":[{"href":"https:\/\/radiorevelacionfm.cl\/index.php?rest_route=\/wp\/v2\/posts\/39551","targetHints":{"allow":["GET"]}}],"collection":[{"href":"https:\/\/radiorevelacionfm.cl\/index.php?rest_route=\/wp\/v2\/posts"}],"about":[{"href":"https:\/\/radiorevelacionfm.cl\/index.php?rest_route=\/wp\/v2\/types\/post"}],"author":[{"embeddable":true,"href":"https:\/\/radiorevelacionfm.cl\/index.php?rest_route=\/wp\/v2\/users\/1"}],"replies":[{"embeddable":true,"href":"https:\/\/radiorevelacionfm.cl\/index.php?rest_route=%2Fwp%2Fv2%2Fcomments&post=39551"}],"version-history":[{"count":1,"href":"https:\/\/radiorevelacionfm.cl\/index.php?rest_route=\/wp\/v2\/posts\/39551\/revisions"}],"predecessor-version":[{"id":39553,"href":"https:\/\/radiorevelacionfm.cl\/index.php?rest_route=\/wp\/v2\/posts\/39551\/revisions\/39553"}],"wp:featuredmedia":[{"embeddable":true,"href":"https:\/\/radiorevelacionfm.cl\/index.php?rest_route=\/wp\/v2\/media\/39552"}],"wp:attachment":[{"href":"https:\/\/radiorevelacionfm.cl\/index.php?rest_route=%2Fwp%2Fv2%2Fmedia&parent=39551"}],"wp:term":[{"taxonomy":"category","embeddable":true,"href":"https:\/\/radiorevelacionfm.cl\/index.php?rest_route=%2Fwp%2Fv2%2Fcategories&post=39551"},{"taxonomy":"post_tag","embeddable":true,"href":"https:\/\/radiorevelacionfm.cl\/index.php?rest_route=%2Fwp%2Fv2%2Ftags&post=39551"}],"curies":[{"name":"wp","href":"https:\/\/api.w.org\/{rel}","templated":true}]}}