{"id":39547,"date":"2024-02-12T09:34:13","date_gmt":"2024-02-12T12:34:13","guid":{"rendered":"https:\/\/radiorevelacionfm.cl\/?p=39547"},"modified":"2024-02-12T09:34:13","modified_gmt":"2024-02-12T12:34:13","slug":"director-de-injuv-aysen-coordina-labores-de-voluntariado-con-juventudes-en-las-zonas-afectadas-por-los-incendios-forestales","status":"publish","type":"post","link":"https:\/\/radiorevelacionfm.cl\/?p=39547","title":{"rendered":"Director de INJUV Ays\u00e9n coordina labores de voluntariado con juventudes en las zonas afectadas por los incendios forestales"},"content":{"rendered":"<div class=\"flex_column av_one_full  flex_column_div av-zero-column-padding first  avia-builder-el-0  el_before_av_one_full  avia-builder-el-first  \" style='border-radius:0px; '><div  class='avia-image-container  av-styling-    avia-builder-el-1  avia-builder-el-no-sibling  avia-align-center '  itemprop=\"image\" itemscope=\"itemscope\" itemtype=\"https:\/\/schema.org\/ImageObject\"  ><div class='avia-image-container-inner'><div class='avia-image-overlay-wrap'><img decoding=\"async\" class='wp-image-39548 avia-img-lazy-loading-not-39548 avia_image' src=\"https:\/\/radiorevelacionfm.cl\/wp-content\/uploads\/2024\/02\/foto-5-11-1_optimized-1.jpg\" alt='' title='foto-5-(11)-(1)_optimized (1)' height=\"650\" width=\"825\"  itemprop=\"thumbnailUrl\" srcset=\"https:\/\/radiorevelacionfm.cl\/wp-content\/uploads\/2024\/02\/foto-5-11-1_optimized-1.jpg 825w, https:\/\/radiorevelacionfm.cl\/wp-content\/uploads\/2024\/02\/foto-5-11-1_optimized-1-300x236.jpg 300w, https:\/\/radiorevelacionfm.cl\/wp-content\/uploads\/2024\/02\/foto-5-11-1_optimized-1-768x605.jpg 768w, https:\/\/radiorevelacionfm.cl\/wp-content\/uploads\/2024\/02\/foto-5-11-1_optimized-1-705x555.jpg 705w, https:\/\/radiorevelacionfm.cl\/wp-content\/uploads\/2024\/02\/foto-5-11-1_optimized-1-450x355.jpg 450w, https:\/\/radiorevelacionfm.cl\/wp-content\/uploads\/2024\/02\/foto-5-11-1_optimized-1-600x473.jpg 600w\" sizes=\"(max-width: 825px) 100vw, 825px\" \/><\/div><\/div><\/div><\/div><div class=\"flex_column av_one_full  flex_column_div av-zero-column-padding first  avia-builder-el-2  el_after_av_one_full  el_before_av_one_full  column-top-margin\" style='border-radius:0px; '><section class=\"av_textblock_section \"  itemscope=\"itemscope\" itemtype=\"https:\/\/schema.org\/BlogPosting\" itemprop=\"blogPost\" ><div class='avia_textblock  '   itemprop=\"text\" ><p style=\"text-align: center;\"><strong><span style=\"font-size: 18pt;\">Director de INJUV Ays\u00e9n coordina labores de voluntariado con juventudes en las zonas afectadas por los incendios forestales<\/span><\/strong><\/p>\n<div id=\"gtx-trans\" style=\"position: absolute; left: -50px; top: 4.31534px;\">\n<div class=\"gtx-trans-icon\"><\/div>\n<\/div>\n<\/div><\/section><\/div><div class=\"flex_column av_one_full  flex_column_div av-zero-column-padding first  avia-builder-el-4  el_after_av_one_full  el_before_av_hr  column-top-margin\" style='border-radius:0px; '><section class=\"av_textblock_section \"  itemscope=\"itemscope\" itemtype=\"https:\/\/schema.org\/BlogPosting\" itemprop=\"blogPost\" ><div class='avia_textblock  '   itemprop=\"text\" ><p style=\"text-align: justify;\">En el contexto de la emergencia generada por los incendios forestales que afectaron a la regi\u00f3n de Valpara\u00edso, el director regional de INJUV Ays\u00e9n, Camilo Trivi\u00f1o Urtubia, viaj\u00f3 hasta la zona afectada, convocado por el director nacional del Instituto Nacional de la Juventud, Juan Pablo Duhalde, con el objetivo de comenzar un despliegue y trabajo en terreno en las comunas afectadas.<\/p>\n<p style=\"text-align: justify;\">El trabajo del director regional est\u00e1 centrado en la coordinaci\u00f3n de ayudas institucionales, junto con resguardar la salud y seguridad de las juventudes voluntarias que se encuentran trabajando en la quinta regi\u00f3n.<\/p>\n<p style=\"text-align: justify;\">En Villa Alemana se han desplegado las y los voluntarios activando seguros, en Patagual y Quebrada Escobares. Asimismo, en Vi\u00f1a del Mar, Chorrillos, El Olivar, Monte Sina\u00ed y Villa Independencia han desarrollado labores de asistencia a las personas afectadas. Tambi\u00e9n se han coordinado grupos con presencia en Quilpu\u00e9, Pompella Sur y Norte y poblaci\u00f3n Argentina.<\/p>\n<p style=\"text-align: justify;\">\u201cHemos podido sumarnos al trabajo del voluntariado liderado por nuestro director nacional y el despliegue realizado por la direcci\u00f3n regional de Valpara\u00edso, pudiendo aportar en materias de planificaci\u00f3n y coordinaci\u00f3n en los territorios, reconociendo las principales necesidades de las comunidades afectadas, buscando formas de entregar una respuesta oportuna para los diferentes momentos de la emergencia. Tambi\u00e9n pudimos ver que una vez m\u00e1s, las juventudes de nuestro pa\u00eds est\u00e1n presentes en estas situaciones de emergencia, siempre conscientes de la necesidad en la tragedia, aportando su energ\u00eda y entusiasmo para la remoci\u00f3n de escombros, entregar apoyo psicol\u00f3gico y el trabajo dentro de los centros de acopio\u201d, sostiene el director regional de INJUV Ays\u00e9n, Camilo Trivi\u00f1o Urtubia.<\/p>\n<p style=\"text-align: justify;\">Las jornadas de trabajo son de 09:00 a 18:00 horas y los encargados de proporcionar la alimentaci\u00f3n corresponden a los municipios, SENAPRED y JUNAEB.\u00a0 Es importante destacar que el Instituto de Seguridad Laboral (ISL) ha entregado a las juventudes voluntarias 1.500 kits preventivos de emergencias, que incluyen un morral reflectante, bloqueador, botella para el agua, gorro legionario, antiparras, guantes y mascarillas KN95. Adem\u00e1s, ha puesto a disposici\u00f3n su equipo de prevencionistas de riesgos, quienes se han desplegado por diferentes puntos de Vi\u00f1a del Mar, Quilpu\u00e9 y Villa Alemana para entregar recomendaciones en torno al resguardo de la salud y seguridad a quienes asisten a jornadas de remoci\u00f3n de escombros.<\/p>\n<p style=\"text-align: justify;\">Las y los 1.614 voluntarios movilizados por el Instituto Nacional de la Juventud, han activado 3.556 seguros, conformado cinco lugares de acopio, y prestado colaboraci\u00f3n a la unidad de participaci\u00f3n ciudadana con la recolecci\u00f3n de v\u00edveres e insumos para las personas afectadas.<\/p>\n<p style=\"text-align: justify;\">Al t\u00e9rmino de cada jornada se realiza una reuni\u00f3n de evaluaci\u00f3n y coordinaci\u00f3n entre los organismos p\u00fablicos, con presencia del\u00a0ISL, IST, INJUV, Delegaci\u00f3n Presidencial Regional, Gobierno Regional, municipios y estudiantes de la CONFECH Zonal V Regi\u00f3n.<\/p>\n<p style=\"text-align: justify;\"><strong>\u00a0<\/strong><\/p>\n<\/div><\/section><\/div><div  style='height:50px' class='hr hr-invisible   avia-builder-el-6  el_after_av_one_full  el_before_av_social_share '><span class='hr-inner ' ><span class='hr-inner-style'><\/span><\/span><\/div><\/p>\n<div  class='av-social-sharing-box  avia-builder-el-7  el_after_av_hr  el_before_av_hr  '><div class='av-share-box'><h5 class='av-share-link-description av-no-toc '>Compartir esta noticia<\/h5><ul class='av-share-box-list noLightbox'><li class='av-share-link av-social-link-facebook' ><a target=\"_blank\" aria-label=\"Compartir en Facebook\" href='https:\/\/www.facebook.com\/sharer.php?u=https:\/\/radiorevelacionfm.cl\/?p=39547&#038;t=Director%20de%20INJUV%20Ays%C3%A9n%20coordina%20labores%20de%20voluntariado%20con%20juventudes%20en%20las%20zonas%20afectadas%20por%20los%20incendios%20forestales' aria-hidden='false' data-av_icon='\ue8f3' data-av_iconfont='entypo-fontello' title='' data-avia-related-tooltip='Compartir en Facebook' rel=\"noopener\"><span class='avia_hidden_link_text'>Compartir en Facebook<\/span><\/a><\/li><li class='av-share-link av-social-link-twitter' ><a target=\"_blank\" aria-label=\"Compartir en Twitter\" href='https:\/\/twitter.com\/share?text=Director%20de%20INJUV%20Ays%C3%A9n%20coordina%20labores%20de%20voluntariado%20con%20juventudes%20en%20las%20zonas%20afectadas%20por%20los%20incendios%20forestales&#038;url=https:\/\/radiorevelacionfm.cl\/?p=39547' aria-hidden='false' data-av_icon='\ue8f1' data-av_iconfont='entypo-fontello' title='' data-avia-related-tooltip='Compartir en Twitter' rel=\"noopener\"><span class='avia_hidden_link_text'>Compartir en Twitter<\/span><\/a><\/li><li class='av-share-link av-social-link-whatsapp' ><a target=\"_blank\" aria-label=\"Compartir en Whatsapp\" href='https:\/\/api.whatsapp.com\/send?text=https:\/\/radiorevelacionfm.cl\/?p=39547' aria-hidden='false' data-av_icon='\uf232' data-av_iconfont='entypo-fontello' title='' data-avia-related-tooltip='Compartir en Whatsapp' rel=\"noopener\"><span class='avia_hidden_link_text'>Compartir en Whatsapp<\/span><\/a><\/li><li class='av-share-link av-social-link-linkedin' ><a target=\"_blank\" aria-label=\"Compartir en LinkedIn\" href='https:\/\/linkedin.com\/shareArticle?mini=true&#038;title=Director%20de%20INJUV%20Ays%C3%A9n%20coordina%20labores%20de%20voluntariado%20con%20juventudes%20en%20las%20zonas%20afectadas%20por%20los%20incendios%20forestales&#038;url=https:\/\/radiorevelacionfm.cl\/?p=39547' aria-hidden='false' data-av_icon='\ue8fc' data-av_iconfont='entypo-fontello' title='' data-avia-related-tooltip='Compartir en LinkedIn' rel=\"noopener\"><span class='avia_hidden_link_text'>Compartir en LinkedIn<\/span><\/a><\/li><li class='av-share-link av-social-link-mail' ><a  aria-label=\"Compartir por correo\" href='mailto:?subject=Director%20de%20INJUV%20Ays%C3%A9n%20coordina%20labores%20de%20voluntariado%20con%20juventudes%20en%20las%20zonas%20afectadas%20por%20los%20incendios%20forestales&#038;body=https:\/\/radiorevelacionfm.cl\/?p=39547' aria-hidden='false' data-av_icon='\ue805' data-av_iconfont='entypo-fontello' title='' data-avia-related-tooltip='Compartir por correo'><span class='avia_hidden_link_text'>Compartir por correo<\/span><\/a><\/li><\/ul><\/div><\/div>\n<div  style='height:50px' class='hr hr-invisible   avia-builder-el-8  el_after_av_social_share  el_before_av_comments_list '><span class='hr-inner ' ><span class='hr-inner-style'><\/span><\/span><\/div>\n<div  class='av-buildercomment  av-blog-meta-html-info-disabled av-blog-meta-tag-disabled  '><\/div>\n","protected":false},"excerpt":{"rendered":"","protected":false},"author":1,"featured_media":39548,"comment_status":"open","ping_status":"open","sticky":false,"template":"","format":"standard","meta":{"footnotes":""},"categories":[38],"tags":[],"class_list":["post-39547","post","type-post","status-publish","format-standard","has-post-thumbnail","hentry","category-regional"],"jetpack_featured_media_url":"https:\/\/radiorevelacionfm.cl\/wp-content\/uploads\/2024\/02\/foto-5-11-1_optimized-1.jpg","_links":{"self":[{"href":"https:\/\/radiorevelacionfm.cl\/index.php?rest_route=\/wp\/v2\/posts\/39547","targetHints":{"allow":["GET"]}}],"collection":[{"href":"https:\/\/radiorevelacionfm.cl\/index.php?rest_route=\/wp\/v2\/posts"}],"about":[{"href":"https:\/\/radiorevelacionfm.cl\/index.php?rest_route=\/wp\/v2\/types\/post"}],"author":[{"embeddable":true,"href":"https:\/\/radiorevelacionfm.cl\/index.php?rest_route=\/wp\/v2\/users\/1"}],"replies":[{"embeddable":true,"href":"https:\/\/radiorevelacionfm.cl\/index.php?rest_route=%2Fwp%2Fv2%2Fcomments&post=39547"}],"version-history":[{"count":1,"href":"https:\/\/radiorevelacionfm.cl\/index.php?rest_route=\/wp\/v2\/posts\/39547\/revisions"}],"predecessor-version":[{"id":39549,"href":"https:\/\/radiorevelacionfm.cl\/index.php?rest_route=\/wp\/v2\/posts\/39547\/revisions\/39549"}],"wp:featuredmedia":[{"embeddable":true,"href":"https:\/\/radiorevelacionfm.cl\/index.php?rest_route=\/wp\/v2\/media\/39548"}],"wp:attachment":[{"href":"https:\/\/radiorevelacionfm.cl\/index.php?rest_route=%2Fwp%2Fv2%2Fmedia&parent=39547"}],"wp:term":[{"taxonomy":"category","embeddable":true,"href":"https:\/\/radiorevelacionfm.cl\/index.php?rest_route=%2Fwp%2Fv2%2Fcategories&post=39547"},{"taxonomy":"post_tag","embeddable":true,"href":"https:\/\/radiorevelacionfm.cl\/index.php?rest_route=%2Fwp%2Fv2%2Ftags&post=39547"}],"curies":[{"name":"wp","href":"https:\/\/api.w.org\/{rel}","templated":true}]}}