{"id":39544,"date":"2024-02-12T16:08:59","date_gmt":"2024-02-12T19:08:59","guid":{"rendered":"https:\/\/radiorevelacionfm.cl\/?p=39544"},"modified":"2024-02-12T16:08:59","modified_gmt":"2024-02-12T19:08:59","slug":"ya-entro-en-vigencia-la-ley-21-645-de-conciliacion-vida-personal-familiar-y-laboral","status":"publish","type":"post","link":"https:\/\/radiorevelacionfm.cl\/?p=39544","title":{"rendered":"Ya entr\u00f3 en vigencia la ley 21.645 de conciliaci\u00f3n vida personal, familiar y laboral"},"content":{"rendered":"<div class=\"flex_column av_one_full  flex_column_div av-zero-column-padding first  avia-builder-el-0  el_before_av_one_full  avia-builder-el-first  \" style='border-radius:0px; '><div  class='avia-image-container  av-styling-    avia-builder-el-1  avia-builder-el-no-sibling  avia-align-center '  itemprop=\"image\" itemscope=\"itemscope\" itemtype=\"https:\/\/schema.org\/ImageObject\"  ><div class='avia-image-container-inner'><div class='avia-image-overlay-wrap'><img decoding=\"async\" class='wp-image-39545 avia-img-lazy-loading-not-39545 avia_image' src=\"https:\/\/radiorevelacionfm.cl\/wp-content\/uploads\/2024\/02\/Ley-Conciliacion-1-1.jpeg\" alt='' title='Ley Conciliacion (1) (1)' height=\"600\" width=\"864\"  itemprop=\"thumbnailUrl\" srcset=\"https:\/\/radiorevelacionfm.cl\/wp-content\/uploads\/2024\/02\/Ley-Conciliacion-1-1.jpeg 864w, https:\/\/radiorevelacionfm.cl\/wp-content\/uploads\/2024\/02\/Ley-Conciliacion-1-1-300x208.jpeg 300w, https:\/\/radiorevelacionfm.cl\/wp-content\/uploads\/2024\/02\/Ley-Conciliacion-1-1-768x533.jpeg 768w, https:\/\/radiorevelacionfm.cl\/wp-content\/uploads\/2024\/02\/Ley-Conciliacion-1-1-705x490.jpeg 705w, https:\/\/radiorevelacionfm.cl\/wp-content\/uploads\/2024\/02\/Ley-Conciliacion-1-1-450x313.jpeg 450w, https:\/\/radiorevelacionfm.cl\/wp-content\/uploads\/2024\/02\/Ley-Conciliacion-1-1-600x417.jpeg 600w\" sizes=\"(max-width: 864px) 100vw, 864px\" \/><\/div><\/div><\/div><\/div><div class=\"flex_column av_one_full  flex_column_div av-zero-column-padding first  avia-builder-el-2  el_after_av_one_full  el_before_av_one_full  column-top-margin\" style='border-radius:0px; '><section class=\"av_textblock_section \"  itemscope=\"itemscope\" itemtype=\"https:\/\/schema.org\/BlogPosting\" itemprop=\"blogPost\" ><div class='avia_textblock  '   itemprop=\"text\" ><p style=\"text-align: center;\"><span style=\"font-size: 18pt;\"><b>Ya entr\u00f3 en vigencia la ley 21.645 de conciliaci\u00f3n vida personal, familiar y laboral<\/b><\/span><\/p>\n<div id=\"gtx-trans\" style=\"position: absolute; left: -50px; top: 4.31534px;\">\n<div class=\"gtx-trans-icon\"><\/div>\n<\/div>\n<\/div><\/section><\/div><div class=\"flex_column av_one_full  flex_column_div av-zero-column-padding first  avia-builder-el-4  el_after_av_one_full  el_before_av_hr  column-top-margin\" style='border-radius:0px; '><section class=\"av_textblock_section \"  itemscope=\"itemscope\" itemtype=\"https:\/\/schema.org\/BlogPosting\" itemprop=\"blogPost\" ><div class='avia_textblock  '   itemprop=\"text\" ><p style=\"text-align: justify;\">El Seremi del Trabajo y Previsi\u00f3n Social, Rodrigo D\u00edaz Cordaro se reuni\u00f3 con dirigentas para explicar detalles de la entrada en vigencia de la Ley de Conciliaci\u00f3n de la Vida Personal, Familiar y Laboral, participando tambi\u00e9n la directora regional de Sernameg, Patricia Baeza y el Director(s) de la Direcci\u00f3n del Trabajo, Christian Aros, quien dio a conocer el Dictamen que se emiti\u00f3 con el fin de implementar el contenido que incorpora dicha normativa.<\/p>\n<p style=\"text-align: justify;\">La exposici\u00f3n sobre la ley estuvo a cargo del Seremi de Trabajo y Previsi\u00f3n Social, Rodrigo D\u00edaz Cordaro, quien abord\u00f3 los aspectos pr\u00e1cticos y su esp\u00edritu, \u00abEstuvimos con dirigentas sociales y sindicales conversando sobre el inicio de esta ley que concilia el tiempo laboral, familiar y personal, y que nos permite avanzar como sociedad. Es importante mencionar que este lunes 29 de enero ya entr\u00f3 en vigencia y, por lo tanto, los trabajadores y las trabajadoras deben informarse para acceder a los beneficios de esta ley\u00bb, dijo la autoridad, quien mencion\u00f3 que en marzo esperan realizar una jornada informativa al respecto junto a la Direcci\u00f3n del Trabajo.<\/p>\n<p style=\"text-align: justify;\">La Ley 21.645 beneficia a m\u00e1s de 11 mil personas en nuestra Regi\u00f3n de Ays\u00e9n, emiti\u00e9ndose un dictamen a prop\u00f3sito de ella, as\u00ed lo manifest\u00f3 el Director(s) regional del Trabajo, Christian Aros, \u00abnuestro servicio como Direcci\u00f3n del Trabajo, en cumplimiento con nuestro rol de interpretaci\u00f3n de la normativa laboral vigente, hemos emitido el Dictamen 6701 de fecha 26 de enero 2024 que viene a interpretar y a dar una mayor eficacia a la ley 21.645. En esta reuni\u00f3n entregamos la informaci\u00f3n del dictamen y comentamos la interpretaci\u00f3n que hace nuestro servicio de la ley para darle una operatividad y una bajada pr\u00e1ctica a la misma\u00bb, puntualiz\u00f3.<\/p>\n<p style=\"text-align: justify;\">\u00abEl avance legislativo en esta materia es sumamente importante porque permite relevar el tema de los cuidados, que hist\u00f3ricamente ha estado a cargo de las mujeres y que nos permite conciliar tanto la vida laboral como familiar\u00bb, acot\u00f3 la Directora regional de Sernameg, Patricia Baeza.<\/p>\n<p style=\"text-align: justify;\">Por su parte, Blanca Navarrete, presidenta del Sindicato Unimarc Coyhaique, afirm\u00f3 \u00abCreo que es una tremenda noticia para nosotros porque esto nos ata\u00f1e directamente a los trabajadores del sector privado, donde siempre hay problemas, sobre todo en las grandes empresas, por los temas de permisos, de enfermedades de los hijos y de los pap\u00e1s. Gracias por la invitaci\u00f3n porque nos va a ayudar mucho\u00bb.<\/p>\n<p style=\"text-align: justify;\">\u00abUna ley muy importante para las empresas privadas, para que la gente vaya interioriz\u00e1ndose y tambi\u00e9n con respecto a los derechos, para quienes tienen hijos menores de 18 a\u00f1os, como los permisos, el sistema de trabajo que puede cambiar seg\u00fan el cargo que ocupen. As\u00ed que muy importante, agradezco mucho la invitaci\u00f3n, potenciar esto, trabajar en la inclusi\u00f3n y agradecemos estos espacios que nos da el Seremi para conversar y abordar estos temas fundamentales hoy, ya que la vida familiar es muy importante\u00bb, mencion\u00f3 Cecilia Cheuquian, dirigenta de Asperger Patagonia.<\/p>\n<p style=\"text-align: justify;\">Esta ley que\u00a0<a href=\"https:\/\/www.subtrab.gob.cl\/presidente-gabriel-boric-promulga-la-ley-que-concilia-la-vida-laboral-familiar-y-personal\/\" target=\"_blank\" rel=\"noopener noreferrer\">modifica el C\u00f3digo del Trabajo estableciendo el derecho al teletrabajo e incorpora medidas de corresponsabilidad social<\/a>, beneficiar\u00e1 a un universo estimado de m\u00e1s de 360.000 trabajadoras y trabajadores en nuestro pa\u00eds, afirmando el Ministro(s) del Trabajo y Previsi\u00f3n Social, Giorgio Boccardo, que \u00abesta Ley es parte del programa de Gobierno del Presidente Boric y ha puesto en el centro pol\u00edticas que favorecen la inclusi\u00f3n laboral de las mujeres, entregando herramientas que permitan mayor participaci\u00f3n en empleos remunerados, as\u00ed como tambi\u00e9n equiparar la cancha para ellas, ya que muchas veces los cuidados culturalmente se han concentrado en las mujeres\u00bb.<\/p>\n<p style=\"text-align: justify;\"><span style=\"font-size: 12pt;\"><b><u>Contenido de la Ley<\/u><\/b><\/span><b><u><\/u><\/b><\/p>\n<p style=\"text-align: justify;\">Como se mencion\u00f3 anteriormente, con la entrada en vigor de la ley, la Direcci\u00f3n del Trabajo emiti\u00f3 un dictamen con el fin de implementar el contenido que incorpora dicha normativa. As\u00ed mismo, SUSESO emiti\u00f3 una circular, ya que en el marco de las acciones preventivas para el cuidado de la salud mental en el trabajo que deben entregar permanentemente las mutualidades de empleadores (ACHS, IST, MUSEG) e ISL, se instruy\u00f3 a dichas entidades de informar, educar y sensibilizar sobre la importancia de la conciliaci\u00f3n de la vida personal, familiar y laboral. Esto a trav\u00e9s de una campa\u00f1a de difusi\u00f3n conjunta masiva y de brindar a las empresas la asistencia t\u00e9cnica necesaria para la implementaci\u00f3n de los principios sobre parentalidad positiva, corresponsabilidad social y protecci\u00f3n a la maternidad y la paternidad.<\/p>\n<p style=\"text-align: justify;\">La Ley de Conciliaci\u00f3n establece el derecho a modalidades h\u00edbridas, de modo que las y los trabajadores puedan efectuar todo o parte de su jornada diaria o semanal en esas modalidades en la medida que la naturaleza de sus funciones lo permita.<\/p>\n<p style=\"text-align: justify;\">Quienes podr\u00e1n acceder ser\u00e1n las y los trabajadores que tengan el cuidado personal de un ni\u00f1o o ni\u00f1a menor de 14 a\u00f1os, o quienes tengan a su cargo el cuidado de una persona con discapacidad o en situaci\u00f3n de dependencia severa o moderada, no importando la edad de quien se cuida.<\/p>\n<p style=\"text-align: justify;\">La legislaci\u00f3n, adem\u00e1s, reconoce tambi\u00e9n otros derechos laborales destinados a favorecer la conciliaci\u00f3n de la vida laboral y la vida familiar. Por ejemplo, el derecho al uso preferente del feriado legal, estableciendo que las y los trabajadores que tengan a su cuidado a un ni\u00f1o o ni\u00f1a menor de 14 a\u00f1os o un adolescente menor de 18 a\u00f1os con una discapacidad, tendr\u00e1n el derecho preferente al uso el feriado legal durante el periodo de vacaciones establecido por el Ministerio de Educaci\u00f3n, debiendo analizar su solicitud en forma preferente a aquellas personas sin estas responsabilidades.<\/p>\n<p style=\"text-align: justify;\">De igual modo, reconoce el derecho a la modificaci\u00f3n transitoria del sistema de turnos o la distribuci\u00f3n de la jornada diaria semanal.<\/p>\n<p style=\"text-align: justify;\">En ambas situaciones la persona trabajadora deber\u00e1 acreditar que es cuidadora de personas causantes del derecho. Por ejemplo, mediante certificados de nacimiento del ni\u00f1o o ni\u00f1a o del documento judicial que acredite cuidado personal; de inscripci\u00f3n en el Registro Nacional de Discapacidad; o de registro de cuidador de una persona en situaci\u00f3n de dependencia moderada o severa.<\/p>\n<p style=\"text-align: justify;\">Para mayor informaci\u00f3n, los interesados pueden ingresar al sitio web\u00a0<a href=\"https:\/\/www.subtrab.gob.cl\/conciliacion\" target=\"_blank\" rel=\"noopener noreferrer\">https:\/\/www.subtrab.gob.cl\/conciliacion<\/a><\/p>\n<\/div><\/section><\/div><div  style='height:50px' class='hr hr-invisible   avia-builder-el-6  el_after_av_one_full  el_before_av_social_share '><span class='hr-inner ' ><span class='hr-inner-style'><\/span><\/span><\/div><\/p>\n<div  class='av-social-sharing-box  avia-builder-el-7  el_after_av_hr  el_before_av_hr  '><div class='av-share-box'><h5 class='av-share-link-description av-no-toc '>Compartir esta noticia<\/h5><ul class='av-share-box-list noLightbox'><li class='av-share-link av-social-link-facebook' ><a target=\"_blank\" aria-label=\"Compartir en Facebook\" href='https:\/\/www.facebook.com\/sharer.php?u=https:\/\/radiorevelacionfm.cl\/?p=39544&#038;t=Ya%20entr%C3%B3%20en%20vigencia%20la%20ley%2021.645%20de%20conciliaci%C3%B3n%20vida%20personal%2C%20familiar%20y%20laboral' aria-hidden='false' data-av_icon='\ue8f3' data-av_iconfont='entypo-fontello' title='' data-avia-related-tooltip='Compartir en Facebook' rel=\"noopener\"><span class='avia_hidden_link_text'>Compartir en Facebook<\/span><\/a><\/li><li class='av-share-link av-social-link-twitter' ><a target=\"_blank\" aria-label=\"Compartir en Twitter\" href='https:\/\/twitter.com\/share?text=Ya%20entr%C3%B3%20en%20vigencia%20la%20ley%2021.645%20de%20conciliaci%C3%B3n%20vida%20personal%2C%20familiar%20y%20laboral&#038;url=https:\/\/radiorevelacionfm.cl\/?p=39544' aria-hidden='false' data-av_icon='\ue8f1' data-av_iconfont='entypo-fontello' title='' data-avia-related-tooltip='Compartir en Twitter' rel=\"noopener\"><span class='avia_hidden_link_text'>Compartir en Twitter<\/span><\/a><\/li><li class='av-share-link av-social-link-whatsapp' ><a target=\"_blank\" aria-label=\"Compartir en Whatsapp\" href='https:\/\/api.whatsapp.com\/send?text=https:\/\/radiorevelacionfm.cl\/?p=39544' aria-hidden='false' data-av_icon='\uf232' data-av_iconfont='entypo-fontello' title='' data-avia-related-tooltip='Compartir en Whatsapp' rel=\"noopener\"><span class='avia_hidden_link_text'>Compartir en Whatsapp<\/span><\/a><\/li><li class='av-share-link av-social-link-linkedin' ><a target=\"_blank\" aria-label=\"Compartir en LinkedIn\" href='https:\/\/linkedin.com\/shareArticle?mini=true&#038;title=Ya%20entr%C3%B3%20en%20vigencia%20la%20ley%2021.645%20de%20conciliaci%C3%B3n%20vida%20personal%2C%20familiar%20y%20laboral&#038;url=https:\/\/radiorevelacionfm.cl\/?p=39544' aria-hidden='false' data-av_icon='\ue8fc' data-av_iconfont='entypo-fontello' title='' data-avia-related-tooltip='Compartir en LinkedIn' rel=\"noopener\"><span class='avia_hidden_link_text'>Compartir en LinkedIn<\/span><\/a><\/li><li class='av-share-link av-social-link-mail' ><a  aria-label=\"Compartir por correo\" href='mailto:?subject=Ya%20entr%C3%B3%20en%20vigencia%20la%20ley%2021.645%20de%20conciliaci%C3%B3n%20vida%20personal%2C%20familiar%20y%20laboral&#038;body=https:\/\/radiorevelacionfm.cl\/?p=39544' aria-hidden='false' data-av_icon='\ue805' data-av_iconfont='entypo-fontello' title='' data-avia-related-tooltip='Compartir por correo'><span class='avia_hidden_link_text'>Compartir por correo<\/span><\/a><\/li><\/ul><\/div><\/div>\n<div  style='height:50px' class='hr hr-invisible   avia-builder-el-8  el_after_av_social_share  el_before_av_comments_list '><span class='hr-inner ' ><span class='hr-inner-style'><\/span><\/span><\/div>\n<div  class='av-buildercomment  av-blog-meta-html-info-disabled av-blog-meta-tag-disabled  '><\/div>\n","protected":false},"excerpt":{"rendered":"","protected":false},"author":1,"featured_media":39545,"comment_status":"open","ping_status":"open","sticky":false,"template":"","format":"standard","meta":{"footnotes":""},"categories":[56],"tags":[],"class_list":["post-39544","post","type-post","status-publish","format-standard","has-post-thumbnail","hentry","category-trabajo"],"jetpack_featured_media_url":"https:\/\/radiorevelacionfm.cl\/wp-content\/uploads\/2024\/02\/Ley-Conciliacion-1-1.jpeg","_links":{"self":[{"href":"https:\/\/radiorevelacionfm.cl\/index.php?rest_route=\/wp\/v2\/posts\/39544","targetHints":{"allow":["GET"]}}],"collection":[{"href":"https:\/\/radiorevelacionfm.cl\/index.php?rest_route=\/wp\/v2\/posts"}],"about":[{"href":"https:\/\/radiorevelacionfm.cl\/index.php?rest_route=\/wp\/v2\/types\/post"}],"author":[{"embeddable":true,"href":"https:\/\/radiorevelacionfm.cl\/index.php?rest_route=\/wp\/v2\/users\/1"}],"replies":[{"embeddable":true,"href":"https:\/\/radiorevelacionfm.cl\/index.php?rest_route=%2Fwp%2Fv2%2Fcomments&post=39544"}],"version-history":[{"count":1,"href":"https:\/\/radiorevelacionfm.cl\/index.php?rest_route=\/wp\/v2\/posts\/39544\/revisions"}],"predecessor-version":[{"id":39546,"href":"https:\/\/radiorevelacionfm.cl\/index.php?rest_route=\/wp\/v2\/posts\/39544\/revisions\/39546"}],"wp:featuredmedia":[{"embeddable":true,"href":"https:\/\/radiorevelacionfm.cl\/index.php?rest_route=\/wp\/v2\/media\/39545"}],"wp:attachment":[{"href":"https:\/\/radiorevelacionfm.cl\/index.php?rest_route=%2Fwp%2Fv2%2Fmedia&parent=39544"}],"wp:term":[{"taxonomy":"category","embeddable":true,"href":"https:\/\/radiorevelacionfm.cl\/index.php?rest_route=%2Fwp%2Fv2%2Fcategories&post=39544"},{"taxonomy":"post_tag","embeddable":true,"href":"https:\/\/radiorevelacionfm.cl\/index.php?rest_route=%2Fwp%2Fv2%2Ftags&post=39544"}],"curies":[{"name":"wp","href":"https:\/\/api.w.org\/{rel}","templated":true}]}}