{"id":39535,"date":"2024-02-09T20:30:51","date_gmt":"2024-02-09T23:30:51","guid":{"rendered":"https:\/\/radiorevelacionfm.cl\/?p=39535"},"modified":"2024-02-09T20:30:51","modified_gmt":"2024-02-09T23:30:51","slug":"decomisan-mas-de-3-kilos-de-cannabis-y-1-708-gramos-de-clorhidrato-de-cocaina-proveniente-de-santiago","status":"publish","type":"post","link":"https:\/\/radiorevelacionfm.cl\/?p=39535","title":{"rendered":"Decomisan m\u00e1s de 3 kilos de cannabis y 1.708 gramos de clorhidrato de coca\u00edna proveniente de Santiago"},"content":{"rendered":"<div class=\"flex_column av_one_full  flex_column_div av-zero-column-padding first  avia-builder-el-0  el_before_av_one_full  avia-builder-el-first  \" style='border-radius:0px; '><div  class='avia-image-container  av-styling-    avia-builder-el-1  avia-builder-el-no-sibling  avia-align-center '  itemprop=\"image\" itemscope=\"itemscope\" itemtype=\"https:\/\/schema.org\/ImageObject\"  ><div class='avia-image-container-inner'><div class='avia-image-overlay-wrap'><img decoding=\"async\" class='wp-image-39536 avia-img-lazy-loading-not-39536 avia_image' src=\"https:\/\/radiorevelacionfm.cl\/wp-content\/uploads\/2024\/02\/PDI-INCAUTACION-FEB-1-1.jpeg\" alt='' title='PDI INCAUTACION FEB (1) (1)' height=\"600\" width=\"800\"  itemprop=\"thumbnailUrl\" srcset=\"https:\/\/radiorevelacionfm.cl\/wp-content\/uploads\/2024\/02\/PDI-INCAUTACION-FEB-1-1.jpeg 800w, https:\/\/radiorevelacionfm.cl\/wp-content\/uploads\/2024\/02\/PDI-INCAUTACION-FEB-1-1-300x225.jpeg 300w, https:\/\/radiorevelacionfm.cl\/wp-content\/uploads\/2024\/02\/PDI-INCAUTACION-FEB-1-1-768x576.jpeg 768w, https:\/\/radiorevelacionfm.cl\/wp-content\/uploads\/2024\/02\/PDI-INCAUTACION-FEB-1-1-705x529.jpeg 705w, https:\/\/radiorevelacionfm.cl\/wp-content\/uploads\/2024\/02\/PDI-INCAUTACION-FEB-1-1-450x338.jpeg 450w, https:\/\/radiorevelacionfm.cl\/wp-content\/uploads\/2024\/02\/PDI-INCAUTACION-FEB-1-1-600x450.jpeg 600w\" sizes=\"(max-width: 800px) 100vw, 800px\" \/><\/div><\/div><\/div><\/div><div class=\"flex_column av_one_full  flex_column_div av-zero-column-padding first  avia-builder-el-2  el_after_av_one_full  el_before_av_one_full  column-top-margin\" style='border-radius:0px; '><section class=\"av_textblock_section \"  itemscope=\"itemscope\" itemtype=\"https:\/\/schema.org\/BlogPosting\" itemprop=\"blogPost\" ><div class='avia_textblock  '   itemprop=\"text\" ><p style=\"text-align: center;\"><strong><span style=\"font-size: 18pt;\">Decomisan m\u00e1s de 3 kilos de cannabis y 1.708 gramos de clorhidrato de coca\u00edna proveniente de Santiago<\/span><\/strong><\/p>\n<div id=\"gtx-trans\" style=\"position: absolute; left: -50px; top: 4.31534px;\">\n<div class=\"gtx-trans-icon\"><\/div>\n<\/div>\n<\/div><\/section><\/div><div class=\"flex_column av_one_full  flex_column_div av-zero-column-padding first  avia-builder-el-4  el_after_av_one_full  el_before_av_hr  column-top-margin\" style='border-radius:0px; '><section class=\"av_textblock_section \"  itemscope=\"itemscope\" itemtype=\"https:\/\/schema.org\/BlogPosting\" itemprop=\"blogPost\" ><div class='avia_textblock  '   itemprop=\"text\" ><p style=\"text-align: justify;\">Como parte de su constante preocupaci\u00f3n por detectar el crimen organizado, el Ministerio P\u00fablico formaliz\u00f3 una investigaci\u00f3n por el delito de tr\u00e1fico de drogas en contra de dos imputados de 35 y 27 a\u00f1os, uno proveniente de Santiago y otro residente en Coyhaique, quienes pretend\u00edan ingresar m\u00e1s de 4 kilos 700 gramos de marihuana y clorhidrato de coca\u00edna a la Regi\u00f3n de Ays\u00e9n.<\/p>\n<p style=\"text-align: justify;\">Su detenci\u00f3n fue efectuada por la Brigada Antinarc\u00f3ticos y Contra el Crimen Organizado de Coyhaique, BRIANCO de la PDI, en el marco de una investigaci\u00f3n por tr\u00e1fico il\u00edcito de estupefacientes que dirige la Fiscal\u00eda.<\/p>\n<p style=\"text-align: justify;\">De acuerdo a lo expuesto en la audiencia de formalizaci\u00f3n por el fiscal jefe de Coyhaique, Jos\u00e9 Moris, los imputados coordinaron el traslado de droga desde Santiago a Coyhaique, env\u00edo que fue detectado por la PDI, como parte de diligencias investigativas destinadas a desbaratar el tr\u00e1fico de estupefacientes hacia la Regi\u00f3n de Ays\u00e9n. La droga decomisada alcanz\u00f3 los 3 kilos de marihuana y 1.708 gramos de coca\u00edna.<\/p>\n<p style=\"text-align: justify;\">En la audiencia de formalizaci\u00f3n, el fiscal Jos\u00e9 Moris solicit\u00f3 la prisi\u00f3n preventiva de ambos imputados, considerando la gravedad de la pena asignada al delito, medida cautelar que fue acogida por el juez Mario Devaud, quien decret\u00f3 un plazo de investigaci\u00f3n de 90 d\u00edas.<\/p>\n<p class=\" aBigClassNameToAvoidCollisionInText\" style=\"text-align: justify;\">Por su parte el subprefecto Jorge Collao, jefe de la Brigada Antinarc\u00f3ticos y Contra el Crimen Organizado Coyhaique, coment\u00f3 que \u201ctras una investigaci\u00f3n y el an\u00e1lisis criminal, logramos desbaratar una banda criminal que se dedicaba a introducir, distribuir y vender drogas en la Regi\u00f3n de Ays\u00e9n, las que eran enviadas desde la Regi\u00f3n Metropolitana, utilizando empresas de \u201ccourier\u201d. En un operativo coordinado con el Ministerio P\u00fablico, logramos incautar m\u00e1s de cuatro kilos de cannabis y coca\u00edna, y detener a tres individuos, dos de los cuales quedaron a disposici\u00f3n del Juzgado de Garant\u00eda\u201d.<\/p>\n<\/div><\/section><\/div><div  style='height:50px' class='hr hr-invisible   avia-builder-el-6  el_after_av_one_full  el_before_av_social_share '><span class='hr-inner ' ><span class='hr-inner-style'><\/span><\/span><\/div><\/p>\n<div  class='av-social-sharing-box  avia-builder-el-7  el_after_av_hr  el_before_av_hr  '><div class='av-share-box'><h5 class='av-share-link-description av-no-toc '>Compartir esta noticia<\/h5><ul class='av-share-box-list noLightbox'><li class='av-share-link av-social-link-facebook' ><a target=\"_blank\" aria-label=\"Compartir en Facebook\" href='https:\/\/www.facebook.com\/sharer.php?u=https:\/\/radiorevelacionfm.cl\/?p=39535&#038;t=Decomisan%20m%C3%A1s%20de%203%20kilos%20de%20cannabis%20y%201.708%20gramos%20de%20clorhidrato%20de%20coca%C3%ADna%20proveniente%20de%20Santiago' aria-hidden='false' data-av_icon='\ue8f3' data-av_iconfont='entypo-fontello' title='' data-avia-related-tooltip='Compartir en Facebook' rel=\"noopener\"><span class='avia_hidden_link_text'>Compartir en Facebook<\/span><\/a><\/li><li class='av-share-link av-social-link-twitter' ><a target=\"_blank\" aria-label=\"Compartir en Twitter\" href='https:\/\/twitter.com\/share?text=Decomisan%20m%C3%A1s%20de%203%20kilos%20de%20cannabis%20y%201.708%20gramos%20de%20clorhidrato%20de%20coca%C3%ADna%20proveniente%20de%20Santiago&#038;url=https:\/\/radiorevelacionfm.cl\/?p=39535' aria-hidden='false' data-av_icon='\ue8f1' data-av_iconfont='entypo-fontello' title='' data-avia-related-tooltip='Compartir en Twitter' rel=\"noopener\"><span class='avia_hidden_link_text'>Compartir en Twitter<\/span><\/a><\/li><li class='av-share-link av-social-link-whatsapp' ><a target=\"_blank\" aria-label=\"Compartir en Whatsapp\" href='https:\/\/api.whatsapp.com\/send?text=https:\/\/radiorevelacionfm.cl\/?p=39535' aria-hidden='false' data-av_icon='\uf232' data-av_iconfont='entypo-fontello' title='' data-avia-related-tooltip='Compartir en Whatsapp' rel=\"noopener\"><span class='avia_hidden_link_text'>Compartir en Whatsapp<\/span><\/a><\/li><li class='av-share-link av-social-link-linkedin' ><a target=\"_blank\" aria-label=\"Compartir en LinkedIn\" href='https:\/\/linkedin.com\/shareArticle?mini=true&#038;title=Decomisan%20m%C3%A1s%20de%203%20kilos%20de%20cannabis%20y%201.708%20gramos%20de%20clorhidrato%20de%20coca%C3%ADna%20proveniente%20de%20Santiago&#038;url=https:\/\/radiorevelacionfm.cl\/?p=39535' aria-hidden='false' data-av_icon='\ue8fc' data-av_iconfont='entypo-fontello' title='' data-avia-related-tooltip='Compartir en LinkedIn' rel=\"noopener\"><span class='avia_hidden_link_text'>Compartir en LinkedIn<\/span><\/a><\/li><li class='av-share-link av-social-link-mail' ><a  aria-label=\"Compartir por correo\" href='mailto:?subject=Decomisan%20m%C3%A1s%20de%203%20kilos%20de%20cannabis%20y%201.708%20gramos%20de%20clorhidrato%20de%20coca%C3%ADna%20proveniente%20de%20Santiago&#038;body=https:\/\/radiorevelacionfm.cl\/?p=39535' aria-hidden='false' data-av_icon='\ue805' data-av_iconfont='entypo-fontello' title='' data-avia-related-tooltip='Compartir por correo'><span class='avia_hidden_link_text'>Compartir por correo<\/span><\/a><\/li><\/ul><\/div><\/div>\n<div  style='height:50px' class='hr hr-invisible   avia-builder-el-8  el_after_av_social_share  el_before_av_comments_list '><span class='hr-inner ' ><span class='hr-inner-style'><\/span><\/span><\/div>\n<div  class='av-buildercomment  av-blog-meta-html-info-disabled av-blog-meta-tag-disabled  '><\/div>\n","protected":false},"excerpt":{"rendered":"","protected":false},"author":1,"featured_media":39536,"comment_status":"open","ping_status":"open","sticky":false,"template":"","format":"standard","meta":{"footnotes":""},"categories":[36],"tags":[],"class_list":["post-39535","post","type-post","status-publish","format-standard","has-post-thumbnail","hentry","category-policial"],"jetpack_featured_media_url":"https:\/\/radiorevelacionfm.cl\/wp-content\/uploads\/2024\/02\/PDI-INCAUTACION-FEB-1-1.jpeg","_links":{"self":[{"href":"https:\/\/radiorevelacionfm.cl\/index.php?rest_route=\/wp\/v2\/posts\/39535","targetHints":{"allow":["GET"]}}],"collection":[{"href":"https:\/\/radiorevelacionfm.cl\/index.php?rest_route=\/wp\/v2\/posts"}],"about":[{"href":"https:\/\/radiorevelacionfm.cl\/index.php?rest_route=\/wp\/v2\/types\/post"}],"author":[{"embeddable":true,"href":"https:\/\/radiorevelacionfm.cl\/index.php?rest_route=\/wp\/v2\/users\/1"}],"replies":[{"embeddable":true,"href":"https:\/\/radiorevelacionfm.cl\/index.php?rest_route=%2Fwp%2Fv2%2Fcomments&post=39535"}],"version-history":[{"count":1,"href":"https:\/\/radiorevelacionfm.cl\/index.php?rest_route=\/wp\/v2\/posts\/39535\/revisions"}],"predecessor-version":[{"id":39537,"href":"https:\/\/radiorevelacionfm.cl\/index.php?rest_route=\/wp\/v2\/posts\/39535\/revisions\/39537"}],"wp:featuredmedia":[{"embeddable":true,"href":"https:\/\/radiorevelacionfm.cl\/index.php?rest_route=\/wp\/v2\/media\/39536"}],"wp:attachment":[{"href":"https:\/\/radiorevelacionfm.cl\/index.php?rest_route=%2Fwp%2Fv2%2Fmedia&parent=39535"}],"wp:term":[{"taxonomy":"category","embeddable":true,"href":"https:\/\/radiorevelacionfm.cl\/index.php?rest_route=%2Fwp%2Fv2%2Fcategories&post=39535"},{"taxonomy":"post_tag","embeddable":true,"href":"https:\/\/radiorevelacionfm.cl\/index.php?rest_route=%2Fwp%2Fv2%2Ftags&post=39535"}],"curies":[{"name":"wp","href":"https:\/\/api.w.org\/{rel}","templated":true}]}}