{"id":39529,"date":"2024-02-09T19:56:08","date_gmt":"2024-02-09T22:56:08","guid":{"rendered":"https:\/\/radiorevelacionfm.cl\/?p=39529"},"modified":"2024-02-09T19:56:08","modified_gmt":"2024-02-09T22:56:08","slug":"vecinos-de-la-comuna-de-chile-chico-recibieron-la-anhelada-casa-propia","status":"publish","type":"post","link":"https:\/\/radiorevelacionfm.cl\/?p=39529","title":{"rendered":"Vecinos de la comuna de Chile Chico recibieron la anhelada casa propia"},"content":{"rendered":"<div class=\"flex_column av_one_full  flex_column_div av-zero-column-padding first  avia-builder-el-0  el_before_av_one_full  avia-builder-el-first  \" style='border-radius:0px; '><div  class='avia-image-container  av-styling-    avia-builder-el-1  avia-builder-el-no-sibling  avia-align-center '  itemprop=\"image\" itemscope=\"itemscope\" itemtype=\"https:\/\/schema.org\/ImageObject\"  ><div class='avia-image-container-inner'><div class='avia-image-overlay-wrap'><img decoding=\"async\" class='wp-image-39530 avia-img-lazy-loading-not-39530 avia_image' src=\"https:\/\/radiorevelacionfm.cl\/wp-content\/uploads\/2024\/02\/IMG_7879-1-1.jpeg\" alt='' title='IMG_7879 (1) (1)' height=\"600\" width=\"800\"  itemprop=\"thumbnailUrl\" srcset=\"https:\/\/radiorevelacionfm.cl\/wp-content\/uploads\/2024\/02\/IMG_7879-1-1.jpeg 800w, https:\/\/radiorevelacionfm.cl\/wp-content\/uploads\/2024\/02\/IMG_7879-1-1-300x225.jpeg 300w, https:\/\/radiorevelacionfm.cl\/wp-content\/uploads\/2024\/02\/IMG_7879-1-1-768x576.jpeg 768w, https:\/\/radiorevelacionfm.cl\/wp-content\/uploads\/2024\/02\/IMG_7879-1-1-705x529.jpeg 705w, https:\/\/radiorevelacionfm.cl\/wp-content\/uploads\/2024\/02\/IMG_7879-1-1-450x338.jpeg 450w, https:\/\/radiorevelacionfm.cl\/wp-content\/uploads\/2024\/02\/IMG_7879-1-1-600x450.jpeg 600w\" sizes=\"(max-width: 800px) 100vw, 800px\" \/><\/div><\/div><\/div><\/div><div class=\"flex_column av_one_full  flex_column_div av-zero-column-padding first  avia-builder-el-2  el_after_av_one_full  el_before_av_one_full  column-top-margin\" style='border-radius:0px; '><section class=\"av_textblock_section \"  itemscope=\"itemscope\" itemtype=\"https:\/\/schema.org\/BlogPosting\" itemprop=\"blogPost\" ><div class='avia_textblock  '   itemprop=\"text\" ><p style=\"text-align: center;\"><strong><span style=\"font-size: 18pt;\">Vecinos de la comuna de Chile Chico recibieron la anhelada casa propia<\/span><\/strong><\/p>\n<div id=\"gtx-trans\" style=\"position: absolute; left: -50px; top: 4.31534px;\">\n<div class=\"gtx-trans-icon\"><\/div>\n<\/div>\n<\/div><\/section><\/div><div class=\"flex_column av_one_full  flex_column_div av-zero-column-padding first  avia-builder-el-4  el_after_av_one_full  el_before_av_hr  column-top-margin\" style='border-radius:0px; '><section class=\"av_textblock_section \"  itemscope=\"itemscope\" itemtype=\"https:\/\/schema.org\/BlogPosting\" itemprop=\"blogPost\" ><div class='avia_textblock  '   itemprop=\"text\" ><p style=\"text-align: justify;\">El pasado 6 y 7 de febrero, vecinos de la comuna de Chile Chico se vieron beneficiados con la entrega de sus viviendas en los sectores de Puerto Guadal, Mall\u00edn Grande y Bah\u00eda Jara, esto como parte del Programa de Habitabilidad Rural del Ministerio de Vivienda y Urbanismo (Minvu).<\/p>\n<p style=\"text-align: justify;\">Los ahora propietarios postularon a los subsidios durante el 2019 y tras 5 a\u00f1os de espera y trabajo, oficialmente pudieron abrir las puertas de sus nuevos hogares, desde donde escribir\u00e1n nuevas p\u00e1ginas en el libro de la vida junto a sus seres queridos.<\/p>\n<p style=\"text-align: justify;\">Raquel Ramos, una de las beneficiarias del Programa de Habitabilidad Rural en Bah\u00eda Jara, se mostr\u00f3 feliz con este logro y valor\u00f3 los detalles de dise\u00f1o y materialidad de su casa propia, a\u00f1adiendo que \u201cyo pensaba que ser\u00eda m\u00e1s peque\u00f1a, pero es muy grande. Estoy muy contenta\u201d, concluy\u00f3 la vecina.<\/p>\n<p style=\"text-align: justify;\">Por su parte, la Seremi de Vivienda y Urbanismo de Ays\u00e9n, Paulina Ruz Delf\u00edn, expres\u00f3 en el lugar que \u201cpara nosotros es importante llegar a todos los territorios y todas las comunas de la Regi\u00f3n de Ays\u00e9n\u201d, agregando que \u201cactualmente tenemos nuestro Plan de Emergencia Habitacional, el cual pretende llegar con mil 293 viviendas a lo largo de la Regi\u00f3n de Ays\u00e9n, lo que tambi\u00e9n tiene un fuerte componente descentralizador\u201d. La autoridad termin\u00f3 afirmando que \u201cla idea de este Programa de Habitabilidad Rural es permitir que las familias de estos sectores puedan construir sus hogares mediante la modalidad de Construcci\u00f3n en Sitio Residente, algo que se ha ido logrando con mucho \u00e9xito en diferentes comunas de la regi\u00f3n\u201d.<\/p>\n<p style=\"text-align: justify;\">Est\u00e1s entregas tambi\u00e9n contaron con la presencia del Delegado Presidencial Provincial de General Carrera, Crist\u00f3bal Barcel\u00f3, quien con mucha satisfacci\u00f3n destac\u00f3 el significado que da el Gobierno a estos adelantos tan significativos para las familias. \u201cEs importante y muy significativo el impacto que tiene sobre las comunidades este tipo de proyectos\u201d, a\u00f1adiendo que hay diversos proyectos del Ministerio de Vivienda y Urbanismo que se han ejecutado en la provincia. \u201cQueremos destacar y reconocer el trabajo de la Seremi con su equipo, ya que, por supuesto, viene a beneficiar y complementar una ardua labor, sobre todo considerando que este era un tema que ten\u00edamos pendiente como Estado en la provincia\u201d, precis\u00f3.<\/p>\n<p style=\"text-align: justify;\">Tanto beneficiarios como autoridades coincidieron en destacar la calidad, seguridad, dise\u00f1o, materialidad y tama\u00f1o de las viviendas entregadas, las que se suman a las m\u00e1s de 400 soluciones que entreg\u00f3 el Ministerio de Vivienda y Urbanismo en la regi\u00f3n durante el 2023, las que le permiten superar ya el 46% de la meta regional trazada en el marco del Plan de Emergencia Habitacional del Gobierno.<\/p>\n<\/div><\/section><\/div><div  style='height:50px' class='hr hr-invisible   avia-builder-el-6  el_after_av_one_full  el_before_av_social_share '><span class='hr-inner ' ><span class='hr-inner-style'><\/span><\/span><\/div><\/p>\n<div  class='av-social-sharing-box  avia-builder-el-7  el_after_av_hr  el_before_av_hr  '><div class='av-share-box'><h5 class='av-share-link-description av-no-toc '>Compartir esta noticia<\/h5><ul class='av-share-box-list noLightbox'><li class='av-share-link av-social-link-facebook' ><a target=\"_blank\" aria-label=\"Compartir en Facebook\" href='https:\/\/www.facebook.com\/sharer.php?u=https:\/\/radiorevelacionfm.cl\/?p=39529&#038;t=Vecinos%20de%20la%20comuna%20de%20Chile%20Chico%20recibieron%20la%20anhelada%20casa%20propia' aria-hidden='false' data-av_icon='\ue8f3' data-av_iconfont='entypo-fontello' title='' data-avia-related-tooltip='Compartir en Facebook' rel=\"noopener\"><span class='avia_hidden_link_text'>Compartir en Facebook<\/span><\/a><\/li><li class='av-share-link av-social-link-twitter' ><a target=\"_blank\" aria-label=\"Compartir en Twitter\" href='https:\/\/twitter.com\/share?text=Vecinos%20de%20la%20comuna%20de%20Chile%20Chico%20recibieron%20la%20anhelada%20casa%20propia&#038;url=https:\/\/radiorevelacionfm.cl\/?p=39529' aria-hidden='false' data-av_icon='\ue8f1' data-av_iconfont='entypo-fontello' title='' data-avia-related-tooltip='Compartir en Twitter' rel=\"noopener\"><span class='avia_hidden_link_text'>Compartir en Twitter<\/span><\/a><\/li><li class='av-share-link av-social-link-whatsapp' ><a target=\"_blank\" aria-label=\"Compartir en Whatsapp\" href='https:\/\/api.whatsapp.com\/send?text=https:\/\/radiorevelacionfm.cl\/?p=39529' aria-hidden='false' data-av_icon='\uf232' data-av_iconfont='entypo-fontello' title='' data-avia-related-tooltip='Compartir en Whatsapp' rel=\"noopener\"><span class='avia_hidden_link_text'>Compartir en Whatsapp<\/span><\/a><\/li><li class='av-share-link av-social-link-linkedin' ><a target=\"_blank\" aria-label=\"Compartir en LinkedIn\" href='https:\/\/linkedin.com\/shareArticle?mini=true&#038;title=Vecinos%20de%20la%20comuna%20de%20Chile%20Chico%20recibieron%20la%20anhelada%20casa%20propia&#038;url=https:\/\/radiorevelacionfm.cl\/?p=39529' aria-hidden='false' data-av_icon='\ue8fc' data-av_iconfont='entypo-fontello' title='' data-avia-related-tooltip='Compartir en LinkedIn' rel=\"noopener\"><span class='avia_hidden_link_text'>Compartir en LinkedIn<\/span><\/a><\/li><li class='av-share-link av-social-link-mail' ><a  aria-label=\"Compartir por correo\" href='mailto:?subject=Vecinos%20de%20la%20comuna%20de%20Chile%20Chico%20recibieron%20la%20anhelada%20casa%20propia&#038;body=https:\/\/radiorevelacionfm.cl\/?p=39529' aria-hidden='false' data-av_icon='\ue805' data-av_iconfont='entypo-fontello' title='' data-avia-related-tooltip='Compartir por correo'><span class='avia_hidden_link_text'>Compartir por correo<\/span><\/a><\/li><\/ul><\/div><\/div>\n<div  style='height:50px' class='hr hr-invisible   avia-builder-el-8  el_after_av_social_share  el_before_av_comments_list '><span class='hr-inner ' ><span class='hr-inner-style'><\/span><\/span><\/div>\n<div  class='av-buildercomment  av-blog-meta-html-info-disabled av-blog-meta-tag-disabled  '><\/div>\n","protected":false},"excerpt":{"rendered":"","protected":false},"author":1,"featured_media":39530,"comment_status":"open","ping_status":"open","sticky":false,"template":"","format":"standard","meta":{"footnotes":""},"categories":[57],"tags":[],"class_list":["post-39529","post","type-post","status-publish","format-standard","has-post-thumbnail","hentry","category-vivienda"],"jetpack_featured_media_url":"https:\/\/radiorevelacionfm.cl\/wp-content\/uploads\/2024\/02\/IMG_7879-1-1.jpeg","_links":{"self":[{"href":"https:\/\/radiorevelacionfm.cl\/index.php?rest_route=\/wp\/v2\/posts\/39529","targetHints":{"allow":["GET"]}}],"collection":[{"href":"https:\/\/radiorevelacionfm.cl\/index.php?rest_route=\/wp\/v2\/posts"}],"about":[{"href":"https:\/\/radiorevelacionfm.cl\/index.php?rest_route=\/wp\/v2\/types\/post"}],"author":[{"embeddable":true,"href":"https:\/\/radiorevelacionfm.cl\/index.php?rest_route=\/wp\/v2\/users\/1"}],"replies":[{"embeddable":true,"href":"https:\/\/radiorevelacionfm.cl\/index.php?rest_route=%2Fwp%2Fv2%2Fcomments&post=39529"}],"version-history":[{"count":1,"href":"https:\/\/radiorevelacionfm.cl\/index.php?rest_route=\/wp\/v2\/posts\/39529\/revisions"}],"predecessor-version":[{"id":39531,"href":"https:\/\/radiorevelacionfm.cl\/index.php?rest_route=\/wp\/v2\/posts\/39529\/revisions\/39531"}],"wp:featuredmedia":[{"embeddable":true,"href":"https:\/\/radiorevelacionfm.cl\/index.php?rest_route=\/wp\/v2\/media\/39530"}],"wp:attachment":[{"href":"https:\/\/radiorevelacionfm.cl\/index.php?rest_route=%2Fwp%2Fv2%2Fmedia&parent=39529"}],"wp:term":[{"taxonomy":"category","embeddable":true,"href":"https:\/\/radiorevelacionfm.cl\/index.php?rest_route=%2Fwp%2Fv2%2Fcategories&post=39529"},{"taxonomy":"post_tag","embeddable":true,"href":"https:\/\/radiorevelacionfm.cl\/index.php?rest_route=%2Fwp%2Fv2%2Ftags&post=39529"}],"curies":[{"name":"wp","href":"https:\/\/api.w.org\/{rel}","templated":true}]}}