{"id":39525,"date":"2024-02-09T18:54:01","date_gmt":"2024-02-09T21:54:01","guid":{"rendered":"https:\/\/radiorevelacionfm.cl\/?p=39525"},"modified":"2024-02-09T18:54:01","modified_gmt":"2024-02-09T21:54:01","slug":"informan-desconexion-programada-de-energia-este-domingo-en-zona-urbana-y-alrededores-de-puerto-chacabuco","status":"publish","type":"post","link":"https:\/\/radiorevelacionfm.cl\/?p=39525","title":{"rendered":"Informan desconexi\u00f3n programada de energ\u00eda este domingo en zona urbana y alrededores de Puerto Chacabuco"},"content":{"rendered":"<div class=\"flex_column av_one_full  flex_column_div av-zero-column-padding first  avia-builder-el-0  el_before_av_one_full  avia-builder-el-first  \" style='border-radius:0px; '><div  class='avia-image-container  av-styling-    avia-builder-el-1  avia-builder-el-no-sibling  avia-align-center '  itemprop=\"image\" itemscope=\"itemscope\" itemtype=\"https:\/\/schema.org\/ImageObject\"  ><div class='avia-image-container-inner'><div class='avia-image-overlay-wrap'><img decoding=\"async\" class='wp-image-39527 avia-img-lazy-loading-not-39527 avia_image' src=\"https:\/\/radiorevelacionfm.cl\/wp-content\/uploads\/2024\/02\/EDELAYSEN-2024-01-17-a-las-3_optimized.38.11-p.-m.-1-2-1.jpg\" alt='' title='EDELAYSEN 2024-01-17-a-la(s)-3_optimized.38.11-p.-m.-(1) (2) (1)' height=\"600\" width=\"1074\"  itemprop=\"thumbnailUrl\" srcset=\"https:\/\/radiorevelacionfm.cl\/wp-content\/uploads\/2024\/02\/EDELAYSEN-2024-01-17-a-las-3_optimized.38.11-p.-m.-1-2-1.jpg 1074w, https:\/\/radiorevelacionfm.cl\/wp-content\/uploads\/2024\/02\/EDELAYSEN-2024-01-17-a-las-3_optimized.38.11-p.-m.-1-2-1-300x168.jpg 300w, https:\/\/radiorevelacionfm.cl\/wp-content\/uploads\/2024\/02\/EDELAYSEN-2024-01-17-a-las-3_optimized.38.11-p.-m.-1-2-1-1030x575.jpg 1030w, https:\/\/radiorevelacionfm.cl\/wp-content\/uploads\/2024\/02\/EDELAYSEN-2024-01-17-a-las-3_optimized.38.11-p.-m.-1-2-1-768x429.jpg 768w, https:\/\/radiorevelacionfm.cl\/wp-content\/uploads\/2024\/02\/EDELAYSEN-2024-01-17-a-las-3_optimized.38.11-p.-m.-1-2-1-705x394.jpg 705w, https:\/\/radiorevelacionfm.cl\/wp-content\/uploads\/2024\/02\/EDELAYSEN-2024-01-17-a-las-3_optimized.38.11-p.-m.-1-2-1-450x251.jpg 450w, https:\/\/radiorevelacionfm.cl\/wp-content\/uploads\/2024\/02\/EDELAYSEN-2024-01-17-a-las-3_optimized.38.11-p.-m.-1-2-1-600x335.jpg 600w\" sizes=\"(max-width: 1074px) 100vw, 1074px\" \/><\/div><\/div><\/div><\/div><div class=\"flex_column av_one_full  flex_column_div av-zero-column-padding first  avia-builder-el-2  el_after_av_one_full  el_before_av_one_full  column-top-margin\" style='border-radius:0px; '><section class=\"av_textblock_section \"  itemscope=\"itemscope\" itemtype=\"https:\/\/schema.org\/BlogPosting\" itemprop=\"blogPost\" ><div class='avia_textblock  '   itemprop=\"text\" ><p style=\"text-align: center;\"><strong><span style=\"font-size: 18pt;\">Informan desconexi\u00f3n programada de energ\u00eda este domingo en zona urbana y alrededores de Puerto Chacabuco<\/span><\/strong><\/p>\n<div id=\"gtx-trans\" style=\"position: absolute; left: -50px; top: 4.31534px;\">\n<div class=\"gtx-trans-icon\"><\/div>\n<\/div>\n<\/div><\/section><\/div><div class=\"flex_column av_one_full  flex_column_div av-zero-column-padding first  avia-builder-el-4  el_after_av_one_full  el_before_av_hr  column-top-margin\" style='border-radius:0px; '><section class=\"av_textblock_section \"  itemscope=\"itemscope\" itemtype=\"https:\/\/schema.org\/BlogPosting\" itemprop=\"blogPost\" ><div class='avia_textblock  '   itemprop=\"text\" ><p style=\"text-align: justify;\">En un esfuerzo continuo por garantizar la calidad y confiabilidad del sistema el\u00e9ctrico, la empresa el\u00e9ctrica anunci\u00f3 trabajos de mantenimiento, mejora y extensi\u00f3n de red para brindar un mejor servicio para la comuna de Ays\u00e9n, espec\u00edficamente desde la Ruta 240 hacia Chacabuco y Puerto Chacabuco en su totalidad. Estos trabajos est\u00e1n programados para el domingo 11 de febrero desde las 10:00 horas hasta las 16:00 horas.<\/p>\n<p style=\"text-align: justify;\">Se trata de dos importantes obras que se llevar\u00e1n a cabo la jornada del d\u00eda domingo. Por un lado, se instalar\u00e1 un nuevo poste el\u00e9ctrico con la finalidad de conectar a nuevos clientes y la instalaci\u00f3n de una nueva subestaci\u00f3n en la zona que permita entregar a\u00fan m\u00e1s potencia y robustecer la red el\u00e9ctrica en la localidad.<\/p>\n<p style=\"text-align: justify;\">En tal sentido, Francisco Pavez, jefe de zona de la comuna de Ays\u00e9n mencion\u00f3 \u201cCon el firme prop\u00f3sito de servir a nuestra comunidad, realizaremos estos trabajos de extensi\u00f3n de red para incluir a nuevos clientes y fortalecer nuestra infraestructura en la zona. En ese sentido, lamentamos los inconvenientes que estos trabajos puedan ocasionar a nuestros vecinos; sin embargo, confiamos en que la comunidad comprenda la vital importancia de estas mejoras dentro de Puerto Chacabuco. Desde ya agradecemos la comprensi\u00f3n de cada uno de nuestros vecinos\u201d.<\/p>\n<p style=\"text-align: justify;\">La distribuidora insta a los clientes a obtener informaci\u00f3n en tiempo real a trav\u00e9s del mapa de desconexiones disponible en el sitio web oficial www.edelaysen.cl y su aplicaci\u00f3n m\u00f3vil, adem\u00e1s de su l\u00ednea gratuita al 800 600 803 donde se ofrecer\u00e1n actualizaciones detalladas sobre el estado del servicio.<\/p>\n<\/div><\/section><\/div><div  style='height:50px' class='hr hr-invisible   avia-builder-el-6  el_after_av_one_full  el_before_av_social_share '><span class='hr-inner ' ><span class='hr-inner-style'><\/span><\/span><\/div><\/p>\n<div  class='av-social-sharing-box  avia-builder-el-7  el_after_av_hr  el_before_av_hr  '><div class='av-share-box'><h5 class='av-share-link-description av-no-toc '>Compartir esta noticia<\/h5><ul class='av-share-box-list noLightbox'><li class='av-share-link av-social-link-facebook' ><a target=\"_blank\" aria-label=\"Compartir en Facebook\" href='https:\/\/www.facebook.com\/sharer.php?u=https:\/\/radiorevelacionfm.cl\/?p=39525&#038;t=Informan%20desconexi%C3%B3n%20programada%20de%20energ%C3%ADa%20este%20domingo%20en%20zona%20urbana%20y%20alrededores%20de%20Puerto%20Chacabuco' aria-hidden='false' data-av_icon='\ue8f3' data-av_iconfont='entypo-fontello' title='' data-avia-related-tooltip='Compartir en Facebook' rel=\"noopener\"><span class='avia_hidden_link_text'>Compartir en Facebook<\/span><\/a><\/li><li class='av-share-link av-social-link-twitter' ><a target=\"_blank\" aria-label=\"Compartir en Twitter\" href='https:\/\/twitter.com\/share?text=Informan%20desconexi%C3%B3n%20programada%20de%20energ%C3%ADa%20este%20domingo%20en%20zona%20urbana%20y%20alrededores%20de%20Puerto%20Chacabuco&#038;url=https:\/\/radiorevelacionfm.cl\/?p=39525' aria-hidden='false' data-av_icon='\ue8f1' data-av_iconfont='entypo-fontello' title='' data-avia-related-tooltip='Compartir en Twitter' rel=\"noopener\"><span class='avia_hidden_link_text'>Compartir en Twitter<\/span><\/a><\/li><li class='av-share-link av-social-link-whatsapp' ><a target=\"_blank\" aria-label=\"Compartir en Whatsapp\" href='https:\/\/api.whatsapp.com\/send?text=https:\/\/radiorevelacionfm.cl\/?p=39525' aria-hidden='false' data-av_icon='\uf232' data-av_iconfont='entypo-fontello' title='' data-avia-related-tooltip='Compartir en Whatsapp' rel=\"noopener\"><span class='avia_hidden_link_text'>Compartir en Whatsapp<\/span><\/a><\/li><li class='av-share-link av-social-link-linkedin' ><a target=\"_blank\" aria-label=\"Compartir en LinkedIn\" href='https:\/\/linkedin.com\/shareArticle?mini=true&#038;title=Informan%20desconexi%C3%B3n%20programada%20de%20energ%C3%ADa%20este%20domingo%20en%20zona%20urbana%20y%20alrededores%20de%20Puerto%20Chacabuco&#038;url=https:\/\/radiorevelacionfm.cl\/?p=39525' aria-hidden='false' data-av_icon='\ue8fc' data-av_iconfont='entypo-fontello' title='' data-avia-related-tooltip='Compartir en LinkedIn' rel=\"noopener\"><span class='avia_hidden_link_text'>Compartir en LinkedIn<\/span><\/a><\/li><li class='av-share-link av-social-link-mail' ><a  aria-label=\"Compartir por correo\" href='mailto:?subject=Informan%20desconexi%C3%B3n%20programada%20de%20energ%C3%ADa%20este%20domingo%20en%20zona%20urbana%20y%20alrededores%20de%20Puerto%20Chacabuco&#038;body=https:\/\/radiorevelacionfm.cl\/?p=39525' aria-hidden='false' data-av_icon='\ue805' data-av_iconfont='entypo-fontello' title='' data-avia-related-tooltip='Compartir por correo'><span class='avia_hidden_link_text'>Compartir por correo<\/span><\/a><\/li><\/ul><\/div><\/div>\n<div  style='height:50px' class='hr hr-invisible   avia-builder-el-8  el_after_av_social_share  el_before_av_comments_list '><span class='hr-inner ' ><span class='hr-inner-style'><\/span><\/span><\/div>\n<div  class='av-buildercomment  av-blog-meta-html-info-disabled av-blog-meta-tag-disabled  '><\/div>\n","protected":false},"excerpt":{"rendered":"","protected":false},"author":1,"featured_media":39527,"comment_status":"open","ping_status":"open","sticky":false,"template":"","format":"standard","meta":{"footnotes":""},"categories":[38],"tags":[],"class_list":["post-39525","post","type-post","status-publish","format-standard","has-post-thumbnail","hentry","category-regional"],"jetpack_featured_media_url":"https:\/\/radiorevelacionfm.cl\/wp-content\/uploads\/2024\/02\/EDELAYSEN-2024-01-17-a-las-3_optimized.38.11-p.-m.-1-2-1.jpg","_links":{"self":[{"href":"https:\/\/radiorevelacionfm.cl\/index.php?rest_route=\/wp\/v2\/posts\/39525","targetHints":{"allow":["GET"]}}],"collection":[{"href":"https:\/\/radiorevelacionfm.cl\/index.php?rest_route=\/wp\/v2\/posts"}],"about":[{"href":"https:\/\/radiorevelacionfm.cl\/index.php?rest_route=\/wp\/v2\/types\/post"}],"author":[{"embeddable":true,"href":"https:\/\/radiorevelacionfm.cl\/index.php?rest_route=\/wp\/v2\/users\/1"}],"replies":[{"embeddable":true,"href":"https:\/\/radiorevelacionfm.cl\/index.php?rest_route=%2Fwp%2Fv2%2Fcomments&post=39525"}],"version-history":[{"count":1,"href":"https:\/\/radiorevelacionfm.cl\/index.php?rest_route=\/wp\/v2\/posts\/39525\/revisions"}],"predecessor-version":[{"id":39528,"href":"https:\/\/radiorevelacionfm.cl\/index.php?rest_route=\/wp\/v2\/posts\/39525\/revisions\/39528"}],"wp:featuredmedia":[{"embeddable":true,"href":"https:\/\/radiorevelacionfm.cl\/index.php?rest_route=\/wp\/v2\/media\/39527"}],"wp:attachment":[{"href":"https:\/\/radiorevelacionfm.cl\/index.php?rest_route=%2Fwp%2Fv2%2Fmedia&parent=39525"}],"wp:term":[{"taxonomy":"category","embeddable":true,"href":"https:\/\/radiorevelacionfm.cl\/index.php?rest_route=%2Fwp%2Fv2%2Fcategories&post=39525"},{"taxonomy":"post_tag","embeddable":true,"href":"https:\/\/radiorevelacionfm.cl\/index.php?rest_route=%2Fwp%2Fv2%2Ftags&post=39525"}],"curies":[{"name":"wp","href":"https:\/\/api.w.org\/{rel}","templated":true}]}}