{"id":3950,"date":"2021-05-09T18:35:13","date_gmt":"2021-05-09T21:35:13","guid":{"rendered":"https:\/\/radiorevelacionfm.cl\/?p=3950"},"modified":"2021-05-09T18:35:13","modified_gmt":"2021-05-09T21:35:13","slug":"escuela-de-guadal-fortalece-el-aprendizaje-y-realiza-diversas-actividades-didacticas","status":"publish","type":"post","link":"https:\/\/radiorevelacionfm.cl\/?p=3950","title":{"rendered":"Escuela de Guadal fortalece el aprendizaje y realiza diversas actividades did\u00e1cticas"},"content":{"rendered":"<div class=\"flex_column av_one_full  flex_column_div av-zero-column-padding first  avia-builder-el-0  el_before_av_one_full  avia-builder-el-first  \" style='border-radius:0px; '><div  class='avia-image-container  av-styling-    avia-builder-el-1  avia-builder-el-no-sibling  avia-align-center '  itemprop=\"image\" itemscope=\"itemscope\" itemtype=\"https:\/\/schema.org\/ImageObject\"  ><div class='avia-image-container-inner'><div class='avia-image-overlay-wrap'><img decoding=\"async\" class='wp-image-0 avia-img-lazy-loading-not-0 avia_image' src=\"https:\/\/radiorevelacionfm.cl\/wp-content\/uploads\/2021\/05\/GUADAL4.jpeg\" alt='' title=''   itemprop=\"thumbnailUrl\"  \/><\/div><\/div><\/div><\/div><div class=\"flex_column av_one_full  flex_column_div av-zero-column-padding first  avia-builder-el-2  el_after_av_one_full  el_before_av_one_full  column-top-margin\" style='border-radius:0px; '><section class=\"av_textblock_section \"  itemscope=\"itemscope\" itemtype=\"https:\/\/schema.org\/BlogPosting\" itemprop=\"blogPost\" ><div class='avia_textblock  '   itemprop=\"text\" ><p style=\"text-align: center;\"><strong><span style=\"font-size: 18pt;\">Escuela de Guadal fortalece el aprendizaje y realiza diversas actividades did\u00e1cticas\u00a0<\/span><\/strong><\/p>\n<div id=\"gtx-trans\" style=\"position: absolute; left: -50px; top: 4.31534px;\">\n<div class=\"gtx-trans-icon\"><\/div>\n<\/div>\n<\/div><\/section><\/div><div class=\"flex_column av_one_full  flex_column_div av-zero-column-padding first  avia-builder-el-4  el_after_av_one_full  el_before_av_hr  column-top-margin\" style='border-radius:0px; '><section class=\"av_textblock_section \"  itemscope=\"itemscope\" itemtype=\"https:\/\/schema.org\/BlogPosting\" itemprop=\"blogPost\" ><div class='avia_textblock  '   itemprop=\"text\" ><p style=\"text-align: justify;\">Una serie de actividades ha realizado la comunidad educativa de la escuela Bernardo O`higgins de Puerto Guadal, siempre en la base de la prevenci\u00f3n con las medidas b\u00e1sicas para evitar contagios de Covid &#8211; 19. Es as\u00ed que, durante el mes de abril se llevaron a cabo una serie de iniciativas tendientes a potenciar el conocimiento y tambi\u00e9n las actividades que tradicionalmente se efect\u00faan.<\/p>\n<p style=\"text-align: justify;\">Un momento de reflexi\u00f3n y distracci\u00f3n fue lo relacionado con la pascua de resurrecci\u00f3n. Tambi\u00e9n, durante el d\u00eda mundial de la actividad f\u00edsica la profesora Paulina Fuentes desarroll\u00f3 algunas iniciativas. Adem\u00e1s, la encargada de convivencia escolar, Javiera Henr\u00edquez, llevo a cabo una jornada con ni\u00f1os de pre b\u00e1sica en base al control de emociones.<\/p>\n<p style=\"text-align: justify;\">Una de las celebraciones importantes en el mes de abril fue el d\u00eda de la educaci\u00f3n rural, donde se destaca el trabajo coordinado entre los colegios del interior de la comuna de Chile Chico, que conforman el microcentro la Huella. Tal como lo resalt\u00f3, la directora de la escuela de Guadal, Cecilia Rosas.<\/p>\n<p style=\"text-align: justify;\">\u201cRecordamos el d\u00eda de la educaci\u00f3n rural, saludando a las escuelas Tulio Burgos Rivera de Mall\u00edn Grande, G \u2013 45 de Puerto Bertrand y nosotros que somos escuelas rurales, que conformamos el microcentro la Huella. Otra actividad, en este caso a cargo del profesor de Ciencias Jorge M\u00e1rquez, con los cursos de quinto y sexto b\u00e1sico, quienes realizaron una maqueta sobre la distribuci\u00f3n del agua dulce \u00a0y salada, se la expusieron a los ni\u00f1os de tercero y cuarto, al igual que las capaz externas de la tierra\u201d.<\/p>\n<p style=\"text-align: justify;\">Son muchas las actividades que semanalmente lleva a cabo la escuela municipal Bernardo O`higgins de Puerto Guadal, en forma online se realizaron las votaciones para elegir las directivas del Centro General de Padres y Apoderados y Centro General de Alumnos. Adem\u00e1s, durante el aniversario institucional se homenajeo a Carabineros, actividad a cargo de la profesora Cecilia Rosas, donde hubo presentaci\u00f3n de poemas, regalaron afiches y dibujos a los funcionarios policiales de la localidad.<\/p>\n<p style=\"text-align: justify;\">Tambi\u00e9n estuvo en Puerto Guadal el equipo del \u00e1rea extraescolar del DAEM, quienes desarrollaron talleres de basquetbol, escalada y futbol, \u00a0estuvieron acompa\u00f1ados de los profesores de educaci\u00f3n f\u00edsica del establecimiento. Adem\u00e1s, la reconocida deportista Claudia \u201cChile Chico\u201d Soto, efectu\u00f3 charla motivacional a los estudiantes.<\/p>\n<p style=\"text-align: justify;\">Porque la educaci\u00f3n comienza de los m\u00e1s peque\u00f1itos, quienes permanentemente son participes de iniciativas creadas especialmente para ellos por su educadora, Pamela Arriagada, destacan en las iniciativas que ejecutan al interior de la escuela, resalt\u00f3 la directora Cecilia Rosas.<\/p>\n<p style=\"text-align: justify;\">\u201cLos p\u00e1rvulos junto a su educadora Pamela Arriaga, realizaron una actividad asociada a los juegos de roles y en el comedor que tienen en el espacio donde est\u00e1n ubicados, realizaron esta iniciativa, tambi\u00e9n de motricidad fina, creando algunos productos y jugando a ser pasteleros, haciendo masa y efectuando su actividad con delantales para cuidar su ropa\u201d.<\/p>\n<p style=\"text-align: justify;\">Otras actividades estuvieron centradas en la semana de la convivencia con la psic\u00f3loga Javiera Henr\u00edquez, donde se desarrollaron iniciativas en base a las habilidades y control de las emociones. Adem\u00e1s, el profesor Jorge M\u00e1rquez con profesionales de la Universidad Austral, visitaron lo que fueron las instalaciones de una antigua minera en las cercan\u00edas de Guadal con estudiantes de s\u00e9ptimo y octavo a\u00f1o, para hablar sobre la historia y las implicancias ambientales en el transcurso de los a\u00f1os.<\/p>\n<p style=\"text-align: justify;\">Adem\u00e1s, a cargo del profesor Jorge M\u00e1rquez se efectu\u00f3 la celebraci\u00f3n del d\u00eda de la tierra con plantas nativas, se expuso y se explic\u00f3 porque se celebraba este d\u00eda. Junto al profesor Miguel Gatica, se festej\u00f3 el d\u00eda del libro, se instal\u00f3 un rinc\u00f3n y una carpa de lectura, lectura de ingl\u00e9s, teatro de t\u00edteres y los ni\u00f1os m\u00e1s peque\u00f1os pasaban por cada estaci\u00f3n y los m\u00e1s grandes eran los anfitriones de cada espacio.<\/p>\n<p style=\"text-align: justify;\">Por estos d\u00edas los estudiantes de la escuela de Puerto Guadal, est\u00e1n participando en un concurso de conocimiento de los volcanes, tal como lo inform\u00f3 la directora del establecimiento.<\/p>\n<p style=\"text-align: justify;\">\u201cTambi\u00e9n estamos participando en este mes con la profesora Karin que hace artes visuales con los diferentes cursos, hicieron dibujos que dicen c\u00f3mo se producen los volcanes, desde los m\u00e1s peque\u00f1os hasta los m\u00e1s grandes hicieron dibujos muy bonitos para participar en este concurso en la comuna de Chile Chico. El profesor Jorge M\u00e1rquez hizo un experimento con los ni\u00f1os de quinto y sexto b\u00e1sico, donde demuestran c\u00f3mo se produce una erupci\u00f3n, tambi\u00e9n hablan los ni\u00f1os, hicieron un video explicativo desarrollando esta actividad\u201d.<\/p>\n<p style=\"text-align: justify;\">Se destaca igualmente que primero y segundo b\u00e1sico realizan diversas actividades entretenidas con materiales de todo tipo, para fortalecer la lectura y la motricidad en la continuidad del aprendizaje.<\/p>\n<p style=\"text-align: justify;\"><strong>\u00a0<\/strong><\/p>\n<\/div><\/section><\/div><div  style='height:50px' class='hr hr-invisible   avia-builder-el-6  el_after_av_one_full  el_before_av_social_share '><span class='hr-inner ' ><span class='hr-inner-style'><\/span><\/span><\/div><\/p>\n<div  class='av-social-sharing-box  avia-builder-el-7  el_after_av_hr  el_before_av_hr  '><div class='av-share-box'><h5 class='av-share-link-description av-no-toc '>Compartir esta noticia<\/h5><ul class='av-share-box-list noLightbox'><li class='av-share-link av-social-link-facebook' ><a target=\"_blank\" aria-label=\"Compartir en Facebook\" href='https:\/\/www.facebook.com\/sharer.php?u=https:\/\/radiorevelacionfm.cl\/?p=3950&#038;t=Escuela%20de%20Guadal%20fortalece%20el%20aprendizaje%20y%20realiza%20diversas%20actividades%20did%C3%A1cticas' aria-hidden='false' data-av_icon='\ue8f3' data-av_iconfont='entypo-fontello' title='' data-avia-related-tooltip='Compartir en Facebook' rel=\"noopener\"><span class='avia_hidden_link_text'>Compartir en Facebook<\/span><\/a><\/li><li class='av-share-link av-social-link-twitter' ><a target=\"_blank\" aria-label=\"Compartir en Twitter\" href='https:\/\/twitter.com\/share?text=Escuela%20de%20Guadal%20fortalece%20el%20aprendizaje%20y%20realiza%20diversas%20actividades%20did%C3%A1cticas&#038;url=https:\/\/radiorevelacionfm.cl\/?p=3950' aria-hidden='false' data-av_icon='\ue8f1' data-av_iconfont='entypo-fontello' title='' data-avia-related-tooltip='Compartir en Twitter' rel=\"noopener\"><span class='avia_hidden_link_text'>Compartir en Twitter<\/span><\/a><\/li><li class='av-share-link av-social-link-whatsapp' ><a target=\"_blank\" aria-label=\"Compartir en Whatsapp\" href='https:\/\/api.whatsapp.com\/send?text=https:\/\/radiorevelacionfm.cl\/?p=3950' aria-hidden='false' data-av_icon='\uf232' data-av_iconfont='entypo-fontello' title='' data-avia-related-tooltip='Compartir en Whatsapp' rel=\"noopener\"><span class='avia_hidden_link_text'>Compartir en Whatsapp<\/span><\/a><\/li><li class='av-share-link av-social-link-linkedin' ><a target=\"_blank\" aria-label=\"Compartir en LinkedIn\" href='https:\/\/linkedin.com\/shareArticle?mini=true&#038;title=Escuela%20de%20Guadal%20fortalece%20el%20aprendizaje%20y%20realiza%20diversas%20actividades%20did%C3%A1cticas&#038;url=https:\/\/radiorevelacionfm.cl\/?p=3950' aria-hidden='false' data-av_icon='\ue8fc' data-av_iconfont='entypo-fontello' title='' data-avia-related-tooltip='Compartir en LinkedIn' rel=\"noopener\"><span class='avia_hidden_link_text'>Compartir en LinkedIn<\/span><\/a><\/li><li class='av-share-link av-social-link-mail' ><a  aria-label=\"Compartir por correo\" href='mailto:?subject=Escuela%20de%20Guadal%20fortalece%20el%20aprendizaje%20y%20realiza%20diversas%20actividades%20did%C3%A1cticas&#038;body=https:\/\/radiorevelacionfm.cl\/?p=3950' aria-hidden='false' data-av_icon='\ue805' data-av_iconfont='entypo-fontello' title='' data-avia-related-tooltip='Compartir por correo'><span class='avia_hidden_link_text'>Compartir por correo<\/span><\/a><\/li><\/ul><\/div><\/div>\n<div  style='height:50px' class='hr hr-invisible   avia-builder-el-8  el_after_av_social_share  el_before_av_comments_list '><span class='hr-inner ' ><span class='hr-inner-style'><\/span><\/span><\/div>\n<div  class='av-buildercomment  av-blog-meta-html-info-disabled av-blog-meta-tag-disabled  '><\/div>\n","protected":false},"excerpt":{"rendered":"","protected":false},"author":1,"featured_media":0,"comment_status":"open","ping_status":"open","sticky":false,"template":"","format":"standard","meta":{"footnotes":""},"categories":[49],"tags":[],"class_list":["post-3950","post","type-post","status-publish","format-standard","hentry","category-educacion"],"jetpack_featured_media_url":"","_links":{"self":[{"href":"https:\/\/radiorevelacionfm.cl\/index.php?rest_route=\/wp\/v2\/posts\/3950","targetHints":{"allow":["GET"]}}],"collection":[{"href":"https:\/\/radiorevelacionfm.cl\/index.php?rest_route=\/wp\/v2\/posts"}],"about":[{"href":"https:\/\/radiorevelacionfm.cl\/index.php?rest_route=\/wp\/v2\/types\/post"}],"author":[{"embeddable":true,"href":"https:\/\/radiorevelacionfm.cl\/index.php?rest_route=\/wp\/v2\/users\/1"}],"replies":[{"embeddable":true,"href":"https:\/\/radiorevelacionfm.cl\/index.php?rest_route=%2Fwp%2Fv2%2Fcomments&post=3950"}],"version-history":[{"count":1,"href":"https:\/\/radiorevelacionfm.cl\/index.php?rest_route=\/wp\/v2\/posts\/3950\/revisions"}],"predecessor-version":[{"id":3952,"href":"https:\/\/radiorevelacionfm.cl\/index.php?rest_route=\/wp\/v2\/posts\/3950\/revisions\/3952"}],"wp:attachment":[{"href":"https:\/\/radiorevelacionfm.cl\/index.php?rest_route=%2Fwp%2Fv2%2Fmedia&parent=3950"}],"wp:term":[{"taxonomy":"category","embeddable":true,"href":"https:\/\/radiorevelacionfm.cl\/index.php?rest_route=%2Fwp%2Fv2%2Fcategories&post=3950"},{"taxonomy":"post_tag","embeddable":true,"href":"https:\/\/radiorevelacionfm.cl\/index.php?rest_route=%2Fwp%2Fv2%2Ftags&post=3950"}],"curies":[{"name":"wp","href":"https:\/\/api.w.org\/{rel}","templated":true}]}}