{"id":3943,"date":"2021-05-09T17:44:10","date_gmt":"2021-05-09T20:44:10","guid":{"rendered":"https:\/\/radiorevelacionfm.cl\/?p=3943"},"modified":"2021-05-09T17:49:58","modified_gmt":"2021-05-09T20:49:58","slug":"promulgan-ley-que-permite-poner-primero-el-apellido-materno","status":"publish","type":"post","link":"https:\/\/radiorevelacionfm.cl\/?p=3943","title":{"rendered":"Promulgan ley que permite poner primero el apellido materno"},"content":{"rendered":"<div class=\"flex_column av_one_full  flex_column_div av-zero-column-padding first  avia-builder-el-0  el_before_av_one_full  avia-builder-el-first  \" style='border-radius:0px; '><div  class='avia-image-container  av-styling-    avia-builder-el-1  avia-builder-el-no-sibling  avia-align-center '  itemprop=\"image\" itemscope=\"itemscope\" itemtype=\"https:\/\/schema.org\/ImageObject\"  ><div class='avia-image-container-inner'><div class='avia-image-overlay-wrap'><img decoding=\"async\" class='wp-image-3947 avia-img-lazy-loading-not-3947 avia_image' src=\"https:\/\/radiorevelacionfm.cl\/wp-content\/uploads\/2021\/05\/Carnet.jpeg\" alt='' title='Carnet' height=\"746\" width=\"1200\"  itemprop=\"thumbnailUrl\" srcset=\"https:\/\/radiorevelacionfm.cl\/wp-content\/uploads\/2021\/05\/Carnet.jpeg 1200w, https:\/\/radiorevelacionfm.cl\/wp-content\/uploads\/2021\/05\/Carnet-300x187.jpeg 300w, https:\/\/radiorevelacionfm.cl\/wp-content\/uploads\/2021\/05\/Carnet-1030x640.jpeg 1030w, https:\/\/radiorevelacionfm.cl\/wp-content\/uploads\/2021\/05\/Carnet-768x477.jpeg 768w, https:\/\/radiorevelacionfm.cl\/wp-content\/uploads\/2021\/05\/Carnet-705x438.jpeg 705w, https:\/\/radiorevelacionfm.cl\/wp-content\/uploads\/2021\/05\/Carnet-600x373.jpeg 600w\" sizes=\"(max-width: 1200px) 100vw, 1200px\" \/><\/div><\/div><\/div><\/div><div class=\"flex_column av_one_full  flex_column_div av-zero-column-padding first  avia-builder-el-2  el_after_av_one_full  el_before_av_one_full  column-top-margin\" style='border-radius:0px; '><section class=\"av_textblock_section \"  itemscope=\"itemscope\" itemtype=\"https:\/\/schema.org\/BlogPosting\" itemprop=\"blogPost\" ><div class='avia_textblock  '   itemprop=\"text\" ><p style=\"text-align: center;\"><strong><span style=\"font-size: 18pt;\">Promulgan ley que permite poner primero el apellido materno<\/span><\/strong><\/p>\n<div id=\"gtx-trans\" style=\"position: absolute; left: -50px; top: 4.31534px;\">\n<div class=\"gtx-trans-icon\"><\/div>\n<\/div>\n<\/div><\/section><\/div><\/p>\n<div class=\"flex_column av_one_full  flex_column_div av-zero-column-padding first  avia-builder-el-4  el_after_av_one_full  el_before_av_hr  column-top-margin\" style='border-radius:0px; '><section class=\"av_textblock_section \"  itemscope=\"itemscope\" itemtype=\"https:\/\/schema.org\/BlogPosting\" itemprop=\"blogPost\" ><div class='avia_textblock  '   itemprop=\"text\" ><p style=\"text-align: justify;\">Esta iniciativa permitir\u00e1 a los padres definir el orden de los apellidos al momento del nacimiento de un hijo. Las personas sobre los 18 a\u00f1os tambi\u00e9n podr\u00e1n tomar misma decisi\u00f3n por la v\u00eda judicial.<\/p>\n<p style=\"text-align: justify;\">Este domingo el Presidente Sebasti\u00e1n Pi\u00f1era promulg\u00f3 la ley que permite el cambio del orden del apellido paterno y materno, en el marco del D\u00eda de la Madre, cuya iniciativa busca establecer que los padres podr\u00e1n expresar de com\u00fan acuerdo, al momento de inscribir el nacimiento de su primer hijo o hija, el orden de sus apellidos, el cual deber\u00e1 ser el mismo para todos los hijos comunes que pueden venir despu\u00e9s.<\/p>\n<p style=\"text-align: justify;\">Al respecto, la Intendenta de la Regi\u00f3n de Ays\u00e9n, Margarita Ossa, coment\u00f3 que \u201choy en reconocimiento y homenaje a todo el esfuerzo, cari\u00f1o y dedicaci\u00f3n a todas las mam\u00e1s del pa\u00eds, el gobierno promulga la ley sobre la determinaci\u00f3n del orden de los apellidos para seguir avanzando en justicia, igualdad pero, por sobre todo, en dignidad de las mujeres. Una ley que permitir\u00e1 determinar el orden de los apellidos y la libertad de los padres para otorgar a su hijo o hija el apellido del padre o madre seg\u00fan decidan\u201d.<\/p>\n<p style=\"text-align: justify;\">El Secretario Regional Ministerial de Justicia y DD.HH, Luis Prieto, argument\u00f3 que \u201ces de gran importancia dar libertad a los padres, respecto de sus hijos, y a los mayores de edad, respecto de su propia identidad para determinar el orden de sus apellidos; adem\u00e1s, estamos terminando con una forma de discriminaci\u00f3n contra las madres, quienes hasta ahora no pod\u00edan legarle su apellido como primero a sus hijos\u201d, precis\u00f3 Prieto.<\/p>\n<p style=\"text-align: justify;\">Por su parte, la Secretaria Regional Ministerial de la Mujer y la Equidad de G\u00e9nero, B\u00e1rbara Ort\u00fazar, dijo que \u201ccomo gobierno tenemos un firme compromiso con las mujeres de Chile, trabajando d\u00eda a d\u00eda para seguir avanzando en igualdad de derechos entre hombres y mujeres, y condenando siempre cualquier tipo de violencia hacia la mujer. En ese contexto, esta ley da la opci\u00f3n para que hijos e hijas, que a veces por situaciones de violencia, quieren llevar como primer apellido el de su madre, lo puedan hacer sin necesidad de enfrentar un proceso judicial\u201d.<\/p>\n<p style=\"text-align: justify;\"><strong>Cambio legal<\/strong><\/p>\n<p style=\"text-align: justify;\">Respecto al procedimiento administrativo de cambio de orden de los apellidos, se indica que toda persona mayor de edad podr\u00e1, por una sola vez, solicitar, ante el Registro Civil, el cambio de orden de los apellidos determinados en su inscripci\u00f3n de nacimiento, estableci\u00e9ndose ciertas especificaciones. En el caso de extranjeros, s\u00f3lo podr\u00e1n requerir el cambio para efectos de la emisi\u00f3n o rectificaci\u00f3n de sus documentos chilenos, acompa\u00f1ando documentaci\u00f3n que acredite su permanencia en Chile e inscribir previamente su nacimiento en el Registro Civil.<\/p>\n<p style=\"text-align: justify;\">Mientras que las personas actualmente procesadas, formalizadas, con \u00f3rdenes de detenci\u00f3n pendientes, con medidas cautelares, o condenadas por crimen o simple delito que merezca pena aflictiva: no podr\u00e1n utilizar el procedimiento administrativo, sino s\u00f3lo el que regula la Ley N\u00b0 17.344, que autoriza cambio de nombres y apellidos en sede judicial. Y cuando se trate de personas por delitos sexuales, se establece una prohibici\u00f3n absoluta, de manera ni siquiera ante el juez se autorizar\u00e1 el cambio de nombre o apellido o la supresi\u00f3n de nombres propios.<\/p>\n<p style=\"text-align: justify;\">Finalmente, y en cuanto a la relaci\u00f3n con los descendientes del solicitante, el cambio del orden de sus apellidos, obtenido por v\u00eda administrativa o judicial, provocar\u00e1 el cambio del respectivo apellido de sus hijos menores de edad. Sin embargo, si el solicitante tuviere hijos mayores de 14 y menores de 18 a\u00f1os, \u00e9stos deber\u00e1n manifestar su consentimiento. Los hijos mayores de edad, en tanto, podr\u00e1n solicitar ante el Registro Civil el cambio.<\/p>\n<\/div><\/section><\/div>\n<div  style='height:50px' class='hr hr-invisible   avia-builder-el-6  el_after_av_one_full  el_before_av_social_share '><span class='hr-inner ' ><span class='hr-inner-style'><\/span><\/span><\/div>\n<div  class='av-social-sharing-box  avia-builder-el-7  el_after_av_hr  el_before_av_hr  '><div class='av-share-box'><h5 class='av-share-link-description av-no-toc '>Compartir esta noticia<\/h5><ul class='av-share-box-list noLightbox'><li class='av-share-link av-social-link-facebook' ><a target=\"_blank\" aria-label=\"Compartir en Facebook\" href='https:\/\/www.facebook.com\/sharer.php?u=https:\/\/radiorevelacionfm.cl\/?p=3943&#038;t=Promulgan%20ley%20que%20permite%20poner%20primero%20el%20apellido%20materno' aria-hidden='false' data-av_icon='\ue8f3' data-av_iconfont='entypo-fontello' title='' data-avia-related-tooltip='Compartir en Facebook' rel=\"noopener\"><span class='avia_hidden_link_text'>Compartir en Facebook<\/span><\/a><\/li><li class='av-share-link av-social-link-twitter' ><a target=\"_blank\" aria-label=\"Compartir en Twitter\" href='https:\/\/twitter.com\/share?text=Promulgan%20ley%20que%20permite%20poner%20primero%20el%20apellido%20materno&#038;url=https:\/\/radiorevelacionfm.cl\/?p=3943' aria-hidden='false' data-av_icon='\ue8f1' data-av_iconfont='entypo-fontello' title='' data-avia-related-tooltip='Compartir en Twitter' rel=\"noopener\"><span class='avia_hidden_link_text'>Compartir en Twitter<\/span><\/a><\/li><li class='av-share-link av-social-link-whatsapp' ><a target=\"_blank\" aria-label=\"Compartir en Whatsapp\" href='https:\/\/api.whatsapp.com\/send?text=https:\/\/radiorevelacionfm.cl\/?p=3943' aria-hidden='false' data-av_icon='\uf232' data-av_iconfont='entypo-fontello' title='' data-avia-related-tooltip='Compartir en Whatsapp' rel=\"noopener\"><span class='avia_hidden_link_text'>Compartir en Whatsapp<\/span><\/a><\/li><li class='av-share-link av-social-link-linkedin' ><a target=\"_blank\" aria-label=\"Compartir en LinkedIn\" href='https:\/\/linkedin.com\/shareArticle?mini=true&#038;title=Promulgan%20ley%20que%20permite%20poner%20primero%20el%20apellido%20materno&#038;url=https:\/\/radiorevelacionfm.cl\/?p=3943' aria-hidden='false' data-av_icon='\ue8fc' data-av_iconfont='entypo-fontello' title='' data-avia-related-tooltip='Compartir en LinkedIn' rel=\"noopener\"><span class='avia_hidden_link_text'>Compartir en LinkedIn<\/span><\/a><\/li><li class='av-share-link av-social-link-mail' ><a  aria-label=\"Compartir por correo\" href='mailto:?subject=Promulgan%20ley%20que%20permite%20poner%20primero%20el%20apellido%20materno&#038;body=https:\/\/radiorevelacionfm.cl\/?p=3943' aria-hidden='false' data-av_icon='\ue805' data-av_iconfont='entypo-fontello' title='' data-avia-related-tooltip='Compartir por correo'><span class='avia_hidden_link_text'>Compartir por correo<\/span><\/a><\/li><\/ul><\/div><\/div>\n<div  style='height:50px' class='hr hr-invisible   avia-builder-el-8  el_after_av_social_share  el_before_av_comments_list '><span class='hr-inner ' ><span class='hr-inner-style'><\/span><\/span><\/div>\n<div  class='av-buildercomment  av-blog-meta-html-info-disabled av-blog-meta-tag-disabled  '><\/div>\n","protected":false},"excerpt":{"rendered":"","protected":false},"author":1,"featured_media":3947,"comment_status":"open","ping_status":"open","sticky":false,"template":"","format":"standard","meta":{"footnotes":""},"categories":[38],"tags":[],"class_list":["post-3943","post","type-post","status-publish","format-standard","has-post-thumbnail","hentry","category-regional"],"jetpack_featured_media_url":"https:\/\/radiorevelacionfm.cl\/wp-content\/uploads\/2021\/05\/Carnet.jpeg","_links":{"self":[{"href":"https:\/\/radiorevelacionfm.cl\/index.php?rest_route=\/wp\/v2\/posts\/3943","targetHints":{"allow":["GET"]}}],"collection":[{"href":"https:\/\/radiorevelacionfm.cl\/index.php?rest_route=\/wp\/v2\/posts"}],"about":[{"href":"https:\/\/radiorevelacionfm.cl\/index.php?rest_route=\/wp\/v2\/types\/post"}],"author":[{"embeddable":true,"href":"https:\/\/radiorevelacionfm.cl\/index.php?rest_route=\/wp\/v2\/users\/1"}],"replies":[{"embeddable":true,"href":"https:\/\/radiorevelacionfm.cl\/index.php?rest_route=%2Fwp%2Fv2%2Fcomments&post=3943"}],"version-history":[{"count":3,"href":"https:\/\/radiorevelacionfm.cl\/index.php?rest_route=\/wp\/v2\/posts\/3943\/revisions"}],"predecessor-version":[{"id":3949,"href":"https:\/\/radiorevelacionfm.cl\/index.php?rest_route=\/wp\/v2\/posts\/3943\/revisions\/3949"}],"wp:featuredmedia":[{"embeddable":true,"href":"https:\/\/radiorevelacionfm.cl\/index.php?rest_route=\/wp\/v2\/media\/3947"}],"wp:attachment":[{"href":"https:\/\/radiorevelacionfm.cl\/index.php?rest_route=%2Fwp%2Fv2%2Fmedia&parent=3943"}],"wp:term":[{"taxonomy":"category","embeddable":true,"href":"https:\/\/radiorevelacionfm.cl\/index.php?rest_route=%2Fwp%2Fv2%2Fcategories&post=3943"},{"taxonomy":"post_tag","embeddable":true,"href":"https:\/\/radiorevelacionfm.cl\/index.php?rest_route=%2Fwp%2Fv2%2Ftags&post=3943"}],"curies":[{"name":"wp","href":"https:\/\/api.w.org\/{rel}","templated":true}]}}