{"id":39421,"date":"2024-02-03T11:54:00","date_gmt":"2024-02-03T14:54:00","guid":{"rendered":"https:\/\/radiorevelacionfm.cl\/?p=39421"},"modified":"2024-02-03T11:54:00","modified_gmt":"2024-02-03T14:54:00","slug":"crubc-dan-a-conocer-los-marcos-normativos-ante-las-solicitudes-de-los-espacios-costeros-marinos-protegidos-de-pueblos-originarios","status":"publish","type":"post","link":"https:\/\/radiorevelacionfm.cl\/?p=39421","title":{"rendered":"CRUBC: Dan a conocer los marcos normativos ante las solicitudes de los Espacios Costeros Marinos Protegidos de Pueblos Originarios"},"content":{"rendered":"<div class=\"flex_column av_one_full  flex_column_div av-zero-column-padding first  avia-builder-el-0  el_before_av_one_full  avia-builder-el-first  \" style='border-radius:0px; '><div  class='avia-image-container  av-styling-    avia-builder-el-1  avia-builder-el-no-sibling  avia-align-center '  itemprop=\"image\" itemscope=\"itemscope\" itemtype=\"https:\/\/schema.org\/ImageObject\"  ><div class='avia-image-container-inner'><div class='avia-image-overlay-wrap'><img decoding=\"async\" class='wp-image-39422 avia-img-lazy-loading-not-39422 avia_image' src=\"https:\/\/radiorevelacionfm.cl\/wp-content\/uploads\/2024\/02\/dsc03570-1_optimized.jpg\" alt='' title='dsc03570-(1)_optimized' height=\"600\" width=\"1065\"  itemprop=\"thumbnailUrl\" srcset=\"https:\/\/radiorevelacionfm.cl\/wp-content\/uploads\/2024\/02\/dsc03570-1_optimized.jpg 1065w, https:\/\/radiorevelacionfm.cl\/wp-content\/uploads\/2024\/02\/dsc03570-1_optimized-300x169.jpg 300w, https:\/\/radiorevelacionfm.cl\/wp-content\/uploads\/2024\/02\/dsc03570-1_optimized-1030x580.jpg 1030w, https:\/\/radiorevelacionfm.cl\/wp-content\/uploads\/2024\/02\/dsc03570-1_optimized-768x433.jpg 768w, https:\/\/radiorevelacionfm.cl\/wp-content\/uploads\/2024\/02\/dsc03570-1_optimized-705x397.jpg 705w, https:\/\/radiorevelacionfm.cl\/wp-content\/uploads\/2024\/02\/dsc03570-1_optimized-450x254.jpg 450w, https:\/\/radiorevelacionfm.cl\/wp-content\/uploads\/2024\/02\/dsc03570-1_optimized-600x338.jpg 600w\" sizes=\"(max-width: 1065px) 100vw, 1065px\" \/><\/div><\/div><\/div><\/div>\n<div class=\"flex_column av_one_full  flex_column_div av-zero-column-padding first  avia-builder-el-2  el_after_av_one_full  el_before_av_one_full  column-top-margin\" style='border-radius:0px; '><section class=\"av_textblock_section \"  itemscope=\"itemscope\" itemtype=\"https:\/\/schema.org\/BlogPosting\" itemprop=\"blogPost\" ><div class='avia_textblock  '   itemprop=\"text\" ><p style=\"text-align: center;\"><strong><span style=\"font-size: 18pt;\">CRUBC: Dan a conocer los marcos normativos ante las solicitudes de los Espacios Costeros Marinos Protegidos de Pueblos Originarios <\/span><\/strong><\/p>\n<div id=\"gtx-trans\" style=\"position: absolute; left: -50px; top: 4.31534px;\">\n<div class=\"gtx-trans-icon\"><\/div>\n<\/div>\n<\/div><\/section><\/div><div class=\"flex_column av_one_full  flex_column_div av-zero-column-padding first  avia-builder-el-4  el_after_av_one_full  el_before_av_hr  column-top-margin\" style='border-radius:0px; '><section class=\"av_textblock_section \"  itemscope=\"itemscope\" itemtype=\"https:\/\/schema.org\/BlogPosting\" itemprop=\"blogPost\" ><div class='avia_textblock  '   itemprop=\"text\" ><p class=\"v1MsoNormal\" style=\"text-align: justify;\"><span lang=\"es\">Durante este viernes la Gobernadora de la Regi\u00f3n de Ays\u00e9n, Andrea Mac\u00edas Palma, lider\u00f3 una nueva sesi\u00f3n de la Comisi\u00f3n Regional de Uso de Borde Costero (CRUBC), la que ten\u00eda como principal objetivo informar sobre las dos \u00c1reas Silvestres Protegidas, administradas por CONAF, que comprenden alguna superficie que se superpone a las dos solicitudes de los Espacios Costeros Marinos Protegidos de Pueblos Originarios (ECMPO).<\/span><\/p>\n<p class=\"v1MsoNormal\" style=\"text-align: justify;\"><span lang=\"es\">\u00abEl d\u00eda de hoy pudimos conocer el marco normativo que tienen estos espacios costeros, c\u00f3mo se utilizan en caso de ser aprobados. Se pudieron conocer distintas apreciaciones que tienen actores de la comunidad; pescadores, pescadoras, habitantes del territorio, instituciones, organizaciones. Sabemos que son temas que generan alg\u00fan tipo de diferencias, pero nosotros apostamos por poder informar para no generar un impacto negativo al interior de las comunidades ind\u00edgenas\u00bb, dijo la Gobernadora, Andrea Mac\u00edas Palma.<\/span><\/p>\n<p class=\"v1MsoNormal\" style=\"text-align: justify;\"><span lang=\"es\">En esta ocasi\u00f3n s\u00f3lo se realizaron exposiciones informativas desde la Corporaci\u00f3n Nacional Forestal (CONAF), donde se present\u00f3 la metodolog\u00eda del Plan de Manejo de Isla Magdalena y Guaitecas. As\u00ed mismo lo hizo Subpesca, qui\u00e9n expuso sobre el proceso de solicitud de los ECMPO en Cisnes e Islas Las Huichas.<\/span><\/p>\n<p class=\"v1MsoNormal\" style=\"text-align: justify;\"><span lang=\"es\">En el caso espec\u00edfico, CONAF explic\u00f3 que las solicitudes de Espacios Costeros Marinos Protegidos de Pueblos Originarios (ECMPO) \u00aben el fondo no se contraponen a la orientaci\u00f3n que tiene la reserva nacional Las Guaitecas, de acuerdo a sus objetivos de creaci\u00f3n que es el manejo sostenible de los recursos naturales\u00bb, explic\u00f3 Adri\u00e1n Escobar Castillo, jefe de la secci\u00f3n de Planificaci\u00f3n de \u00c1reas Protegidas de CONAF regional.<\/span><\/p>\n<p class=\"v1MsoNormal\" style=\"text-align: justify;\"><span lang=\"es\">As\u00ed mismo, indic\u00f3 que el Plan de Manejo de \u00c1reas Silvestres Protegidas \u00abincluye la participaci\u00f3n ciudadana, el n\u00facleo dentro de lo que se mueve alrededor del proceso de planificaci\u00f3n territorial que estamos desarrollando con CONAF,\u00a0\u00a0 y por supuesto, involucra a actores como los servicios p\u00fablicos que est\u00e1n relacionados a este territorio como lo son Subpesca, Sernapesca, Sag, Gobierno Regional, entre otros\u00bb.<\/span><\/p>\n<p class=\"v1MsoNormal\" style=\"text-align: justify;\"><span lang=\"es\">Por su parte, Manuel P\u00e9rez Montenegro,\u00a0 Director zonal de Pesca de la Regi\u00f3n de Ays\u00e9n, expres\u00f3 que \u00abse dio a conocer de manera clara cu\u00e1l es la tramitolog\u00eda que lleva el proceso de consulta hacia un otorgamiento que tenga que ver con los pueblos originarios de la CRUBC. Por lo que se tienen 30 d\u00edas para sesionar y, de forma definitiva, dar a conocer a la comunidad si se aprueba, se modifica o se rechazan dichas solicitudes. En este lapso de tiempo vamos a estar trabajando junto a ellos, a la comunidad, quienes hacen la solicitud\u00bb, sostuvo el representante de la Subsecretar\u00eda de Pesca y Acuicultura.<\/span><\/p>\n<p class=\"v1MsoNormal\" style=\"text-align: justify;\"><span lang=\"es\">Finalmente, la Gobernadora Mac\u00edas confirm\u00f3 que se preparar\u00e1 una sesi\u00f3n extraordinaria para conocer los antecedentes de ambas peticiones. \u00abComo Gobierno Regional, el llamado es a poder tomar definiciones de car\u00e1cter regional, que sean acordadas, que convoquen. Creemos que es muy importante fortalecer la gobernanza y , como siempre lo decimos, nuestro maritorio alcanza para todas las actividades productivas que se quieran desarrollar\u00bb, indic\u00f3.<\/span><\/p>\n<p class=\"v1MsoNormal\" style=\"text-align: justify;\"><span lang=\"es\">\u00a0<\/span><\/p>\n<\/div><\/section><\/div><\/p>\n<div  style='height:50px' class='hr hr-invisible   avia-builder-el-6  el_after_av_one_full  el_before_av_social_share '><span class='hr-inner ' ><span class='hr-inner-style'><\/span><\/span><\/div>\n<div  class='av-social-sharing-box  avia-builder-el-7  el_after_av_hr  el_before_av_hr  '><div class='av-share-box'><h5 class='av-share-link-description av-no-toc '>Compartir esta noticia<\/h5><ul class='av-share-box-list noLightbox'><li class='av-share-link av-social-link-facebook' ><a target=\"_blank\" aria-label=\"Compartir en Facebook\" href='https:\/\/www.facebook.com\/sharer.php?u=https:\/\/radiorevelacionfm.cl\/?p=39421&#038;t=CRUBC%3A%20Dan%20a%20conocer%20los%20marcos%20normativos%20ante%20las%20solicitudes%20de%20los%20Espacios%20Costeros%20Marinos%20Protegidos%20de%20Pueblos%20Originarios' aria-hidden='false' data-av_icon='\ue8f3' data-av_iconfont='entypo-fontello' title='' data-avia-related-tooltip='Compartir en Facebook' rel=\"noopener\"><span class='avia_hidden_link_text'>Compartir en Facebook<\/span><\/a><\/li><li class='av-share-link av-social-link-twitter' ><a target=\"_blank\" aria-label=\"Compartir en Twitter\" href='https:\/\/twitter.com\/share?text=CRUBC%3A%20Dan%20a%20conocer%20los%20marcos%20normativos%20ante%20las%20solicitudes%20de%20los%20Espacios%20Costeros%20Marinos%20Protegidos%20de%20Pueblos%20Originarios&#038;url=https:\/\/radiorevelacionfm.cl\/?p=39421' aria-hidden='false' data-av_icon='\ue8f1' data-av_iconfont='entypo-fontello' title='' data-avia-related-tooltip='Compartir en Twitter' rel=\"noopener\"><span class='avia_hidden_link_text'>Compartir en Twitter<\/span><\/a><\/li><li class='av-share-link av-social-link-whatsapp' ><a target=\"_blank\" aria-label=\"Compartir en Whatsapp\" href='https:\/\/api.whatsapp.com\/send?text=https:\/\/radiorevelacionfm.cl\/?p=39421' aria-hidden='false' data-av_icon='\uf232' data-av_iconfont='entypo-fontello' title='' data-avia-related-tooltip='Compartir en Whatsapp' rel=\"noopener\"><span class='avia_hidden_link_text'>Compartir en Whatsapp<\/span><\/a><\/li><li class='av-share-link av-social-link-linkedin' ><a target=\"_blank\" aria-label=\"Compartir en LinkedIn\" href='https:\/\/linkedin.com\/shareArticle?mini=true&#038;title=CRUBC%3A%20Dan%20a%20conocer%20los%20marcos%20normativos%20ante%20las%20solicitudes%20de%20los%20Espacios%20Costeros%20Marinos%20Protegidos%20de%20Pueblos%20Originarios&#038;url=https:\/\/radiorevelacionfm.cl\/?p=39421' aria-hidden='false' data-av_icon='\ue8fc' data-av_iconfont='entypo-fontello' title='' data-avia-related-tooltip='Compartir en LinkedIn' rel=\"noopener\"><span class='avia_hidden_link_text'>Compartir en LinkedIn<\/span><\/a><\/li><li class='av-share-link av-social-link-mail' ><a  aria-label=\"Compartir por correo\" href='mailto:?subject=CRUBC%3A%20Dan%20a%20conocer%20los%20marcos%20normativos%20ante%20las%20solicitudes%20de%20los%20Espacios%20Costeros%20Marinos%20Protegidos%20de%20Pueblos%20Originarios&#038;body=https:\/\/radiorevelacionfm.cl\/?p=39421' aria-hidden='false' data-av_icon='\ue805' data-av_iconfont='entypo-fontello' title='' data-avia-related-tooltip='Compartir por correo'><span class='avia_hidden_link_text'>Compartir por correo<\/span><\/a><\/li><\/ul><\/div><\/div>\n<div  style='height:50px' class='hr hr-invisible   avia-builder-el-8  el_after_av_social_share  el_before_av_comments_list '><span class='hr-inner ' ><span class='hr-inner-style'><\/span><\/span><\/div>\n<div  class='av-buildercomment  av-blog-meta-html-info-disabled av-blog-meta-tag-disabled  '><\/div>\n","protected":false},"excerpt":{"rendered":"","protected":false},"author":1,"featured_media":39422,"comment_status":"open","ping_status":"open","sticky":false,"template":"","format":"standard","meta":{"footnotes":""},"categories":[38],"tags":[],"class_list":["post-39421","post","type-post","status-publish","format-standard","has-post-thumbnail","hentry","category-regional"],"jetpack_featured_media_url":"https:\/\/radiorevelacionfm.cl\/wp-content\/uploads\/2024\/02\/dsc03570-1_optimized.jpg","_links":{"self":[{"href":"https:\/\/radiorevelacionfm.cl\/index.php?rest_route=\/wp\/v2\/posts\/39421","targetHints":{"allow":["GET"]}}],"collection":[{"href":"https:\/\/radiorevelacionfm.cl\/index.php?rest_route=\/wp\/v2\/posts"}],"about":[{"href":"https:\/\/radiorevelacionfm.cl\/index.php?rest_route=\/wp\/v2\/types\/post"}],"author":[{"embeddable":true,"href":"https:\/\/radiorevelacionfm.cl\/index.php?rest_route=\/wp\/v2\/users\/1"}],"replies":[{"embeddable":true,"href":"https:\/\/radiorevelacionfm.cl\/index.php?rest_route=%2Fwp%2Fv2%2Fcomments&post=39421"}],"version-history":[{"count":2,"href":"https:\/\/radiorevelacionfm.cl\/index.php?rest_route=\/wp\/v2\/posts\/39421\/revisions"}],"predecessor-version":[{"id":39424,"href":"https:\/\/radiorevelacionfm.cl\/index.php?rest_route=\/wp\/v2\/posts\/39421\/revisions\/39424"}],"wp:featuredmedia":[{"embeddable":true,"href":"https:\/\/radiorevelacionfm.cl\/index.php?rest_route=\/wp\/v2\/media\/39422"}],"wp:attachment":[{"href":"https:\/\/radiorevelacionfm.cl\/index.php?rest_route=%2Fwp%2Fv2%2Fmedia&parent=39421"}],"wp:term":[{"taxonomy":"category","embeddable":true,"href":"https:\/\/radiorevelacionfm.cl\/index.php?rest_route=%2Fwp%2Fv2%2Fcategories&post=39421"},{"taxonomy":"post_tag","embeddable":true,"href":"https:\/\/radiorevelacionfm.cl\/index.php?rest_route=%2Fwp%2Fv2%2Ftags&post=39421"}],"curies":[{"name":"wp","href":"https:\/\/api.w.org\/{rel}","templated":true}]}}