{"id":39418,"date":"2024-02-02T17:17:42","date_gmt":"2024-02-02T20:17:42","guid":{"rendered":"https:\/\/radiorevelacionfm.cl\/?p=39418"},"modified":"2024-02-02T17:17:42","modified_gmt":"2024-02-02T20:17:42","slug":"impulsan-secretaria-ejecutiva-de-residuos-y-economia-circular-en-la-region-de-aysen","status":"publish","type":"post","link":"https:\/\/radiorevelacionfm.cl\/?p=39418","title":{"rendered":"Impulsan Secretar\u00eda Ejecutiva de Residuos y Econom\u00eda Circular en la regi\u00f3n de Ays\u00e9n"},"content":{"rendered":"<div class=\"flex_column av_one_full  flex_column_div av-zero-column-padding first  avia-builder-el-0  el_before_av_one_full  avia-builder-el-first  \" style='border-radius:0px; '><div  class='avia-image-container  av-styling-    avia-builder-el-1  avia-builder-el-no-sibling  avia-align-center '  itemprop=\"image\" itemscope=\"itemscope\" itemtype=\"https:\/\/schema.org\/ImageObject\"  ><div class='avia-image-container-inner'><div class='avia-image-overlay-wrap'><img decoding=\"async\" class='wp-image-39419 avia-img-lazy-loading-not-39419 avia_image' src=\"https:\/\/radiorevelacionfm.cl\/wp-content\/uploads\/2024\/02\/WhatsApp-Image-2024-01-31-at-16.38.21-1-1.jpeg\" alt='' title='WhatsApp Image 2024-01-31 at 16.38.21 (1) (1)' height=\"600\" width=\"1068\"  itemprop=\"thumbnailUrl\" srcset=\"https:\/\/radiorevelacionfm.cl\/wp-content\/uploads\/2024\/02\/WhatsApp-Image-2024-01-31-at-16.38.21-1-1.jpeg 1068w, https:\/\/radiorevelacionfm.cl\/wp-content\/uploads\/2024\/02\/WhatsApp-Image-2024-01-31-at-16.38.21-1-1-300x169.jpeg 300w, https:\/\/radiorevelacionfm.cl\/wp-content\/uploads\/2024\/02\/WhatsApp-Image-2024-01-31-at-16.38.21-1-1-1030x579.jpeg 1030w, https:\/\/radiorevelacionfm.cl\/wp-content\/uploads\/2024\/02\/WhatsApp-Image-2024-01-31-at-16.38.21-1-1-768x431.jpeg 768w, https:\/\/radiorevelacionfm.cl\/wp-content\/uploads\/2024\/02\/WhatsApp-Image-2024-01-31-at-16.38.21-1-1-705x396.jpeg 705w, https:\/\/radiorevelacionfm.cl\/wp-content\/uploads\/2024\/02\/WhatsApp-Image-2024-01-31-at-16.38.21-1-1-450x253.jpeg 450w, https:\/\/radiorevelacionfm.cl\/wp-content\/uploads\/2024\/02\/WhatsApp-Image-2024-01-31-at-16.38.21-1-1-600x337.jpeg 600w\" sizes=\"(max-width: 1068px) 100vw, 1068px\" \/><\/div><\/div><\/div><\/div><div class=\"flex_column av_one_full  flex_column_div av-zero-column-padding first  avia-builder-el-2  el_after_av_one_full  el_before_av_one_full  column-top-margin\" style='border-radius:0px; '><section class=\"av_textblock_section \"  itemscope=\"itemscope\" itemtype=\"https:\/\/schema.org\/BlogPosting\" itemprop=\"blogPost\" ><div class='avia_textblock  '   itemprop=\"text\" ><p style=\"text-align: center;\"><strong><span style=\"font-size: 18pt;\">Impulsan Secretar\u00eda Ejecutiva de Residuos y Econom\u00eda Circular en la regi\u00f3n de Ays\u00e9n<\/span><\/strong><\/p>\n<div id=\"gtx-trans\" style=\"position: absolute; left: -50px; top: 4.31534px;\">\n<div class=\"gtx-trans-icon\"><\/div>\n<\/div>\n<\/div><\/section><\/div><div class=\"flex_column av_one_full  flex_column_div av-zero-column-padding first  avia-builder-el-4  el_after_av_one_full  el_before_av_hr  column-top-margin\" style='border-radius:0px; '><section class=\"av_textblock_section \"  itemscope=\"itemscope\" itemtype=\"https:\/\/schema.org\/BlogPosting\" itemprop=\"blogPost\" ><div class='avia_textblock  '   itemprop=\"text\" ><p dir=\"ltr\" style=\"text-align: justify;\">Este mi\u00e9rcoles la Gobernadora de Ays\u00e9n, Andrea Mac\u00edas Palma, y el Ministro de Medio Ambiente (S) Maximiliano Proa\u00f1o Ugalde firmaron un convenio &#8211; por el Fondo Nacional de Desarrollo Regional ( FNDR )- llamado\u00a0Prevenci\u00f3n de Generaci\u00f3n de Residuos y Mejoramiento de su Gesti\u00f3n a Nivel Domiciliario, por un monto de $378 mil millones financiado por el Gobierno Regional.<\/p>\n<p dir=\"ltr\" style=\"text-align: justify;\">El aumento de la generaci\u00f3n de residuos en peso, volumen, diversidad,\u00a0 peligrosidad y la escasa separaci\u00f3n en origen fue el diagn\u00f3stico para crear el programa que tiene como prop\u00f3sito disminuir la generaci\u00f3n de residuos org\u00e1nicos domiciliarios, que corresponde aproximadamente a la mitad del total de residuos que se generan en los hogares.<\/p>\n<p dir=\"ltr\" style=\"text-align: justify;\">Esto,\u00a0 se realizar\u00e1 a trav\u00e9s de dos componentes: Primero, la sensibilizaci\u00f3n ciudadana en prevenci\u00f3n y separaci\u00f3n de residuos, segundo una generaci\u00f3n e instalaci\u00f3n de h\u00e1bitos para manejo y valorizaci\u00f3n de residuos org\u00e1nicos a nivel domiciliario.<\/p>\n<p dir=\"ltr\" style=\"text-align: justify;\">\u00abLa posibilidad de gestionar los residuos, es una tremenda oportunidad productiva- adem\u00e1s- para nuestra regi\u00f3n y eso, hay que vincularlo\u00a0 y por eso es que esta Secretar\u00eda Ejecutiva vincula, justamente, el proceso de residuos con la econom\u00eda circular\u00bb, sostuvo la Gobernadora de Ays\u00e9n.<\/p>\n<p dir=\"ltr\" style=\"text-align: justify;\">Por su parte, el Ministro de la cartera , recalc\u00f3 la importancia de manipular los desechos de forma apropiada y separada: \u00abEn materia de educaci\u00f3n ambiental domiciliario, va a permitir descargar los rellenos sanitarios que muchas veces tienen una sobrecarga o disminuci\u00f3n de la vida \u00fatil, porque terminan los residuos org\u00e1nicos ah\u00ed y, resulta, que cuando se revisa la bolsa de basura que uno saca de los hogares, se calcula que m\u00e1s de la mitad, un 58% aproximadamente, son residuos org\u00e1nicos que generan metano, contaminan, mientras que pueden ser tratados domiciliariamente con un plan de compostaje\u00bb, indic\u00f3.<\/p>\n<p dir=\"ltr\" style=\"text-align: justify;\">Adem\u00e1s, en la misma instancia se formaliz\u00f3 el traspaso de la Secretar\u00eda Ejecutiva de Residuos (SERs), que durante m\u00e1s de ocho a\u00f1os estuvo albergada en la SEREMI del Medio Ambiente de Ays\u00e9n, y que\u00a0 a partir de ahora denominada Secretar\u00eda Ejecutiva de Residuos y Econom\u00eda Circular (SEREC), ser\u00e1 dirigida por el Gobierno Regional.<\/p>\n<p dir=\"ltr\" style=\"text-align: justify;\">En marzo la SEREC sesionar\u00e1 por primera vez, con una mesa de trabajo compuesta por representantes del sector p\u00fablico y privado, all\u00ed se ampliar\u00e1 el enfoque hacia diferentes tem\u00e1ticas de econom\u00eda circular que antes no estaban contempladas, como la gesti\u00f3n de residuos industriales, residuos de la construcci\u00f3n e implementaci\u00f3n de la Ley REP.<\/p>\n<p dir=\"ltr\" style=\"text-align: justify;\">La autoridad regional destac\u00f3 los beneficios que se pueden obtener al realizar un correcto tratamiento de la basura. \u00bb Se vuelven una oportunidad, inclusive en el \u00e1mbito productivo, desde ah\u00ed es importante relevar el trabajo conjunto y colaborativo entre los distintos niveles de gobierno;\u00a0 tanto el Nacional, Regional y los gobiernos comunales, para poder hacer frente a esta situaci\u00f3n, que en una regi\u00f3n como la nuestra presenta mayores complejidades por la propia geograf\u00eda\u00bb, dijo la Gobernadora Mac\u00edas.<\/p>\n<p dir=\"ltr\" style=\"text-align: justify;\">En la misma l\u00ednea, el Secretario de Estado (S)\u00a0enfatiz\u00f3 que la\u00a0Secretar\u00eda Ejecutiva \u00abes una gobernanza para abordar las distintas problem\u00e1ticas en materia de residuos que existe en todas las regiones. En todas las regiones se est\u00e1n conformando las secretar\u00edas ejecutivas de residuos, aqu\u00ed hay una visi\u00f3n adem\u00e1s integral. Por lo tanto, aqu\u00ed por temas de distancias hay que encontrar soluciones para tratar los residuos en la regi\u00f3n en materia de reciclaje, de reutilizaci\u00f3n de los residuos que se generan\u00bb.<\/p>\n<\/div><\/section><\/div><div  style='height:50px' class='hr hr-invisible   avia-builder-el-6  el_after_av_one_full  el_before_av_social_share '><span class='hr-inner ' ><span class='hr-inner-style'><\/span><\/span><\/div><\/p>\n<div  class='av-social-sharing-box  avia-builder-el-7  el_after_av_hr  el_before_av_hr  '><div class='av-share-box'><h5 class='av-share-link-description av-no-toc '>Compartir esta noticia<\/h5><ul class='av-share-box-list noLightbox'><li class='av-share-link av-social-link-facebook' ><a target=\"_blank\" aria-label=\"Compartir en Facebook\" href='https:\/\/www.facebook.com\/sharer.php?u=https:\/\/radiorevelacionfm.cl\/?p=39418&#038;t=Impulsan%20Secretar%C3%ADa%20Ejecutiva%20de%20Residuos%20y%20Econom%C3%ADa%20Circular%20en%20la%20regi%C3%B3n%20de%20Ays%C3%A9n' aria-hidden='false' data-av_icon='\ue8f3' data-av_iconfont='entypo-fontello' title='' data-avia-related-tooltip='Compartir en Facebook' rel=\"noopener\"><span class='avia_hidden_link_text'>Compartir en Facebook<\/span><\/a><\/li><li class='av-share-link av-social-link-twitter' ><a target=\"_blank\" aria-label=\"Compartir en Twitter\" href='https:\/\/twitter.com\/share?text=Impulsan%20Secretar%C3%ADa%20Ejecutiva%20de%20Residuos%20y%20Econom%C3%ADa%20Circular%20en%20la%20regi%C3%B3n%20de%20Ays%C3%A9n&#038;url=https:\/\/radiorevelacionfm.cl\/?p=39418' aria-hidden='false' data-av_icon='\ue8f1' data-av_iconfont='entypo-fontello' title='' data-avia-related-tooltip='Compartir en Twitter' rel=\"noopener\"><span class='avia_hidden_link_text'>Compartir en Twitter<\/span><\/a><\/li><li class='av-share-link av-social-link-whatsapp' ><a target=\"_blank\" aria-label=\"Compartir en Whatsapp\" href='https:\/\/api.whatsapp.com\/send?text=https:\/\/radiorevelacionfm.cl\/?p=39418' aria-hidden='false' data-av_icon='\uf232' data-av_iconfont='entypo-fontello' title='' data-avia-related-tooltip='Compartir en Whatsapp' rel=\"noopener\"><span class='avia_hidden_link_text'>Compartir en Whatsapp<\/span><\/a><\/li><li class='av-share-link av-social-link-linkedin' ><a target=\"_blank\" aria-label=\"Compartir en LinkedIn\" href='https:\/\/linkedin.com\/shareArticle?mini=true&#038;title=Impulsan%20Secretar%C3%ADa%20Ejecutiva%20de%20Residuos%20y%20Econom%C3%ADa%20Circular%20en%20la%20regi%C3%B3n%20de%20Ays%C3%A9n&#038;url=https:\/\/radiorevelacionfm.cl\/?p=39418' aria-hidden='false' data-av_icon='\ue8fc' data-av_iconfont='entypo-fontello' title='' data-avia-related-tooltip='Compartir en LinkedIn' rel=\"noopener\"><span class='avia_hidden_link_text'>Compartir en LinkedIn<\/span><\/a><\/li><li class='av-share-link av-social-link-mail' ><a  aria-label=\"Compartir por correo\" href='mailto:?subject=Impulsan%20Secretar%C3%ADa%20Ejecutiva%20de%20Residuos%20y%20Econom%C3%ADa%20Circular%20en%20la%20regi%C3%B3n%20de%20Ays%C3%A9n&#038;body=https:\/\/radiorevelacionfm.cl\/?p=39418' aria-hidden='false' data-av_icon='\ue805' data-av_iconfont='entypo-fontello' title='' data-avia-related-tooltip='Compartir por correo'><span class='avia_hidden_link_text'>Compartir por correo<\/span><\/a><\/li><\/ul><\/div><\/div>\n<div  style='height:50px' class='hr hr-invisible   avia-builder-el-8  el_after_av_social_share  el_before_av_comments_list '><span class='hr-inner ' ><span class='hr-inner-style'><\/span><\/span><\/div>\n<div  class='av-buildercomment  av-blog-meta-html-info-disabled av-blog-meta-tag-disabled  '><\/div>\n","protected":false},"excerpt":{"rendered":"","protected":false},"author":1,"featured_media":39419,"comment_status":"open","ping_status":"open","sticky":false,"template":"","format":"standard","meta":{"footnotes":""},"categories":[38],"tags":[],"class_list":["post-39418","post","type-post","status-publish","format-standard","has-post-thumbnail","hentry","category-regional"],"jetpack_featured_media_url":"https:\/\/radiorevelacionfm.cl\/wp-content\/uploads\/2024\/02\/WhatsApp-Image-2024-01-31-at-16.38.21-1-1.jpeg","_links":{"self":[{"href":"https:\/\/radiorevelacionfm.cl\/index.php?rest_route=\/wp\/v2\/posts\/39418","targetHints":{"allow":["GET"]}}],"collection":[{"href":"https:\/\/radiorevelacionfm.cl\/index.php?rest_route=\/wp\/v2\/posts"}],"about":[{"href":"https:\/\/radiorevelacionfm.cl\/index.php?rest_route=\/wp\/v2\/types\/post"}],"author":[{"embeddable":true,"href":"https:\/\/radiorevelacionfm.cl\/index.php?rest_route=\/wp\/v2\/users\/1"}],"replies":[{"embeddable":true,"href":"https:\/\/radiorevelacionfm.cl\/index.php?rest_route=%2Fwp%2Fv2%2Fcomments&post=39418"}],"version-history":[{"count":1,"href":"https:\/\/radiorevelacionfm.cl\/index.php?rest_route=\/wp\/v2\/posts\/39418\/revisions"}],"predecessor-version":[{"id":39420,"href":"https:\/\/radiorevelacionfm.cl\/index.php?rest_route=\/wp\/v2\/posts\/39418\/revisions\/39420"}],"wp:featuredmedia":[{"embeddable":true,"href":"https:\/\/radiorevelacionfm.cl\/index.php?rest_route=\/wp\/v2\/media\/39419"}],"wp:attachment":[{"href":"https:\/\/radiorevelacionfm.cl\/index.php?rest_route=%2Fwp%2Fv2%2Fmedia&parent=39418"}],"wp:term":[{"taxonomy":"category","embeddable":true,"href":"https:\/\/radiorevelacionfm.cl\/index.php?rest_route=%2Fwp%2Fv2%2Fcategories&post=39418"},{"taxonomy":"post_tag","embeddable":true,"href":"https:\/\/radiorevelacionfm.cl\/index.php?rest_route=%2Fwp%2Fv2%2Ftags&post=39418"}],"curies":[{"name":"wp","href":"https:\/\/api.w.org\/{rel}","templated":true}]}}