{"id":39415,"date":"2024-02-02T18:01:31","date_gmt":"2024-02-02T21:01:31","guid":{"rendered":"https:\/\/radiorevelacionfm.cl\/?p=39415"},"modified":"2024-02-02T18:01:31","modified_gmt":"2024-02-02T21:01:31","slug":"cosoc-de-la-comuna-de-aysen-finalizo-periodo-2020-2023-con-positivo-balance","status":"publish","type":"post","link":"https:\/\/radiorevelacionfm.cl\/?p=39415","title":{"rendered":"COSOC de la comuna de Ays\u00e9n finaliz\u00f3 periodo 2020 -2023 con positivo balance"},"content":{"rendered":"<div class=\"flex_column av_one_full  flex_column_div av-zero-column-padding first  avia-builder-el-0  el_before_av_one_full  avia-builder-el-first  \" style='border-radius:0px; '><div  class='avia-image-container  av-styling-    avia-builder-el-1  avia-builder-el-no-sibling  avia-align-center '  itemprop=\"image\" itemscope=\"itemscope\" itemtype=\"https:\/\/schema.org\/ImageObject\"  ><div class='avia-image-container-inner'><div class='avia-image-overlay-wrap'><img decoding=\"async\" class='wp-image-39416 avia-img-lazy-loading-not-39416 avia_image' src=\"https:\/\/radiorevelacionfm.cl\/wp-content\/uploads\/2024\/02\/cosoc-aysen-1-1_optimized.jpg\" alt='' title='cosoc-aysen-1-(1)_optimized' height=\"600\" width=\"1107\"  itemprop=\"thumbnailUrl\" srcset=\"https:\/\/radiorevelacionfm.cl\/wp-content\/uploads\/2024\/02\/cosoc-aysen-1-1_optimized.jpg 1107w, https:\/\/radiorevelacionfm.cl\/wp-content\/uploads\/2024\/02\/cosoc-aysen-1-1_optimized-300x163.jpg 300w, https:\/\/radiorevelacionfm.cl\/wp-content\/uploads\/2024\/02\/cosoc-aysen-1-1_optimized-1030x558.jpg 1030w, https:\/\/radiorevelacionfm.cl\/wp-content\/uploads\/2024\/02\/cosoc-aysen-1-1_optimized-768x416.jpg 768w, https:\/\/radiorevelacionfm.cl\/wp-content\/uploads\/2024\/02\/cosoc-aysen-1-1_optimized-705x382.jpg 705w, https:\/\/radiorevelacionfm.cl\/wp-content\/uploads\/2024\/02\/cosoc-aysen-1-1_optimized-450x244.jpg 450w, https:\/\/radiorevelacionfm.cl\/wp-content\/uploads\/2024\/02\/cosoc-aysen-1-1_optimized-600x325.jpg 600w\" sizes=\"(max-width: 1107px) 100vw, 1107px\" \/><\/div><\/div><\/div><\/div><div class=\"flex_column av_one_full  flex_column_div av-zero-column-padding first  avia-builder-el-2  el_after_av_one_full  el_before_av_one_full  column-top-margin\" style='border-radius:0px; '><section class=\"av_textblock_section \"  itemscope=\"itemscope\" itemtype=\"https:\/\/schema.org\/BlogPosting\" itemprop=\"blogPost\" ><div class='avia_textblock  '   itemprop=\"text\" ><p style=\"text-align: center;\"><strong><span style=\"font-size: 18pt;\">COSOC de la comuna de Ays\u00e9n finaliz\u00f3 periodo 2020 -2023 con positivo balance<\/span><\/strong><\/p>\n<div id=\"gtx-trans\" style=\"position: absolute; left: -50px; top: 4.31534px;\">\n<div class=\"gtx-trans-icon\"><\/div>\n<\/div>\n<\/div><\/section><\/div><div class=\"flex_column av_one_full  flex_column_div av-zero-column-padding first  avia-builder-el-4  el_after_av_one_full  el_before_av_hr  column-top-margin\" style='border-radius:0px; '><section class=\"av_textblock_section \"  itemscope=\"itemscope\" itemtype=\"https:\/\/schema.org\/BlogPosting\" itemprop=\"blogPost\" ><div class='avia_textblock  '   itemprop=\"text\" ><p style=\"text-align: justify;\">En el tercer piso de la Municipalidad se realiz\u00f3 la \u00faltima sesi\u00f3n del Consejo de la Sociedad Civil, COSOC, de la comuna de Ays\u00e9n, periodo 2020 \u2013 2023. En la instancia estuvieron presentes los Consejeros, dirigentes sociales y sindicales de Puerto Ays\u00e9n, Chacabuco, Ma\u00f1ihuales e Islas Huichas.<\/p>\n<p style=\"text-align: justify;\">En la reuni\u00f3n, todos realizaron un positivo balance del trabajo realizado en una mesa de dialogo directa con el Alcalde Julio Uribe, a quien le plantearon sus principales inquietudes y problem\u00e1ticas que nacen de la propia comunidad en cada uno de sus sectores y donde la respuesta en su gran mayor\u00eda habr\u00eda sido la adecuada y oportuna.<\/p>\n<p style=\"text-align: justify;\">\u201cFue una tremenda experiencia, porque uno trae inquietudes de los vecinos de nuestra localidad y lo que uno va viendo d\u00eda a d\u00eda, eso lo presenta ac\u00e1 y que le den soluci\u00f3n inmediata como le dec\u00eda al se\u00f1or Alcalde, es una tremenda gratitud para nosotros. Tambi\u00e9n es una instancia buena en la que se puede conversar cara a cara con la autoridad y no estar enviando correos, entonces, es una tremenda facilidad para nosotros\u201d, indic\u00f3 la dirigenta social de Puerto Chacabuco, Marina Cariman.<\/p>\n<p style=\"text-align: justify;\">Como \u201cuna tremenda labor\u201d, calific\u00f3 el Alcalde, Julio Uribe, el rol que cumplen los dirigentes que son parte del COSOC.<\/p>\n<p style=\"text-align: justify;\">\u201cPara nosotros es muy importante destacar la labor que hacen nuestros dirigentes sociales al participar del Consejo de la Sociedad Civil, donde ponen ellos en contexto, en materia o en proyectos, diferentes iniciativas que tienen por parte de sus representados. Hoy se cumple un periodo donde ellos participaron activamente, entregan parte de su tiempo para dedicarlo a las actividades que est\u00e1n dirigidas al bien com\u00fan de toda la comunidad. Son personas que tienen su familia, que tienen su trabajo y dejan gran parte de su tiempo para ayudar al pr\u00f3ximo, eso es muy relevante\u201d.<\/p>\n<p style=\"text-align: justify;\">El pr\u00f3ximo 7 de febrero, en la Municipalidad, se constituir\u00e1 el nuevo Consejo de la Sociedad Civil de la comuna de Ays\u00e9n, instancia de participaci\u00f3n ciudadana, conformada de manera diversa, representativa y tiene entre objetivos, sugerir y proponer acciones que puedan ser implementadas por la Municipalidad a corto, mediano y largo plazo.<\/p>\n<\/div><\/section><\/div><div  style='height:50px' class='hr hr-invisible   avia-builder-el-6  el_after_av_one_full  el_before_av_social_share '><span class='hr-inner ' ><span class='hr-inner-style'><\/span><\/span><\/div><\/p>\n<div  class='av-social-sharing-box  avia-builder-el-7  el_after_av_hr  el_before_av_hr  '><div class='av-share-box'><h5 class='av-share-link-description av-no-toc '>Compartir esta noticia<\/h5><ul class='av-share-box-list noLightbox'><li class='av-share-link av-social-link-facebook' ><a target=\"_blank\" aria-label=\"Compartir en Facebook\" href='https:\/\/www.facebook.com\/sharer.php?u=https:\/\/radiorevelacionfm.cl\/?p=39415&#038;t=COSOC%20de%20la%20comuna%20de%20Ays%C3%A9n%20finaliz%C3%B3%20periodo%202020%20-2023%20con%20positivo%20balance' aria-hidden='false' data-av_icon='\ue8f3' data-av_iconfont='entypo-fontello' title='' data-avia-related-tooltip='Compartir en Facebook' rel=\"noopener\"><span class='avia_hidden_link_text'>Compartir en Facebook<\/span><\/a><\/li><li class='av-share-link av-social-link-twitter' ><a target=\"_blank\" aria-label=\"Compartir en Twitter\" href='https:\/\/twitter.com\/share?text=COSOC%20de%20la%20comuna%20de%20Ays%C3%A9n%20finaliz%C3%B3%20periodo%202020%20-2023%20con%20positivo%20balance&#038;url=https:\/\/radiorevelacionfm.cl\/?p=39415' aria-hidden='false' data-av_icon='\ue8f1' data-av_iconfont='entypo-fontello' title='' data-avia-related-tooltip='Compartir en Twitter' rel=\"noopener\"><span class='avia_hidden_link_text'>Compartir en Twitter<\/span><\/a><\/li><li class='av-share-link av-social-link-whatsapp' ><a target=\"_blank\" aria-label=\"Compartir en Whatsapp\" href='https:\/\/api.whatsapp.com\/send?text=https:\/\/radiorevelacionfm.cl\/?p=39415' aria-hidden='false' data-av_icon='\uf232' data-av_iconfont='entypo-fontello' title='' data-avia-related-tooltip='Compartir en Whatsapp' rel=\"noopener\"><span class='avia_hidden_link_text'>Compartir en Whatsapp<\/span><\/a><\/li><li class='av-share-link av-social-link-linkedin' ><a target=\"_blank\" aria-label=\"Compartir en LinkedIn\" href='https:\/\/linkedin.com\/shareArticle?mini=true&#038;title=COSOC%20de%20la%20comuna%20de%20Ays%C3%A9n%20finaliz%C3%B3%20periodo%202020%20-2023%20con%20positivo%20balance&#038;url=https:\/\/radiorevelacionfm.cl\/?p=39415' aria-hidden='false' data-av_icon='\ue8fc' data-av_iconfont='entypo-fontello' title='' data-avia-related-tooltip='Compartir en LinkedIn' rel=\"noopener\"><span class='avia_hidden_link_text'>Compartir en LinkedIn<\/span><\/a><\/li><li class='av-share-link av-social-link-mail' ><a  aria-label=\"Compartir por correo\" href='mailto:?subject=COSOC%20de%20la%20comuna%20de%20Ays%C3%A9n%20finaliz%C3%B3%20periodo%202020%20-2023%20con%20positivo%20balance&#038;body=https:\/\/radiorevelacionfm.cl\/?p=39415' aria-hidden='false' data-av_icon='\ue805' data-av_iconfont='entypo-fontello' title='' data-avia-related-tooltip='Compartir por correo'><span class='avia_hidden_link_text'>Compartir por correo<\/span><\/a><\/li><\/ul><\/div><\/div>\n<div  style='height:50px' class='hr hr-invisible   avia-builder-el-8  el_after_av_social_share  el_before_av_comments_list '><span class='hr-inner ' ><span class='hr-inner-style'><\/span><\/span><\/div>\n<div  class='av-buildercomment  av-blog-meta-html-info-disabled av-blog-meta-tag-disabled  '><\/div>\n","protected":false},"excerpt":{"rendered":"","protected":false},"author":1,"featured_media":39416,"comment_status":"open","ping_status":"open","sticky":false,"template":"","format":"standard","meta":{"footnotes":""},"categories":[38],"tags":[],"class_list":["post-39415","post","type-post","status-publish","format-standard","has-post-thumbnail","hentry","category-regional"],"jetpack_featured_media_url":"https:\/\/radiorevelacionfm.cl\/wp-content\/uploads\/2024\/02\/cosoc-aysen-1-1_optimized.jpg","_links":{"self":[{"href":"https:\/\/radiorevelacionfm.cl\/index.php?rest_route=\/wp\/v2\/posts\/39415","targetHints":{"allow":["GET"]}}],"collection":[{"href":"https:\/\/radiorevelacionfm.cl\/index.php?rest_route=\/wp\/v2\/posts"}],"about":[{"href":"https:\/\/radiorevelacionfm.cl\/index.php?rest_route=\/wp\/v2\/types\/post"}],"author":[{"embeddable":true,"href":"https:\/\/radiorevelacionfm.cl\/index.php?rest_route=\/wp\/v2\/users\/1"}],"replies":[{"embeddable":true,"href":"https:\/\/radiorevelacionfm.cl\/index.php?rest_route=%2Fwp%2Fv2%2Fcomments&post=39415"}],"version-history":[{"count":1,"href":"https:\/\/radiorevelacionfm.cl\/index.php?rest_route=\/wp\/v2\/posts\/39415\/revisions"}],"predecessor-version":[{"id":39417,"href":"https:\/\/radiorevelacionfm.cl\/index.php?rest_route=\/wp\/v2\/posts\/39415\/revisions\/39417"}],"wp:featuredmedia":[{"embeddable":true,"href":"https:\/\/radiorevelacionfm.cl\/index.php?rest_route=\/wp\/v2\/media\/39416"}],"wp:attachment":[{"href":"https:\/\/radiorevelacionfm.cl\/index.php?rest_route=%2Fwp%2Fv2%2Fmedia&parent=39415"}],"wp:term":[{"taxonomy":"category","embeddable":true,"href":"https:\/\/radiorevelacionfm.cl\/index.php?rest_route=%2Fwp%2Fv2%2Fcategories&post=39415"},{"taxonomy":"post_tag","embeddable":true,"href":"https:\/\/radiorevelacionfm.cl\/index.php?rest_route=%2Fwp%2Fv2%2Ftags&post=39415"}],"curies":[{"name":"wp","href":"https:\/\/api.w.org\/{rel}","templated":true}]}}