{"id":39409,"date":"2024-02-02T15:40:58","date_gmt":"2024-02-02T18:40:58","guid":{"rendered":"https:\/\/radiorevelacionfm.cl\/?p=39409"},"modified":"2024-02-02T15:40:58","modified_gmt":"2024-02-02T18:40:58","slug":"festival-internacional-de-musica-en-la-patagonia-se-alista-para-celebrar-una-decada-de-armonias-y-emociones","status":"publish","type":"post","link":"https:\/\/radiorevelacionfm.cl\/?p=39409","title":{"rendered":"Festival Internacional de M\u00fasica en la Patagonia se alista para celebrar una d\u00e9cada de armon\u00edas y emociones"},"content":{"rendered":"<div class=\"flex_column av_one_full  flex_column_div av-zero-column-padding first  avia-builder-el-0  el_before_av_one_full  avia-builder-el-first  \" style='border-radius:0px; '><div  class='avia-image-container  av-styling-    avia-builder-el-1  avia-builder-el-no-sibling  avia-align-center '  itemprop=\"image\" itemscope=\"itemscope\" itemtype=\"https:\/\/schema.org\/ImageObject\"  ><div class='avia-image-container-inner'><div class='avia-image-overlay-wrap'><img decoding=\"async\" class='wp-image-39410 avia-img-lazy-loading-not-39410 avia_image' src=\"https:\/\/radiorevelacionfm.cl\/wp-content\/uploads\/2024\/02\/lanzamiento-4-1_optimized-1.jpg\" alt='' title='lanzamiento-4-(1)_optimized (1)' height=\"600\" width=\"1067\"  itemprop=\"thumbnailUrl\" srcset=\"https:\/\/radiorevelacionfm.cl\/wp-content\/uploads\/2024\/02\/lanzamiento-4-1_optimized-1.jpg 1067w, https:\/\/radiorevelacionfm.cl\/wp-content\/uploads\/2024\/02\/lanzamiento-4-1_optimized-1-300x169.jpg 300w, https:\/\/radiorevelacionfm.cl\/wp-content\/uploads\/2024\/02\/lanzamiento-4-1_optimized-1-1030x579.jpg 1030w, https:\/\/radiorevelacionfm.cl\/wp-content\/uploads\/2024\/02\/lanzamiento-4-1_optimized-1-768x432.jpg 768w, https:\/\/radiorevelacionfm.cl\/wp-content\/uploads\/2024\/02\/lanzamiento-4-1_optimized-1-705x396.jpg 705w, https:\/\/radiorevelacionfm.cl\/wp-content\/uploads\/2024\/02\/lanzamiento-4-1_optimized-1-450x253.jpg 450w, https:\/\/radiorevelacionfm.cl\/wp-content\/uploads\/2024\/02\/lanzamiento-4-1_optimized-1-600x337.jpg 600w\" sizes=\"(max-width: 1067px) 100vw, 1067px\" \/><\/div><\/div><\/div><\/div><div class=\"flex_column av_one_full  flex_column_div av-zero-column-padding first  avia-builder-el-2  el_after_av_one_full  el_before_av_one_full  column-top-margin\" style='border-radius:0px; '><section class=\"av_textblock_section \"  itemscope=\"itemscope\" itemtype=\"https:\/\/schema.org\/BlogPosting\" itemprop=\"blogPost\" ><div class='avia_textblock  '   itemprop=\"text\" ><p style=\"text-align: center;\"><strong><span style=\"font-size: 18pt;\">Festival Internacional de M\u00fasica en la Patagonia se alista para celebrar una d\u00e9cada de armon\u00edas y emociones<\/span><\/strong><\/p>\n<div id=\"gtx-trans\" style=\"position: absolute; left: -50px; top: 4.31534px;\">\n<div class=\"gtx-trans-icon\"><\/div>\n<\/div>\n<\/div><\/section><\/div><div class=\"flex_column av_one_full  flex_column_div av-zero-column-padding first  avia-builder-el-4  el_after_av_one_full  el_before_av_hr  column-top-margin\" style='border-radius:0px; '><section class=\"av_textblock_section \"  itemscope=\"itemscope\" itemtype=\"https:\/\/schema.org\/BlogPosting\" itemprop=\"blogPost\" ><div class='avia_textblock  '   itemprop=\"text\" ><p class=\"v1MsoNormal\" style=\"text-align: justify;\">En la ma\u00f1ana de este viernes, el Centro Cultural Coyhaique fue testigo del lanzamiento del 10\u00b0 Festival Internacional de M\u00fasica en la Patagonia (FIMP). Este evento, con una destacada trayectoria en las temporadas de verano, se present\u00f3 en sociedad revelando todos los detalles de su d\u00e9cima edici\u00f3n.<\/p>\n<p class=\"v1MsoNormal\" style=\"text-align: justify;\">El lanzamiento cont\u00f3 con la presencia del seremi de cultura, Felipe Quiroz; el alcalde Carlos Gatica; la directora del Centro Cultural Coyhaique, Carolina Pinochet; y los organizadores y fundadores del festival, Ricardo Bahamondez y Alejandro Cort\u00e9s.<\/p>\n<p class=\"v1MsoNormal\" style=\"text-align: justify;\">Este a\u00f1o el proyecto es financiado por el Fondo de la M\u00fasica, L\u00ednea de M\u00fasica en Vivo, Modalidad Festivales de Trayectoria, Convocatoria 2023.<\/p>\n<p class=\"v1MsoNormal\" style=\"text-align: justify;\">Los conciertos, agendados para los d\u00edas\u00a0s\u00e1bado 3, lunes 5, mi\u00e9rcoles 7, jueves 8 y viernes 9 de febrero, se realizar\u00e1n a partir de las 19:00 horas en el Centro Cultural Coyhaique, ubicado en la calle Eusebio Lillo #23.<\/p>\n<p class=\"v1MsoNormal\" style=\"text-align: justify;\">En esta edici\u00f3n el FIMP presenta una destacada alineaci\u00f3n de m\u00fasicos internacionales: el pianista y music\u00f3logo italiano Luca Chiantore; la pianista y profesora brasile\u00f1a\u00a0Viviane Bodaczny; el primer viol\u00edn del Cuarteto Soro y Mag\u00edster del Conservatoire de Paris, el franc\u00e9s\u00a0Dorian Lamotte; y el cellista brasile\u00f1o\u00a0Mat\u00edas de Oliveira Pinto, solista y pedagogo de renombre mundial.<\/p>\n<p class=\"v1MsoNormal\" style=\"text-align: justify;\">Por el lado de los m\u00fasicos nacionales, se presentar\u00e1n el violista, profesor y Master of Music en la Hochschule f\u00fcr Musik und Darstellende Kunst Stuttgart (Alemania), Hugo Cort\u00e9s; la violinista y docente universitaria de viol\u00edn de la Universidad Austral de Chile,\u00a0Daniela Roa Lagos; el contrabajista coyhaiquino\u00a0Andr\u00e9s Guerrero\u00a0Toledo; los m\u00fasicos del\u00a0D\u00fao Entre Fiordos; y los pianistas y organizadores del FIMP,\u00a0Ignacio Gonz\u00e1lez\u00a0y\u00a0Ricardo Bahamondez.<\/p>\n<p class=\"v1MsoNormal\" style=\"text-align: justify;\">Las entradas gratuitas pueden ser adquiridas en la p\u00e1gina web de Portal Ticket. Adem\u00e1s, aquellos que deseen respaldar el crecimiento continuo del festival pueden realizar donaciones a trav\u00e9s del sitio web oficial del FIMP, <a href=\"http:\/\/www.fimp.cl\/\" target=\"_blank\" rel=\"noopener noreferrer\">www.fimp.cl<\/a>, contribuyendo al fomento de la cultura y las artes en la regi\u00f3n.<\/p>\n<p class=\"v1MsoNormal\" style=\"text-align: justify;\">Antes de cada concierto, se llevar\u00e1n a cabo conversatorios online con los artistas\u00a0a partir de las 17:00 horas. Los aficionados podr\u00e1n sumergirse en las historias y trabajos de estos destacados m\u00fasicos a trav\u00e9s del canal de Youtube \u00abFIMP Coyhaique\u00bb.<\/p>\n<p class=\"v1MsoNormal\" style=\"text-align: justify;\">Siguiendo la tradici\u00f3n del festival, la Academia FIMP\u00a0ofrecer\u00e1 a los estudiantes la oportunidad de aprender directamente de los artistas invitados, a trav\u00e9s de charlas, conversatorios y presentaciones.<\/p>\n<p class=\"v1MsoNormal\" style=\"text-align: justify;\">Para conocer m\u00e1s detalles de la d\u00e9cima versi\u00f3n del Festival Internacional de M\u00fasica en la Patagonia, as\u00ed como la programaci\u00f3n de cada concierto, pueden ingresar a la p\u00e1gina oficial <a href=\"http:\/\/www.fimp.cl\/\" target=\"_blank\" rel=\"noopener noreferrer\">www.fimp.cl<\/a>\u00a0o revisar sus redes sociales,\u00a0@FIMPCoyhaique\u00a0en Instagram y Facebook.<\/p>\n<\/div><\/section><\/div><div  style='height:50px' class='hr hr-invisible   avia-builder-el-6  el_after_av_one_full  el_before_av_social_share '><span class='hr-inner ' ><span class='hr-inner-style'><\/span><\/span><\/div><\/p>\n<div  class='av-social-sharing-box  avia-builder-el-7  el_after_av_hr  el_before_av_hr  '><div class='av-share-box'><h5 class='av-share-link-description av-no-toc '>Compartir esta noticia<\/h5><ul class='av-share-box-list noLightbox'><li class='av-share-link av-social-link-facebook' ><a target=\"_blank\" aria-label=\"Compartir en Facebook\" href='https:\/\/www.facebook.com\/sharer.php?u=https:\/\/radiorevelacionfm.cl\/?p=39409&#038;t=Festival%20Internacional%20de%20M%C3%BAsica%20en%20la%20Patagonia%20se%20alista%20para%20celebrar%20una%20d%C3%A9cada%20de%20armon%C3%ADas%20y%20emociones' aria-hidden='false' data-av_icon='\ue8f3' data-av_iconfont='entypo-fontello' title='' data-avia-related-tooltip='Compartir en Facebook' rel=\"noopener\"><span class='avia_hidden_link_text'>Compartir en Facebook<\/span><\/a><\/li><li class='av-share-link av-social-link-twitter' ><a target=\"_blank\" aria-label=\"Compartir en Twitter\" href='https:\/\/twitter.com\/share?text=Festival%20Internacional%20de%20M%C3%BAsica%20en%20la%20Patagonia%20se%20alista%20para%20celebrar%20una%20d%C3%A9cada%20de%20armon%C3%ADas%20y%20emociones&#038;url=https:\/\/radiorevelacionfm.cl\/?p=39409' aria-hidden='false' data-av_icon='\ue8f1' data-av_iconfont='entypo-fontello' title='' data-avia-related-tooltip='Compartir en Twitter' rel=\"noopener\"><span class='avia_hidden_link_text'>Compartir en Twitter<\/span><\/a><\/li><li class='av-share-link av-social-link-whatsapp' ><a target=\"_blank\" aria-label=\"Compartir en Whatsapp\" href='https:\/\/api.whatsapp.com\/send?text=https:\/\/radiorevelacionfm.cl\/?p=39409' aria-hidden='false' data-av_icon='\uf232' data-av_iconfont='entypo-fontello' title='' data-avia-related-tooltip='Compartir en Whatsapp' rel=\"noopener\"><span class='avia_hidden_link_text'>Compartir en Whatsapp<\/span><\/a><\/li><li class='av-share-link av-social-link-linkedin' ><a target=\"_blank\" aria-label=\"Compartir en LinkedIn\" href='https:\/\/linkedin.com\/shareArticle?mini=true&#038;title=Festival%20Internacional%20de%20M%C3%BAsica%20en%20la%20Patagonia%20se%20alista%20para%20celebrar%20una%20d%C3%A9cada%20de%20armon%C3%ADas%20y%20emociones&#038;url=https:\/\/radiorevelacionfm.cl\/?p=39409' aria-hidden='false' data-av_icon='\ue8fc' data-av_iconfont='entypo-fontello' title='' data-avia-related-tooltip='Compartir en LinkedIn' rel=\"noopener\"><span class='avia_hidden_link_text'>Compartir en LinkedIn<\/span><\/a><\/li><li class='av-share-link av-social-link-mail' ><a  aria-label=\"Compartir por correo\" href='mailto:?subject=Festival%20Internacional%20de%20M%C3%BAsica%20en%20la%20Patagonia%20se%20alista%20para%20celebrar%20una%20d%C3%A9cada%20de%20armon%C3%ADas%20y%20emociones&#038;body=https:\/\/radiorevelacionfm.cl\/?p=39409' aria-hidden='false' data-av_icon='\ue805' data-av_iconfont='entypo-fontello' title='' data-avia-related-tooltip='Compartir por correo'><span class='avia_hidden_link_text'>Compartir por correo<\/span><\/a><\/li><\/ul><\/div><\/div>\n<div  style='height:50px' class='hr hr-invisible   avia-builder-el-8  el_after_av_social_share  el_before_av_comments_list '><span class='hr-inner ' ><span class='hr-inner-style'><\/span><\/span><\/div>\n<div  class='av-buildercomment  av-blog-meta-html-info-disabled av-blog-meta-tag-disabled  '><\/div>\n","protected":false},"excerpt":{"rendered":"","protected":false},"author":1,"featured_media":39410,"comment_status":"open","ping_status":"open","sticky":false,"template":"","format":"standard","meta":{"footnotes":""},"categories":[43],"tags":[],"class_list":["post-39409","post","type-post","status-publish","format-standard","has-post-thumbnail","hentry","category-musica"],"jetpack_featured_media_url":"https:\/\/radiorevelacionfm.cl\/wp-content\/uploads\/2024\/02\/lanzamiento-4-1_optimized-1.jpg","_links":{"self":[{"href":"https:\/\/radiorevelacionfm.cl\/index.php?rest_route=\/wp\/v2\/posts\/39409","targetHints":{"allow":["GET"]}}],"collection":[{"href":"https:\/\/radiorevelacionfm.cl\/index.php?rest_route=\/wp\/v2\/posts"}],"about":[{"href":"https:\/\/radiorevelacionfm.cl\/index.php?rest_route=\/wp\/v2\/types\/post"}],"author":[{"embeddable":true,"href":"https:\/\/radiorevelacionfm.cl\/index.php?rest_route=\/wp\/v2\/users\/1"}],"replies":[{"embeddable":true,"href":"https:\/\/radiorevelacionfm.cl\/index.php?rest_route=%2Fwp%2Fv2%2Fcomments&post=39409"}],"version-history":[{"count":1,"href":"https:\/\/radiorevelacionfm.cl\/index.php?rest_route=\/wp\/v2\/posts\/39409\/revisions"}],"predecessor-version":[{"id":39411,"href":"https:\/\/radiorevelacionfm.cl\/index.php?rest_route=\/wp\/v2\/posts\/39409\/revisions\/39411"}],"wp:featuredmedia":[{"embeddable":true,"href":"https:\/\/radiorevelacionfm.cl\/index.php?rest_route=\/wp\/v2\/media\/39410"}],"wp:attachment":[{"href":"https:\/\/radiorevelacionfm.cl\/index.php?rest_route=%2Fwp%2Fv2%2Fmedia&parent=39409"}],"wp:term":[{"taxonomy":"category","embeddable":true,"href":"https:\/\/radiorevelacionfm.cl\/index.php?rest_route=%2Fwp%2Fv2%2Fcategories&post=39409"},{"taxonomy":"post_tag","embeddable":true,"href":"https:\/\/radiorevelacionfm.cl\/index.php?rest_route=%2Fwp%2Fv2%2Ftags&post=39409"}],"curies":[{"name":"wp","href":"https:\/\/api.w.org\/{rel}","templated":true}]}}