{"id":39406,"date":"2024-02-02T19:43:08","date_gmt":"2024-02-02T22:43:08","guid":{"rendered":"https:\/\/radiorevelacionfm.cl\/?p=39406"},"modified":"2024-02-02T19:43:08","modified_gmt":"2024-02-02T22:43:08","slug":"comisaria-virtual-amplia-atencion-de-denuncias-a-la-zona-sur-del-pais","status":"publish","type":"post","link":"https:\/\/radiorevelacionfm.cl\/?p=39406","title":{"rendered":"Comisar\u00eda Virtual ampl\u00eda atenci\u00f3n de denuncias a la zona sur del pa\u00eds"},"content":{"rendered":"<div class=\"flex_column av_one_full  flex_column_div av-zero-column-padding first  avia-builder-el-0  el_before_av_one_full  avia-builder-el-first  \" style='border-radius:0px; '><div  class='avia-image-container  av-styling-    avia-builder-el-1  avia-builder-el-no-sibling  avia-align-center '  itemprop=\"image\" itemscope=\"itemscope\" itemtype=\"https:\/\/schema.org\/ImageObject\"  ><div class='avia-image-container-inner'><div class='avia-image-overlay-wrap'><img decoding=\"async\" class='wp-image-39407 avia-img-lazy-loading-not-39407 avia_image' src=\"https:\/\/radiorevelacionfm.cl\/wp-content\/uploads\/2024\/02\/c53c6159-d494-497a-9ac1-05b91e3922f1-1-1.jpg\" alt='' title='c53c6159-d494-497a-9ac1-05b91e3922f1 (1) (1)' height=\"600\" width=\"900\"  itemprop=\"thumbnailUrl\" srcset=\"https:\/\/radiorevelacionfm.cl\/wp-content\/uploads\/2024\/02\/c53c6159-d494-497a-9ac1-05b91e3922f1-1-1.jpg 900w, https:\/\/radiorevelacionfm.cl\/wp-content\/uploads\/2024\/02\/c53c6159-d494-497a-9ac1-05b91e3922f1-1-1-300x200.jpg 300w, https:\/\/radiorevelacionfm.cl\/wp-content\/uploads\/2024\/02\/c53c6159-d494-497a-9ac1-05b91e3922f1-1-1-768x512.jpg 768w, https:\/\/radiorevelacionfm.cl\/wp-content\/uploads\/2024\/02\/c53c6159-d494-497a-9ac1-05b91e3922f1-1-1-705x470.jpg 705w, https:\/\/radiorevelacionfm.cl\/wp-content\/uploads\/2024\/02\/c53c6159-d494-497a-9ac1-05b91e3922f1-1-1-450x300.jpg 450w, https:\/\/radiorevelacionfm.cl\/wp-content\/uploads\/2024\/02\/c53c6159-d494-497a-9ac1-05b91e3922f1-1-1-600x400.jpg 600w\" sizes=\"(max-width: 900px) 100vw, 900px\" \/><\/div><\/div><\/div><\/div><div class=\"flex_column av_one_full  flex_column_div av-zero-column-padding first  avia-builder-el-2  el_after_av_one_full  el_before_av_one_full  column-top-margin\" style='border-radius:0px; '><section class=\"av_textblock_section \"  itemscope=\"itemscope\" itemtype=\"https:\/\/schema.org\/BlogPosting\" itemprop=\"blogPost\" ><div class='avia_textblock  '   itemprop=\"text\" ><p style=\"text-align: center;\"><span style=\"font-size: 18pt;\"><b>Comisar\u00eda Virtual ampl\u00eda atenci\u00f3n de denuncias a la zona sur del pa\u00eds<\/b><\/span><\/p>\n<div id=\"gtx-trans\" style=\"position: absolute; left: -50px; top: 4.31534px;\">\n<div class=\"gtx-trans-icon\"><\/div>\n<\/div>\n<\/div><\/section><\/div><div class=\"flex_column av_one_full  flex_column_div av-zero-column-padding first  avia-builder-el-4  el_after_av_one_full  el_before_av_hr  column-top-margin\" style='border-radius:0px; '><section class=\"av_textblock_section \"  itemscope=\"itemscope\" itemtype=\"https:\/\/schema.org\/BlogPosting\" itemprop=\"blogPost\" ><div class='avia_textblock  '   itemprop=\"text\" ><p style=\"text-align: justify;\">A partir del 31 de enero 2024, denuncias por Hurto, Da\u00f1o a la Propiedad y Maltrato Animal podr\u00e1n ser recepcionadas por la plataforma digital de Carabineros a nivel nacional.<\/p>\n<p style=\"text-align: justify;\">Hasta dependencias de Comisar\u00eda Virtual, llegaron el Subsecretario de Prevenci\u00f3n del Delito, Eduardo Vergara, junto al General Director(s), Marcelo Araya y la gerente de la Divisi\u00f3n de Estudios de la Fiscal\u00eda Nacional, Ana Morales, para dar inicio a la ampliaci\u00f3n de la plataforma que permitir\u00e1 realizar tres tipos de denuncias, ahora en las regiones de O&#8217;Higgins, Maule, Biob\u00edo, \u00d1uble, La Araucan\u00eda, Los R\u00edos, Los Lagos, Ays\u00e9n, Magallanes y Ant\u00e1rtica Chilena, abarcando de esta manera todo el territorio nacional.<\/p>\n<p>Desde el lanzamiento del m\u00f3dulo online, el cual se inici\u00f3 en la Regi\u00f3n Metropolitana en noviembre del 2021 y se ampli\u00f3 a la zona norte el a\u00f1o 2023, se han tramitado m\u00e1s de 17 mil denuncias, las cuales han sido validadas y enviadas al Ministerio P\u00fablico.<\/p>\n<p>En la oportunidad, el Subsecretario Vergara destac\u00f3 que esta modalidad \u00abNos permite avanzar en fortalecer a las instituciones del Estado, robustecer la labor policial y apuntar al coraz\u00f3n de la eficiencia policial. Queremos nuestras polic\u00edas en la calle, donde m\u00e1s se les necesita y cuando podemos poner innovaci\u00f3n de por medio para optimizar la labor policial, acortar los tiempos y reducir la burocracia, es un carabinero m\u00e1s en la calle, que adquiere un valor tremendamente importante para todos y todas\u00bb.<\/p>\n<p>Por su parte el General Director (s), Marcelo Araya, destac\u00f3 el trabajo desarrollado por la instituci\u00f3n en torno a la transformaci\u00f3n digital, siendo una de las polic\u00edas pioneras en utilizar esta modalidad, la cual gracias al \u00e9xito y buena acogida de la comunidad, buscar\u00e1 incorporar en un futuro pr\u00f3ximo la opci\u00f3n de nuevas denuncias por delitos como Robo por Sorpresa, Robo Accesorio de Veh\u00edculos, Estafa, entre otros.<\/p>\n<p>\u00abSin duda, estos avances tecnol\u00f3gicos que nos permiten optimizar nuestra labor policial y reforzar nuestra presencia en aquellos lugares donde nos requiere la comunidad\u00bb, se\u00f1al\u00f3.<\/p>\n<\/div><\/section><\/div><div  style='height:50px' class='hr hr-invisible   avia-builder-el-6  el_after_av_one_full  el_before_av_social_share '><span class='hr-inner ' ><span class='hr-inner-style'><\/span><\/span><\/div><\/p>\n<div  class='av-social-sharing-box  avia-builder-el-7  el_after_av_hr  el_before_av_hr  '><div class='av-share-box'><h5 class='av-share-link-description av-no-toc '>Compartir esta noticia<\/h5><ul class='av-share-box-list noLightbox'><li class='av-share-link av-social-link-facebook' ><a target=\"_blank\" aria-label=\"Compartir en Facebook\" href='https:\/\/www.facebook.com\/sharer.php?u=https:\/\/radiorevelacionfm.cl\/?p=39406&#038;t=Comisar%C3%ADa%20Virtual%20ampl%C3%ADa%20atenci%C3%B3n%20de%20denuncias%20a%20la%20zona%20sur%20del%20pa%C3%ADs' aria-hidden='false' data-av_icon='\ue8f3' data-av_iconfont='entypo-fontello' title='' data-avia-related-tooltip='Compartir en Facebook' rel=\"noopener\"><span class='avia_hidden_link_text'>Compartir en Facebook<\/span><\/a><\/li><li class='av-share-link av-social-link-twitter' ><a target=\"_blank\" aria-label=\"Compartir en Twitter\" href='https:\/\/twitter.com\/share?text=Comisar%C3%ADa%20Virtual%20ampl%C3%ADa%20atenci%C3%B3n%20de%20denuncias%20a%20la%20zona%20sur%20del%20pa%C3%ADs&#038;url=https:\/\/radiorevelacionfm.cl\/?p=39406' aria-hidden='false' data-av_icon='\ue8f1' data-av_iconfont='entypo-fontello' title='' data-avia-related-tooltip='Compartir en Twitter' rel=\"noopener\"><span class='avia_hidden_link_text'>Compartir en Twitter<\/span><\/a><\/li><li class='av-share-link av-social-link-whatsapp' ><a target=\"_blank\" aria-label=\"Compartir en Whatsapp\" href='https:\/\/api.whatsapp.com\/send?text=https:\/\/radiorevelacionfm.cl\/?p=39406' aria-hidden='false' data-av_icon='\uf232' data-av_iconfont='entypo-fontello' title='' data-avia-related-tooltip='Compartir en Whatsapp' rel=\"noopener\"><span class='avia_hidden_link_text'>Compartir en Whatsapp<\/span><\/a><\/li><li class='av-share-link av-social-link-linkedin' ><a target=\"_blank\" aria-label=\"Compartir en LinkedIn\" href='https:\/\/linkedin.com\/shareArticle?mini=true&#038;title=Comisar%C3%ADa%20Virtual%20ampl%C3%ADa%20atenci%C3%B3n%20de%20denuncias%20a%20la%20zona%20sur%20del%20pa%C3%ADs&#038;url=https:\/\/radiorevelacionfm.cl\/?p=39406' aria-hidden='false' data-av_icon='\ue8fc' data-av_iconfont='entypo-fontello' title='' data-avia-related-tooltip='Compartir en LinkedIn' rel=\"noopener\"><span class='avia_hidden_link_text'>Compartir en LinkedIn<\/span><\/a><\/li><li class='av-share-link av-social-link-mail' ><a  aria-label=\"Compartir por correo\" href='mailto:?subject=Comisar%C3%ADa%20Virtual%20ampl%C3%ADa%20atenci%C3%B3n%20de%20denuncias%20a%20la%20zona%20sur%20del%20pa%C3%ADs&#038;body=https:\/\/radiorevelacionfm.cl\/?p=39406' aria-hidden='false' data-av_icon='\ue805' data-av_iconfont='entypo-fontello' title='' data-avia-related-tooltip='Compartir por correo'><span class='avia_hidden_link_text'>Compartir por correo<\/span><\/a><\/li><\/ul><\/div><\/div>\n<div  style='height:50px' class='hr hr-invisible   avia-builder-el-8  el_after_av_social_share  el_before_av_comments_list '><span class='hr-inner ' ><span class='hr-inner-style'><\/span><\/span><\/div>\n<div  class='av-buildercomment  av-blog-meta-html-info-disabled av-blog-meta-tag-disabled  '><\/div>\n","protected":false},"excerpt":{"rendered":"","protected":false},"author":1,"featured_media":39407,"comment_status":"open","ping_status":"open","sticky":false,"template":"","format":"standard","meta":{"footnotes":""},"categories":[36],"tags":[],"class_list":["post-39406","post","type-post","status-publish","format-standard","has-post-thumbnail","hentry","category-policial"],"jetpack_featured_media_url":"https:\/\/radiorevelacionfm.cl\/wp-content\/uploads\/2024\/02\/c53c6159-d494-497a-9ac1-05b91e3922f1-1-1.jpg","_links":{"self":[{"href":"https:\/\/radiorevelacionfm.cl\/index.php?rest_route=\/wp\/v2\/posts\/39406","targetHints":{"allow":["GET"]}}],"collection":[{"href":"https:\/\/radiorevelacionfm.cl\/index.php?rest_route=\/wp\/v2\/posts"}],"about":[{"href":"https:\/\/radiorevelacionfm.cl\/index.php?rest_route=\/wp\/v2\/types\/post"}],"author":[{"embeddable":true,"href":"https:\/\/radiorevelacionfm.cl\/index.php?rest_route=\/wp\/v2\/users\/1"}],"replies":[{"embeddable":true,"href":"https:\/\/radiorevelacionfm.cl\/index.php?rest_route=%2Fwp%2Fv2%2Fcomments&post=39406"}],"version-history":[{"count":1,"href":"https:\/\/radiorevelacionfm.cl\/index.php?rest_route=\/wp\/v2\/posts\/39406\/revisions"}],"predecessor-version":[{"id":39408,"href":"https:\/\/radiorevelacionfm.cl\/index.php?rest_route=\/wp\/v2\/posts\/39406\/revisions\/39408"}],"wp:featuredmedia":[{"embeddable":true,"href":"https:\/\/radiorevelacionfm.cl\/index.php?rest_route=\/wp\/v2\/media\/39407"}],"wp:attachment":[{"href":"https:\/\/radiorevelacionfm.cl\/index.php?rest_route=%2Fwp%2Fv2%2Fmedia&parent=39406"}],"wp:term":[{"taxonomy":"category","embeddable":true,"href":"https:\/\/radiorevelacionfm.cl\/index.php?rest_route=%2Fwp%2Fv2%2Fcategories&post=39406"},{"taxonomy":"post_tag","embeddable":true,"href":"https:\/\/radiorevelacionfm.cl\/index.php?rest_route=%2Fwp%2Fv2%2Ftags&post=39406"}],"curies":[{"name":"wp","href":"https:\/\/api.w.org\/{rel}","templated":true}]}}