{"id":39403,"date":"2024-02-01T19:00:39","date_gmt":"2024-02-01T22:00:39","guid":{"rendered":"https:\/\/radiorevelacionfm.cl\/?p=39403"},"modified":"2024-02-01T19:00:39","modified_gmt":"2024-02-01T22:00:39","slug":"carabineros-aysen-realizo-ronda-extraordinaria-regional-ocho-detenidos-y-mas-de-mil-controles-efectuados","status":"publish","type":"post","link":"https:\/\/radiorevelacionfm.cl\/?p=39403","title":{"rendered":"Carabineros Ays\u00e9n realiz\u00f3 ronda extraordinaria regional: ocho detenidos y m\u00e1s de mil controles efectuados"},"content":{"rendered":"<div class=\"flex_column av_one_full  flex_column_div av-zero-column-padding first  avia-builder-el-0  el_before_av_one_full  avia-builder-el-first  \" style='border-radius:0px; '><div  class='avia-image-container  av-styling-    avia-builder-el-1  avia-builder-el-no-sibling  avia-align-center '  itemprop=\"image\" itemscope=\"itemscope\" itemtype=\"https:\/\/schema.org\/ImageObject\"  ><div class='avia-image-container-inner'><div class='avia-image-overlay-wrap'><img decoding=\"async\" class='wp-image-39404 avia-img-lazy-loading-not-39404 avia_image' src=\"https:\/\/radiorevelacionfm.cl\/wp-content\/uploads\/2024\/02\/307c92d0-2ed4-46f5-a040-1491605fcf9f-1_optimized-1.jpg\" alt='' title='307c92d0-2ed4-46f5-a040-1491605fcf9f-(1)_optimized (1)' height=\"600\" width=\"800\"  itemprop=\"thumbnailUrl\" srcset=\"https:\/\/radiorevelacionfm.cl\/wp-content\/uploads\/2024\/02\/307c92d0-2ed4-46f5-a040-1491605fcf9f-1_optimized-1.jpg 800w, https:\/\/radiorevelacionfm.cl\/wp-content\/uploads\/2024\/02\/307c92d0-2ed4-46f5-a040-1491605fcf9f-1_optimized-1-300x225.jpg 300w, https:\/\/radiorevelacionfm.cl\/wp-content\/uploads\/2024\/02\/307c92d0-2ed4-46f5-a040-1491605fcf9f-1_optimized-1-768x576.jpg 768w, https:\/\/radiorevelacionfm.cl\/wp-content\/uploads\/2024\/02\/307c92d0-2ed4-46f5-a040-1491605fcf9f-1_optimized-1-705x529.jpg 705w, https:\/\/radiorevelacionfm.cl\/wp-content\/uploads\/2024\/02\/307c92d0-2ed4-46f5-a040-1491605fcf9f-1_optimized-1-450x338.jpg 450w, https:\/\/radiorevelacionfm.cl\/wp-content\/uploads\/2024\/02\/307c92d0-2ed4-46f5-a040-1491605fcf9f-1_optimized-1-600x450.jpg 600w\" sizes=\"(max-width: 800px) 100vw, 800px\" \/><\/div><\/div><\/div><\/div><div class=\"flex_column av_one_full  flex_column_div av-zero-column-padding first  avia-builder-el-2  el_after_av_one_full  el_before_av_one_full  column-top-margin\" style='border-radius:0px; '><section class=\"av_textblock_section \"  itemscope=\"itemscope\" itemtype=\"https:\/\/schema.org\/BlogPosting\" itemprop=\"blogPost\" ><div class='avia_textblock  '   itemprop=\"text\" ><p style=\"text-align: center;\"><span style=\"font-size: 18pt;\"><b>Carabineros Ays\u00e9n realiz\u00f3 ronda extraordinaria regional: ocho detenidos y m\u00e1s de mil controles efectuados<\/b><\/span><\/p>\n<div id=\"gtx-trans\" style=\"position: absolute; left: -50px; top: 4.31534px;\">\n<div class=\"gtx-trans-icon\"><\/div>\n<\/div>\n<\/div><\/section><\/div><div class=\"flex_column av_one_full  flex_column_div av-zero-column-padding first  avia-builder-el-4  el_after_av_one_full  el_before_av_hr  column-top-margin\" style='border-radius:0px; '><section class=\"av_textblock_section \"  itemscope=\"itemscope\" itemtype=\"https:\/\/schema.org\/BlogPosting\" itemprop=\"blogPost\" ><div class='avia_textblock  '   itemprop=\"text\" ><div>\n<p style=\"text-align: justify;\">Un total de 128 efectivos y recursos log\u00edsticos fueron desplegados por Carabineros en la regi\u00f3n de Ays\u00e9n con motivo de un servicio de ronda extraordinaria efectuado por la Instituci\u00f3n en las cuatro provincias de la regi\u00f3n.<\/p>\n<p style=\"text-align: justify;\">El servicio apoyado por unidades especializadas, se lanz\u00f3 en la Plaza de Armas de Coyhaique en el cual particip\u00f3 el Delegado Presidencial Regional de Ays\u00e9n, Rodrigo Araya Morales; el Alcalde de Coyhaique, Carlos Gatica Villegas y el Jefe de Zona (S) de Carabineros Ays\u00e9n, Prefecto Fuad Chaban Vilches.<\/p>\n<p style=\"text-align: justify;\">La estrategia desarrollada entre las 18:00 a las 23:00 horas del mi\u00e9rcoles apunt\u00f3 a prevenir delitos de mayor connotaci\u00f3n social, incivilidades, actuar en flagrancia y brindar m\u00e1s seguridad tanto a residentes como a turistas que visitan la regi\u00f3n.<\/p>\n<p style=\"text-align: justify;\">Durante el servicio Carabineros efectu\u00f3 1.039 controles, de los cuales 330 son de identidad, 599 del tipo vehicular, 50 a locales de alcoholes, 40 a locales comerciales, 19 a seguridad privada y uno a entidades bancarias.<\/p>\n<p style=\"text-align: justify;\">Paralelamente, Carabineros detuvo a ocho personas, de las cuales dos son por conducci\u00f3n en estado de ebriedad, uno por amenazas y cinco por mantener \u00f3rdenes de detenci\u00f3n vigente.<\/p>\n<p style=\"text-align: justify;\">Asimismo, se cursaron 51 infracciones, de las cuales 35 fueron al tr\u00e1nsito y 16 por contravenci\u00f3n a la ley de alcoholes.<\/p>\n<p style=\"text-align: justify;\">\u00abLogramos la detenci\u00f3n de ocho personas, de las cuales cinco manten\u00edan \u00f3rdenes de detenci\u00f3n pendientes, dos por conducir en estado de ebriedad y cursamos m\u00e1s de 50 infracciones al tr\u00e1nsito en distintas localidades de la regi\u00f3n. Con esto, buscamos aumentar nuestra presencia en la regi\u00f3n, abordar las incivilidades que la comunidad nos ha planteado y aumentar la sensaci\u00f3n de seguridad en la regi\u00f3n de Ays\u00e9n\u00bb, expres\u00f3 el Jefe de Zona (S) de Carabineros Ays\u00e9n, Prefecto Fuad Chaban Vilches.<\/p>\n<p style=\"text-align: justify;\">Por su parte el Delegado Presidencial Regional de Ays\u00e9n, Rodrigo Araya Morales resalt\u00f3 que la seguridad la hacemos entre todos, siendo una materia que ha ocupado desde un primer momento a la administraci\u00f3n.<\/p>\n<p style=\"text-align: justify;\">\u00abEsto forma parte de la pol\u00edtica nacional de prevenci\u00f3n de delitos y sobre todo uno de los temas trascendentales es la seguridad p\u00fablica que nuestro gobierno lo ha trabajado desde el primer d\u00eda y que en colaboraci\u00f3n con Carabineros estamos entregando recursos, estamos activando nuevas pol\u00edticas y estamos asumiendo distintos desaf\u00edos\u00bb, expres\u00f3 la autoridad regional.<\/p>\n<p><b>Relevo Plan Verano Seguro<\/b><\/p>\n<p style=\"text-align: justify;\">Recientemente, seg\u00fan indic\u00f3 el Jefe de Zona Ays\u00e9n (S), Carabineros efectu\u00f3 el relevo de la dotaci\u00f3n que cumple funciones de prevenci\u00f3n, seguridad y tr\u00e1nsito en el sistema modular m\u00f3vil instalado en la localidad de Cerro Castillo desde fines de diciembre pasado, en el contexto del refuerzo de los servicios por Plan Verano Seguro.<\/p>\n<p style=\"text-align: justify;\">\u00abSe renov\u00f3 la segunda etapa de este plan, el cual se desarrolla con \u00e9nfasis en tres localidades como son Cerro Castillo, Puerto R\u00edo Tranquilo y la comuna de Tortel. Con esto aumentamos nuestros controles preventivos, Cerro Castillo entre diciembre a enero tuvo m\u00e1s de 1.500 controles vehiculares y eso nos permite tener un control m\u00e1s directo de las personas que ocupan esta ruta y que es muy frecuente en este periodo estival\u00bb, detall\u00f3 el Prefecto Fuad Chaban Vilches.<\/p>\n<\/div>\n<div><\/div>\n<\/div><\/section><\/div><div  style='height:50px' class='hr hr-invisible   avia-builder-el-6  el_after_av_one_full  el_before_av_social_share '><span class='hr-inner ' ><span class='hr-inner-style'><\/span><\/span><\/div><\/p>\n<div  class='av-social-sharing-box  avia-builder-el-7  el_after_av_hr  el_before_av_hr  '><div class='av-share-box'><h5 class='av-share-link-description av-no-toc '>Compartir esta noticia<\/h5><ul class='av-share-box-list noLightbox'><li class='av-share-link av-social-link-facebook' ><a target=\"_blank\" aria-label=\"Compartir en Facebook\" href='https:\/\/www.facebook.com\/sharer.php?u=https:\/\/radiorevelacionfm.cl\/?p=39403&#038;t=Carabineros%20Ays%C3%A9n%20realiz%C3%B3%20ronda%20extraordinaria%20regional%3A%20ocho%20detenidos%20y%20m%C3%A1s%20de%20mil%20controles%20efectuados' aria-hidden='false' data-av_icon='\ue8f3' data-av_iconfont='entypo-fontello' title='' data-avia-related-tooltip='Compartir en Facebook' rel=\"noopener\"><span class='avia_hidden_link_text'>Compartir en Facebook<\/span><\/a><\/li><li class='av-share-link av-social-link-twitter' ><a target=\"_blank\" aria-label=\"Compartir en Twitter\" href='https:\/\/twitter.com\/share?text=Carabineros%20Ays%C3%A9n%20realiz%C3%B3%20ronda%20extraordinaria%20regional%3A%20ocho%20detenidos%20y%20m%C3%A1s%20de%20mil%20controles%20efectuados&#038;url=https:\/\/radiorevelacionfm.cl\/?p=39403' aria-hidden='false' data-av_icon='\ue8f1' data-av_iconfont='entypo-fontello' title='' data-avia-related-tooltip='Compartir en Twitter' rel=\"noopener\"><span class='avia_hidden_link_text'>Compartir en Twitter<\/span><\/a><\/li><li class='av-share-link av-social-link-whatsapp' ><a target=\"_blank\" aria-label=\"Compartir en Whatsapp\" href='https:\/\/api.whatsapp.com\/send?text=https:\/\/radiorevelacionfm.cl\/?p=39403' aria-hidden='false' data-av_icon='\uf232' data-av_iconfont='entypo-fontello' title='' data-avia-related-tooltip='Compartir en Whatsapp' rel=\"noopener\"><span class='avia_hidden_link_text'>Compartir en Whatsapp<\/span><\/a><\/li><li class='av-share-link av-social-link-linkedin' ><a target=\"_blank\" aria-label=\"Compartir en LinkedIn\" href='https:\/\/linkedin.com\/shareArticle?mini=true&#038;title=Carabineros%20Ays%C3%A9n%20realiz%C3%B3%20ronda%20extraordinaria%20regional%3A%20ocho%20detenidos%20y%20m%C3%A1s%20de%20mil%20controles%20efectuados&#038;url=https:\/\/radiorevelacionfm.cl\/?p=39403' aria-hidden='false' data-av_icon='\ue8fc' data-av_iconfont='entypo-fontello' title='' data-avia-related-tooltip='Compartir en LinkedIn' rel=\"noopener\"><span class='avia_hidden_link_text'>Compartir en LinkedIn<\/span><\/a><\/li><li class='av-share-link av-social-link-mail' ><a  aria-label=\"Compartir por correo\" href='mailto:?subject=Carabineros%20Ays%C3%A9n%20realiz%C3%B3%20ronda%20extraordinaria%20regional%3A%20ocho%20detenidos%20y%20m%C3%A1s%20de%20mil%20controles%20efectuados&#038;body=https:\/\/radiorevelacionfm.cl\/?p=39403' aria-hidden='false' data-av_icon='\ue805' data-av_iconfont='entypo-fontello' title='' data-avia-related-tooltip='Compartir por correo'><span class='avia_hidden_link_text'>Compartir por correo<\/span><\/a><\/li><\/ul><\/div><\/div>\n<div  style='height:50px' class='hr hr-invisible   avia-builder-el-8  el_after_av_social_share  el_before_av_comments_list '><span class='hr-inner ' ><span class='hr-inner-style'><\/span><\/span><\/div>\n<div  class='av-buildercomment  av-blog-meta-html-info-disabled av-blog-meta-tag-disabled  '><\/div>\n","protected":false},"excerpt":{"rendered":"","protected":false},"author":1,"featured_media":39404,"comment_status":"open","ping_status":"open","sticky":false,"template":"","format":"standard","meta":{"footnotes":""},"categories":[36],"tags":[],"class_list":["post-39403","post","type-post","status-publish","format-standard","has-post-thumbnail","hentry","category-policial"],"jetpack_featured_media_url":"https:\/\/radiorevelacionfm.cl\/wp-content\/uploads\/2024\/02\/307c92d0-2ed4-46f5-a040-1491605fcf9f-1_optimized-1.jpg","_links":{"self":[{"href":"https:\/\/radiorevelacionfm.cl\/index.php?rest_route=\/wp\/v2\/posts\/39403","targetHints":{"allow":["GET"]}}],"collection":[{"href":"https:\/\/radiorevelacionfm.cl\/index.php?rest_route=\/wp\/v2\/posts"}],"about":[{"href":"https:\/\/radiorevelacionfm.cl\/index.php?rest_route=\/wp\/v2\/types\/post"}],"author":[{"embeddable":true,"href":"https:\/\/radiorevelacionfm.cl\/index.php?rest_route=\/wp\/v2\/users\/1"}],"replies":[{"embeddable":true,"href":"https:\/\/radiorevelacionfm.cl\/index.php?rest_route=%2Fwp%2Fv2%2Fcomments&post=39403"}],"version-history":[{"count":1,"href":"https:\/\/radiorevelacionfm.cl\/index.php?rest_route=\/wp\/v2\/posts\/39403\/revisions"}],"predecessor-version":[{"id":39405,"href":"https:\/\/radiorevelacionfm.cl\/index.php?rest_route=\/wp\/v2\/posts\/39403\/revisions\/39405"}],"wp:featuredmedia":[{"embeddable":true,"href":"https:\/\/radiorevelacionfm.cl\/index.php?rest_route=\/wp\/v2\/media\/39404"}],"wp:attachment":[{"href":"https:\/\/radiorevelacionfm.cl\/index.php?rest_route=%2Fwp%2Fv2%2Fmedia&parent=39403"}],"wp:term":[{"taxonomy":"category","embeddable":true,"href":"https:\/\/radiorevelacionfm.cl\/index.php?rest_route=%2Fwp%2Fv2%2Fcategories&post=39403"},{"taxonomy":"post_tag","embeddable":true,"href":"https:\/\/radiorevelacionfm.cl\/index.php?rest_route=%2Fwp%2Fv2%2Ftags&post=39403"}],"curies":[{"name":"wp","href":"https:\/\/api.w.org\/{rel}","templated":true}]}}