{"id":39400,"date":"2024-02-02T11:48:18","date_gmt":"2024-02-02T14:48:18","guid":{"rendered":"https:\/\/radiorevelacionfm.cl\/?p=39400"},"modified":"2024-02-02T11:48:18","modified_gmt":"2024-02-02T14:48:18","slug":"fuerte-llamado-a-la-prevencion-para-evitar-nuevos-incendios-en-la-region-de-aysen","status":"publish","type":"post","link":"https:\/\/radiorevelacionfm.cl\/?p=39400","title":{"rendered":"Fuerte llamado a la prevenci\u00f3n para evitar nuevos incendios en la regi\u00f3n de Ays\u00e9n"},"content":{"rendered":"<div class=\"flex_column av_one_full  flex_column_div av-zero-column-padding first  avia-builder-el-0  el_before_av_one_full  avia-builder-el-first  \" style='border-radius:0px; '><div  class='avia-image-container  av-styling-    avia-builder-el-1  avia-builder-el-no-sibling  avia-align-center '  itemprop=\"image\" itemscope=\"itemscope\" itemtype=\"https:\/\/schema.org\/ImageObject\"  ><div class='avia-image-container-inner'><div class='avia-image-overlay-wrap'><img decoding=\"async\" class='wp-image-39401 avia-img-lazy-loading-not-39401 avia_image' src=\"https:\/\/radiorevelacionfm.cl\/wp-content\/uploads\/2024\/02\/img_0210-1_optimized.jpg\" alt='' title='img_0210-(1)_optimized' height=\"600\" width=\"830\"  itemprop=\"thumbnailUrl\" srcset=\"https:\/\/radiorevelacionfm.cl\/wp-content\/uploads\/2024\/02\/img_0210-1_optimized.jpg 830w, https:\/\/radiorevelacionfm.cl\/wp-content\/uploads\/2024\/02\/img_0210-1_optimized-300x217.jpg 300w, https:\/\/radiorevelacionfm.cl\/wp-content\/uploads\/2024\/02\/img_0210-1_optimized-768x555.jpg 768w, https:\/\/radiorevelacionfm.cl\/wp-content\/uploads\/2024\/02\/img_0210-1_optimized-705x510.jpg 705w, https:\/\/radiorevelacionfm.cl\/wp-content\/uploads\/2024\/02\/img_0210-1_optimized-450x325.jpg 450w, https:\/\/radiorevelacionfm.cl\/wp-content\/uploads\/2024\/02\/img_0210-1_optimized-600x434.jpg 600w\" sizes=\"(max-width: 830px) 100vw, 830px\" \/><\/div><\/div><\/div><\/div><div class=\"flex_column av_one_full  flex_column_div av-zero-column-padding first  avia-builder-el-2  el_after_av_one_full  el_before_av_one_full  column-top-margin\" style='border-radius:0px; '><section class=\"av_textblock_section \"  itemscope=\"itemscope\" itemtype=\"https:\/\/schema.org\/BlogPosting\" itemprop=\"blogPost\" ><div class='avia_textblock  '   itemprop=\"text\" ><p style=\"text-align: center;\"><strong><span style=\"font-size: 18pt;\">Fuerte llamado a la prevenci\u00f3n para evitar nuevos incendios en la regi\u00f3n de Ays\u00e9n <\/span><\/strong><\/p>\n<div id=\"gtx-trans\" style=\"position: absolute; left: -50px; top: 4.31534px;\">\n<div class=\"gtx-trans-icon\"><\/div>\n<\/div>\n<\/div><\/section><\/div><div class=\"flex_column av_one_full  flex_column_div av-zero-column-padding first  avia-builder-el-4  el_after_av_one_full  el_before_av_hr  column-top-margin\" style='border-radius:0px; '><section class=\"av_textblock_section \"  itemscope=\"itemscope\" itemtype=\"https:\/\/schema.org\/BlogPosting\" itemprop=\"blogPost\" ><div class='avia_textblock  '   itemprop=\"text\" ><p style=\"font-weight: 400; text-align: justify;\">Luego de una semana de combate del incendio que el jueves 25 comenz\u00f3 en el sector Recta Foitzick de la Ruta 7 sur, autoridades regionales reafirmaron el llamado a prevenir nuevos incendios en la Regi\u00f3n de Ays\u00e9n.<\/p>\n<p style=\"font-weight: 400; text-align: justify;\">El Delegado Presidencial Regional, Rodrigo Araya, indic\u00f3 que de acuerdo a la informaci\u00f3n proporcionada por CONAF en coordinaci\u00f3n con SENAPRED, la superficie afectada es de 88,6 hect\u00e1reas de pastizal y pino,\u00a0destacando el trabajo conjunto que se despleg\u00f3 para la contenci\u00f3n del fuego.<\/p>\n<p style=\"font-weight: 400; text-align: justify;\">\u201cDestacamos el trabajo permanente de las brigadas, se mantiene el estado de contenci\u00f3n. Esto ha permitido liberar recursos como el helic\u00f3ptero de Cochrane, que est\u00e1 disponible ante cualquier eventualidad, mientras se mantiene el helic\u00f3ptero de Coyhaique\u201d, indic\u00f3.<\/p>\n<p style=\"font-weight: 400; text-align: justify;\">El director regional de CONAF, Ronald Valenzuela indic\u00f3 que hubo una buena planificaci\u00f3n y ejecuci\u00f3n del trabajo contra el incendio, reafirmando la importancia del compromiso de la ciudadan\u00eda con la prevenci\u00f3n.<\/p>\n<p style=\"font-weight: 400; text-align: justify;\">\u201cEstamos entrando en la segunda mitad del per\u00edodo de alta ocurrencia de incendios, en el que las condiciones clim\u00e1ticas, las altas temperaturas, el estr\u00e9s h\u00eddrico y las bajas precipitaciones, aumentan la probabilidad de ocurrencia de incendios. Hacemos un llamado a extremar las medidas de prevenci\u00f3n, ya que el 99,7 por ciento de los incendios tienen su origen en la acci\u00f3n humana\u201d.<\/p>\n<p style=\"font-weight: 400; text-align: justify;\">Dentro de las brigadas de CONAF, Iv\u00e1n Ulloa y Sof\u00eda Navarro reafirmaron la importancia de la prevenci\u00f3n y del aviso oportuno en caso de avistamiento de humo.<\/p>\n<p style=\"font-weight: 400; text-align: justify;\">\u201cLlevo siete d\u00edas combatiendo el incendio en el cerro Mackay, llamamos a la prevenci\u00f3n a la comunidad de la regi\u00f3n, para cuidar nuestro medio ambiente y nuestra importante flora y fauna\u201d, indic\u00f3 Iv\u00e1n Ulloa, mientras que Sof\u00eda Navarro dijo que \u201cllamamos a la prevenci\u00f3n y recordar que ante cualquier emergencia se puede llamar al 130 y nosotros vamos a estar disponibles para combatir cualquier incendio\u201d.<\/p>\n<p style=\"font-weight: 400; text-align: justify;\">Entre las principales indicaciones est\u00e1n no usar fuego al aire libre, no arrojar f\u00f3sforos ni colillas encendidas, extremar las precauciones al utilizar herramientas o maquinarias que generen chispas y, en caso de divisar humo, llamar al 130 de CONAF.<\/p>\n<\/div><\/section><\/div><div  style='height:50px' class='hr hr-invisible   avia-builder-el-6  el_after_av_one_full  el_before_av_social_share '><span class='hr-inner ' ><span class='hr-inner-style'><\/span><\/span><\/div><\/p>\n<div  class='av-social-sharing-box  avia-builder-el-7  el_after_av_hr  el_before_av_hr  '><div class='av-share-box'><h5 class='av-share-link-description av-no-toc '>Compartir esta noticia<\/h5><ul class='av-share-box-list noLightbox'><li class='av-share-link av-social-link-facebook' ><a target=\"_blank\" aria-label=\"Compartir en Facebook\" href='https:\/\/www.facebook.com\/sharer.php?u=https:\/\/radiorevelacionfm.cl\/?p=39400&#038;t=Fuerte%20llamado%20a%20la%20prevenci%C3%B3n%20para%20evitar%20nuevos%20incendios%20en%20la%20regi%C3%B3n%20de%20Ays%C3%A9n' aria-hidden='false' data-av_icon='\ue8f3' data-av_iconfont='entypo-fontello' title='' data-avia-related-tooltip='Compartir en Facebook' rel=\"noopener\"><span class='avia_hidden_link_text'>Compartir en Facebook<\/span><\/a><\/li><li class='av-share-link av-social-link-twitter' ><a target=\"_blank\" aria-label=\"Compartir en Twitter\" href='https:\/\/twitter.com\/share?text=Fuerte%20llamado%20a%20la%20prevenci%C3%B3n%20para%20evitar%20nuevos%20incendios%20en%20la%20regi%C3%B3n%20de%20Ays%C3%A9n&#038;url=https:\/\/radiorevelacionfm.cl\/?p=39400' aria-hidden='false' data-av_icon='\ue8f1' data-av_iconfont='entypo-fontello' title='' data-avia-related-tooltip='Compartir en Twitter' rel=\"noopener\"><span class='avia_hidden_link_text'>Compartir en Twitter<\/span><\/a><\/li><li class='av-share-link av-social-link-whatsapp' ><a target=\"_blank\" aria-label=\"Compartir en Whatsapp\" href='https:\/\/api.whatsapp.com\/send?text=https:\/\/radiorevelacionfm.cl\/?p=39400' aria-hidden='false' data-av_icon='\uf232' data-av_iconfont='entypo-fontello' title='' data-avia-related-tooltip='Compartir en Whatsapp' rel=\"noopener\"><span class='avia_hidden_link_text'>Compartir en Whatsapp<\/span><\/a><\/li><li class='av-share-link av-social-link-linkedin' ><a target=\"_blank\" aria-label=\"Compartir en LinkedIn\" href='https:\/\/linkedin.com\/shareArticle?mini=true&#038;title=Fuerte%20llamado%20a%20la%20prevenci%C3%B3n%20para%20evitar%20nuevos%20incendios%20en%20la%20regi%C3%B3n%20de%20Ays%C3%A9n&#038;url=https:\/\/radiorevelacionfm.cl\/?p=39400' aria-hidden='false' data-av_icon='\ue8fc' data-av_iconfont='entypo-fontello' title='' data-avia-related-tooltip='Compartir en LinkedIn' rel=\"noopener\"><span class='avia_hidden_link_text'>Compartir en LinkedIn<\/span><\/a><\/li><li class='av-share-link av-social-link-mail' ><a  aria-label=\"Compartir por correo\" href='mailto:?subject=Fuerte%20llamado%20a%20la%20prevenci%C3%B3n%20para%20evitar%20nuevos%20incendios%20en%20la%20regi%C3%B3n%20de%20Ays%C3%A9n&#038;body=https:\/\/radiorevelacionfm.cl\/?p=39400' aria-hidden='false' data-av_icon='\ue805' data-av_iconfont='entypo-fontello' title='' data-avia-related-tooltip='Compartir por correo'><span class='avia_hidden_link_text'>Compartir por correo<\/span><\/a><\/li><\/ul><\/div><\/div>\n<div  style='height:50px' class='hr hr-invisible   avia-builder-el-8  el_after_av_social_share  el_before_av_comments_list '><span class='hr-inner ' ><span class='hr-inner-style'><\/span><\/span><\/div>\n<div  class='av-buildercomment  av-blog-meta-html-info-disabled av-blog-meta-tag-disabled  '><\/div>\n","protected":false},"excerpt":{"rendered":"","protected":false},"author":1,"featured_media":39401,"comment_status":"open","ping_status":"open","sticky":false,"template":"","format":"standard","meta":{"footnotes":""},"categories":[38],"tags":[],"class_list":["post-39400","post","type-post","status-publish","format-standard","has-post-thumbnail","hentry","category-regional"],"jetpack_featured_media_url":"https:\/\/radiorevelacionfm.cl\/wp-content\/uploads\/2024\/02\/img_0210-1_optimized.jpg","_links":{"self":[{"href":"https:\/\/radiorevelacionfm.cl\/index.php?rest_route=\/wp\/v2\/posts\/39400","targetHints":{"allow":["GET"]}}],"collection":[{"href":"https:\/\/radiorevelacionfm.cl\/index.php?rest_route=\/wp\/v2\/posts"}],"about":[{"href":"https:\/\/radiorevelacionfm.cl\/index.php?rest_route=\/wp\/v2\/types\/post"}],"author":[{"embeddable":true,"href":"https:\/\/radiorevelacionfm.cl\/index.php?rest_route=\/wp\/v2\/users\/1"}],"replies":[{"embeddable":true,"href":"https:\/\/radiorevelacionfm.cl\/index.php?rest_route=%2Fwp%2Fv2%2Fcomments&post=39400"}],"version-history":[{"count":1,"href":"https:\/\/radiorevelacionfm.cl\/index.php?rest_route=\/wp\/v2\/posts\/39400\/revisions"}],"predecessor-version":[{"id":39402,"href":"https:\/\/radiorevelacionfm.cl\/index.php?rest_route=\/wp\/v2\/posts\/39400\/revisions\/39402"}],"wp:featuredmedia":[{"embeddable":true,"href":"https:\/\/radiorevelacionfm.cl\/index.php?rest_route=\/wp\/v2\/media\/39401"}],"wp:attachment":[{"href":"https:\/\/radiorevelacionfm.cl\/index.php?rest_route=%2Fwp%2Fv2%2Fmedia&parent=39400"}],"wp:term":[{"taxonomy":"category","embeddable":true,"href":"https:\/\/radiorevelacionfm.cl\/index.php?rest_route=%2Fwp%2Fv2%2Fcategories&post=39400"},{"taxonomy":"post_tag","embeddable":true,"href":"https:\/\/radiorevelacionfm.cl\/index.php?rest_route=%2Fwp%2Fv2%2Ftags&post=39400"}],"curies":[{"name":"wp","href":"https:\/\/api.w.org\/{rel}","templated":true}]}}