{"id":3940,"date":"2021-05-09T16:10:42","date_gmt":"2021-05-09T19:10:42","guid":{"rendered":"https:\/\/radiorevelacionfm.cl\/?p=3940"},"modified":"2021-05-09T16:10:42","modified_gmt":"2021-05-09T19:10:42","slug":"senador-sandoval-lamento-aprobacion-para-renovar-zonas-contiguas-con-los-lagos","status":"publish","type":"post","link":"https:\/\/radiorevelacionfm.cl\/?p=3940","title":{"rendered":"Senador Sandoval lament\u00f3 aprobaci\u00f3n para renovar zonas contiguas con Los Lagos"},"content":{"rendered":"<div class=\"flex_column av_one_full  flex_column_div av-zero-column-padding first  avia-builder-el-0  el_before_av_one_full  avia-builder-el-first  \" style='border-radius:0px; '><div  class='avia-image-container  av-styling-    avia-builder-el-1  avia-builder-el-no-sibling  avia-align-center '  itemprop=\"image\" itemscope=\"itemscope\" itemtype=\"https:\/\/schema.org\/ImageObject\"  ><div class='avia-image-container-inner'><div class='avia-image-overlay-wrap'><img decoding=\"async\" class='wp-image-3941 avia-img-lazy-loading-not-3941 avia_image' src=\"https:\/\/radiorevelacionfm.cl\/wp-content\/uploads\/2021\/05\/senador-sandoval2_optimized.jpg\" alt='' title='senador-sandoval2_optimized' height=\"681\" width=\"1023\"  itemprop=\"thumbnailUrl\" srcset=\"https:\/\/radiorevelacionfm.cl\/wp-content\/uploads\/2021\/05\/senador-sandoval2_optimized.jpg 1023w, https:\/\/radiorevelacionfm.cl\/wp-content\/uploads\/2021\/05\/senador-sandoval2_optimized-300x200.jpg 300w, https:\/\/radiorevelacionfm.cl\/wp-content\/uploads\/2021\/05\/senador-sandoval2_optimized-768x511.jpg 768w, https:\/\/radiorevelacionfm.cl\/wp-content\/uploads\/2021\/05\/senador-sandoval2_optimized-705x469.jpg 705w, https:\/\/radiorevelacionfm.cl\/wp-content\/uploads\/2021\/05\/senador-sandoval2_optimized-600x399.jpg 600w\" sizes=\"(max-width: 1023px) 100vw, 1023px\" \/><\/div><\/div><\/div><\/div><div class=\"flex_column av_one_full  flex_column_div av-zero-column-padding first  avia-builder-el-2  el_after_av_one_full  el_before_av_one_full  column-top-margin\" style='border-radius:0px; '><section class=\"av_textblock_section \"  itemscope=\"itemscope\" itemtype=\"https:\/\/schema.org\/BlogPosting\" itemprop=\"blogPost\" ><div class='avia_textblock  '   itemprop=\"text\" ><p style=\"text-align: center;\"><span style=\"font-size: 18pt;\"><strong>Senador Sandoval lament\u00f3 aprobaci\u00f3n para renovar zonas contiguas con Los Lagos<\/strong><\/span><\/p>\n<div id=\"gtx-trans\" style=\"position: absolute; left: -50px; top: 4.31534px;\">\n<div class=\"gtx-trans-icon\"><\/div>\n<\/div>\n<\/div><\/section><\/div><div class=\"flex_column av_one_full  flex_column_div av-zero-column-padding first  avia-builder-el-4  el_after_av_one_full  el_before_av_hr  column-top-margin\" style='border-radius:0px; '><section class=\"av_textblock_section \"  itemscope=\"itemscope\" itemtype=\"https:\/\/schema.org\/BlogPosting\" itemprop=\"blogPost\" ><div class='avia_textblock  '   itemprop=\"text\" ><p style=\"text-align: justify;\">El parlamentario se\u00f1al\u00f3 que las autoridades vinculadas al \u00e1mbito pesquero \u201cdeber\u00edan estar impulsando acciones para generar un cambio sustantivo en el aprovechamiento de los recursos de la regi\u00f3n\u201d.<\/p>\n<p style=\"text-align: justify;\">Luego de que pescadores de la regi\u00f3n de Ays\u00e9n votaran a favor de las zonas contiguas con Los Lagos, lo que permitir\u00e1 que trabajadores del mar de ambas regiones accedan a recursos bent\u00f3nicos de almejas, luga roja y erizo, el senador David Sandoval lament\u00f3 la decisi\u00f3n adoptada en los \u00faltimos d\u00edas.<\/p>\n<p style=\"text-align: justify;\">Lo anterior fue expuesto por el parlamentario en su habitual programa radial de los fines de semana, se\u00f1alando que el tema de las zonas contiguas va a terminar cuando la regi\u00f3n de Ays\u00e9n desarrolle todas sus capacidades productivas para aprovechar los recursos regionales. \u201cNo es l\u00f3gico que nosotros tengamos que abrirle las fronteras a pescadores artesanales de la d\u00e9cima regi\u00f3n, que pr\u00e1cticamente han sobreexplotado sus recursos\u201d, cuestion\u00f3.<\/p>\n<p style=\"text-align: justify;\">\u201cYo tampoco lo entiendo\u201d, se\u00f1al\u00f3 el legislador al referirse al resultado de la votaci\u00f3n, recordando que la instancia fue aprobada por un voto de diferencia (70 a 69).<\/p>\n<p style=\"text-align: justify;\">En ese sentido, Sandoval se\u00f1al\u00f3 que ya pasados m\u00e1s de veinte a\u00f1os de esta situaci\u00f3n, \u00e9sta debe ser resuelta. \u201cLa regi\u00f3n de Ays\u00e9n tiene que desarrollar todas sus capacidades y terminar con este proceso, hacer una cosa distinta y ordenada, ver c\u00f3mo se maneja en lo sucesivo. Esto ya no resiste m\u00e1s vuelta\u201d, recalc\u00f3.<\/p>\n<p style=\"text-align: justify;\">Por lo mismo, dijo lamentar \u201cque las autoridades en vez de que est\u00e9n manteniendo un modelo de gesti\u00f3n, deber\u00edan estar impulsando acciones para revertir estos procesos, generar un cambio sustantivo en el aprovechamiento de los recursos de la regi\u00f3n\u201d, enfatizando que este tema se ha manejado pol\u00edticamente, \u201cporque los de la d\u00e9cima regi\u00f3n presionan, amenazan con cerrar los puertos, hay presiones de todo tipo, pero aqu\u00ed es un tema que no resiste m\u00e1s\u201d.<\/p>\n<p style=\"text-align: justify;\">Finalmente, y sobre la asignaci\u00f3n de cuotas, el parlamentario tambi\u00e9n pidi\u00f3 que se aclare la situaci\u00f3n, porque como han se\u00f1alado algunos dirigentes regionales \u201ctienen trabajo para dos meses y medio\u201d, considerando adem\u00e1s el ingreso de m\u00e1s gente desde los Lagos. \u201cSe habla de trescientos buzos, pero con la falta de fiscalizaci\u00f3n y medios de control en el litoral, van a entrar muchos m\u00e1s\u201d, concluy\u00f3.<\/p>\n<\/div><\/section><\/div><div  style='height:50px' class='hr hr-invisible   avia-builder-el-6  el_after_av_one_full  el_before_av_social_share '><span class='hr-inner ' ><span class='hr-inner-style'><\/span><\/span><\/div><\/p>\n<div  class='av-social-sharing-box  avia-builder-el-7  el_after_av_hr  el_before_av_hr  '><div class='av-share-box'><h5 class='av-share-link-description av-no-toc '>Compartir esta noticia<\/h5><ul class='av-share-box-list noLightbox'><li class='av-share-link av-social-link-facebook' ><a target=\"_blank\" aria-label=\"Compartir en Facebook\" href='https:\/\/www.facebook.com\/sharer.php?u=https:\/\/radiorevelacionfm.cl\/?p=3940&#038;t=Senador%20Sandoval%20lament%C3%B3%20aprobaci%C3%B3n%20para%20renovar%20zonas%20contiguas%20con%20Los%20Lagos' aria-hidden='false' data-av_icon='\ue8f3' data-av_iconfont='entypo-fontello' title='' data-avia-related-tooltip='Compartir en Facebook' rel=\"noopener\"><span class='avia_hidden_link_text'>Compartir en Facebook<\/span><\/a><\/li><li class='av-share-link av-social-link-twitter' ><a target=\"_blank\" aria-label=\"Compartir en Twitter\" href='https:\/\/twitter.com\/share?text=Senador%20Sandoval%20lament%C3%B3%20aprobaci%C3%B3n%20para%20renovar%20zonas%20contiguas%20con%20Los%20Lagos&#038;url=https:\/\/radiorevelacionfm.cl\/?p=3940' aria-hidden='false' data-av_icon='\ue8f1' data-av_iconfont='entypo-fontello' title='' data-avia-related-tooltip='Compartir en Twitter' rel=\"noopener\"><span class='avia_hidden_link_text'>Compartir en Twitter<\/span><\/a><\/li><li class='av-share-link av-social-link-whatsapp' ><a target=\"_blank\" aria-label=\"Compartir en Whatsapp\" href='https:\/\/api.whatsapp.com\/send?text=https:\/\/radiorevelacionfm.cl\/?p=3940' aria-hidden='false' data-av_icon='\uf232' data-av_iconfont='entypo-fontello' title='' data-avia-related-tooltip='Compartir en Whatsapp' rel=\"noopener\"><span class='avia_hidden_link_text'>Compartir en Whatsapp<\/span><\/a><\/li><li class='av-share-link av-social-link-linkedin' ><a target=\"_blank\" aria-label=\"Compartir en LinkedIn\" href='https:\/\/linkedin.com\/shareArticle?mini=true&#038;title=Senador%20Sandoval%20lament%C3%B3%20aprobaci%C3%B3n%20para%20renovar%20zonas%20contiguas%20con%20Los%20Lagos&#038;url=https:\/\/radiorevelacionfm.cl\/?p=3940' aria-hidden='false' data-av_icon='\ue8fc' data-av_iconfont='entypo-fontello' title='' data-avia-related-tooltip='Compartir en LinkedIn' rel=\"noopener\"><span class='avia_hidden_link_text'>Compartir en LinkedIn<\/span><\/a><\/li><li class='av-share-link av-social-link-mail' ><a  aria-label=\"Compartir por correo\" href='mailto:?subject=Senador%20Sandoval%20lament%C3%B3%20aprobaci%C3%B3n%20para%20renovar%20zonas%20contiguas%20con%20Los%20Lagos&#038;body=https:\/\/radiorevelacionfm.cl\/?p=3940' aria-hidden='false' data-av_icon='\ue805' data-av_iconfont='entypo-fontello' title='' data-avia-related-tooltip='Compartir por correo'><span class='avia_hidden_link_text'>Compartir por correo<\/span><\/a><\/li><\/ul><\/div><\/div>\n<div  style='height:50px' class='hr hr-invisible   avia-builder-el-8  el_after_av_social_share  el_before_av_comments_list '><span class='hr-inner ' ><span class='hr-inner-style'><\/span><\/span><\/div>\n<div  class='av-buildercomment  av-blog-meta-html-info-disabled av-blog-meta-tag-disabled  '><\/div>\n","protected":false},"excerpt":{"rendered":"","protected":false},"author":1,"featured_media":3941,"comment_status":"open","ping_status":"open","sticky":false,"template":"","format":"standard","meta":{"footnotes":""},"categories":[60,38],"tags":[],"class_list":["post-3940","post","type-post","status-publish","format-standard","has-post-thumbnail","hentry","category-pesca","category-regional"],"jetpack_featured_media_url":"https:\/\/radiorevelacionfm.cl\/wp-content\/uploads\/2021\/05\/senador-sandoval2_optimized.jpg","_links":{"self":[{"href":"https:\/\/radiorevelacionfm.cl\/index.php?rest_route=\/wp\/v2\/posts\/3940","targetHints":{"allow":["GET"]}}],"collection":[{"href":"https:\/\/radiorevelacionfm.cl\/index.php?rest_route=\/wp\/v2\/posts"}],"about":[{"href":"https:\/\/radiorevelacionfm.cl\/index.php?rest_route=\/wp\/v2\/types\/post"}],"author":[{"embeddable":true,"href":"https:\/\/radiorevelacionfm.cl\/index.php?rest_route=\/wp\/v2\/users\/1"}],"replies":[{"embeddable":true,"href":"https:\/\/radiorevelacionfm.cl\/index.php?rest_route=%2Fwp%2Fv2%2Fcomments&post=3940"}],"version-history":[{"count":1,"href":"https:\/\/radiorevelacionfm.cl\/index.php?rest_route=\/wp\/v2\/posts\/3940\/revisions"}],"predecessor-version":[{"id":3942,"href":"https:\/\/radiorevelacionfm.cl\/index.php?rest_route=\/wp\/v2\/posts\/3940\/revisions\/3942"}],"wp:featuredmedia":[{"embeddable":true,"href":"https:\/\/radiorevelacionfm.cl\/index.php?rest_route=\/wp\/v2\/media\/3941"}],"wp:attachment":[{"href":"https:\/\/radiorevelacionfm.cl\/index.php?rest_route=%2Fwp%2Fv2%2Fmedia&parent=3940"}],"wp:term":[{"taxonomy":"category","embeddable":true,"href":"https:\/\/radiorevelacionfm.cl\/index.php?rest_route=%2Fwp%2Fv2%2Fcategories&post=3940"},{"taxonomy":"post_tag","embeddable":true,"href":"https:\/\/radiorevelacionfm.cl\/index.php?rest_route=%2Fwp%2Fv2%2Ftags&post=3940"}],"curies":[{"name":"wp","href":"https:\/\/api.w.org\/{rel}","templated":true}]}}