{"id":39397,"date":"2024-02-01T18:19:58","date_gmt":"2024-02-01T21:19:58","guid":{"rendered":"https:\/\/radiorevelacionfm.cl\/?p=39397"},"modified":"2024-02-01T18:19:58","modified_gmt":"2024-02-01T21:19:58","slug":"por-primera-vez-un-establecimiento-de-salud-de-la-region-tendra-nombre-de-mujer-bernardita-zuniga","status":"publish","type":"post","link":"https:\/\/radiorevelacionfm.cl\/?p=39397","title":{"rendered":"Por primera vez un establecimiento de salud de la regi\u00f3n tendr\u00e1 nombre de mujer, Bernardita Z\u00fa\u00f1iga"},"content":{"rendered":"<div class=\"flex_column av_one_full  flex_column_div av-zero-column-padding first  avia-builder-el-0  el_before_av_one_full  avia-builder-el-first  \" style='border-radius:0px; '><div  class='avia-image-container  av-styling-    avia-builder-el-1  avia-builder-el-no-sibling  avia-align-center '  itemprop=\"image\" itemscope=\"itemscope\" itemtype=\"https:\/\/schema.org\/ImageObject\"  ><div class='avia-image-container-inner'><div class='avia-image-overlay-wrap'><img decoding=\"async\" class='wp-image-39398 avia-img-lazy-loading-not-39398 avia_image' src=\"https:\/\/radiorevelacionfm.cl\/wp-content\/uploads\/2024\/02\/whatsapp-image-2024-01-19-at-9_optimized.25.12-pm-1.jpeg\" alt='' title='whatsapp-image-2024-01-19-at-9_optimized.25.12-pm-(1)' height=\"600\" width=\"800\"  itemprop=\"thumbnailUrl\" srcset=\"https:\/\/radiorevelacionfm.cl\/wp-content\/uploads\/2024\/02\/whatsapp-image-2024-01-19-at-9_optimized.25.12-pm-1.jpeg 800w, https:\/\/radiorevelacionfm.cl\/wp-content\/uploads\/2024\/02\/whatsapp-image-2024-01-19-at-9_optimized.25.12-pm-1-300x225.jpeg 300w, https:\/\/radiorevelacionfm.cl\/wp-content\/uploads\/2024\/02\/whatsapp-image-2024-01-19-at-9_optimized.25.12-pm-1-768x576.jpeg 768w, https:\/\/radiorevelacionfm.cl\/wp-content\/uploads\/2024\/02\/whatsapp-image-2024-01-19-at-9_optimized.25.12-pm-1-705x529.jpeg 705w, https:\/\/radiorevelacionfm.cl\/wp-content\/uploads\/2024\/02\/whatsapp-image-2024-01-19-at-9_optimized.25.12-pm-1-450x338.jpeg 450w, https:\/\/radiorevelacionfm.cl\/wp-content\/uploads\/2024\/02\/whatsapp-image-2024-01-19-at-9_optimized.25.12-pm-1-600x450.jpeg 600w\" sizes=\"(max-width: 800px) 100vw, 800px\" \/><\/div><\/div><\/div><\/div><div class=\"flex_column av_one_full  flex_column_div av-zero-column-padding first  avia-builder-el-2  el_after_av_one_full  el_before_av_one_full  column-top-margin\" style='border-radius:0px; '><section class=\"av_textblock_section \"  itemscope=\"itemscope\" itemtype=\"https:\/\/schema.org\/BlogPosting\" itemprop=\"blogPost\" ><div class='avia_textblock  '   itemprop=\"text\" ><p style=\"text-align: center;\"><strong><span style=\"font-size: 18pt;\">Por primera vez un establecimiento de salud de la regi\u00f3n tendr\u00e1 nombre de mujer, Bernardita Z\u00fa\u00f1iga<\/span><\/strong><\/p>\n<div id=\"gtx-trans\" style=\"position: absolute; left: -50px; top: 4.31534px;\">\n<div class=\"gtx-trans-icon\"><\/div>\n<\/div>\n<\/div><\/section><\/div><div class=\"flex_column av_one_full  flex_column_div av-zero-column-padding first  avia-builder-el-4  el_after_av_one_full  el_before_av_hr  column-top-margin\" style='border-radius:0px; '><section class=\"av_textblock_section \"  itemscope=\"itemscope\" itemtype=\"https:\/\/schema.org\/BlogPosting\" itemprop=\"blogPost\" ><div class='avia_textblock  '   itemprop=\"text\" ><p style=\"font-weight: 400; text-align: justify;\">Tras un largo proceso que cont\u00f3 con la participaci\u00f3n activa de la comunidad de Puerto Guadal, representada en el Consejo Consultivo, se logr\u00f3 definir el nombre de la nueva posta de salud rural, actualmente en proceso de construcci\u00f3n.<\/p>\n<p style=\"font-weight: 400; text-align: justify;\">Decenas de personas que se atienden en el establecimiento participaron en la elecci\u00f3n de los posibles nombres y la elecci\u00f3n en la que se eligi\u00f3 el de la param\u00e9dico Bernardita Z\u00fa\u00f1iga.<\/p>\n<p style=\"font-weight: 400; text-align: justify;\">\u201cPara nosotros es s\u00faper importante como comunidad que tengamos el acceso para elegir el nombre de nuestra posta, porque es algo que va a quedar ah\u00ed por siempre. Las personas que est\u00e1 como candidatos son muy conocidas y entregaron su tiempo, dedicaci\u00f3n y vocaci\u00f3n en los tiempos en los que no hab\u00eda todo lo que hoy d\u00eda hay\u201d, se\u00f1al\u00f3 Laura Veroiza Henr\u00edquez, presidenta del COSOS de la Posta de Guadal.<\/p>\n<p style=\"font-weight: 400; text-align: justify;\">Bernardita Z\u00fa\u00f1iga Vargas, actualmente radicada en Santiago, lleg\u00f3 a Puerto Guadal en 1984 y durante a\u00f1os se destac\u00f3 por su entrega y dedicaci\u00f3n a la comunidad, transform\u00e1ndose en una figura querida y respetada por los habitantes de la \u201cPerla del Lago\u201d.<\/p>\n<p style=\"font-weight: 400; text-align: justify;\">Marta, una de las guadalinas que particip\u00f3 de la votaci\u00f3n, coment\u00f3 que \u201cyo soy nacida y criada ac\u00e1 y conoc\u00ed a la se\u00f1ora Bernardita, por eso vine a votar, porque me atend\u00eda muy bien cuando chica\u201d<\/p>\n<p style=\"font-weight: 400; text-align: justify;\">\u201cPara mi Bernardita es una persona que reun\u00eda todas las virtudes que puede tener un funcionario p\u00fablico. Una persona que con vocaci\u00f3n y servicio llegaba a todos los hogares, ella, fueras a la hora que fueras, siempre ten\u00eda la misma sonrisa, prestancia y dedicaci\u00f3n\u201d, agreg\u00f3 Fernando Solar.<\/p>\n<p style=\"font-weight: 400; text-align: justify;\">En la jornada de elecci\u00f3n participaron 93 personas quienes entregaron 83 votos para Bernardita y los 10 restantes a Luis Seguel, practicante de Carabineros que atendi\u00f3 las necesidades de salud de la comunidad en la d\u00e9cada de los 60\u00b4s y principios de los 70\u00b4s.<\/p>\n<p style=\"font-weight: 400; text-align: justify;\">\u201cEstamos muy contentos, cerca de 100 votos por la se\u00f1ora Bernardita Z\u00fa\u00f1iga, una param\u00e9dica antigua con una gran vocaci\u00f3n de servicio, que es lo que m\u00e1s valora la comunidad. Este ejercicio de participaci\u00f3n comunitaria real, con las y los pobladores de Guadal que escogieron el nombre, es un gran logro para nosotros\u201d, concluy\u00f3 Miriam Navarrete, directora del Hospital de Cochrane.<\/p>\n<p style=\"font-weight: 400; text-align: justify;\">Actualmente las obras del nuevo establecimiento de la \u201cPerla del Lago\u201d alcanzan un 83% de avance, por lo que se espera inaugurar este establecimiento durante 2024 y luciendo el nombre de Bernardita Z\u00fa\u00f1iga, una digna representante de todas las mujeres que han sido motor de la Salud en Ays\u00e9n.<\/p>\n<\/div><\/section><\/div><div  style='height:50px' class='hr hr-invisible   avia-builder-el-6  el_after_av_one_full  el_before_av_social_share '><span class='hr-inner ' ><span class='hr-inner-style'><\/span><\/span><\/div><\/p>\n<div  class='av-social-sharing-box  avia-builder-el-7  el_after_av_hr  el_before_av_hr  '><div class='av-share-box'><h5 class='av-share-link-description av-no-toc '>Compartir esta noticia<\/h5><ul class='av-share-box-list noLightbox'><li class='av-share-link av-social-link-facebook' ><a target=\"_blank\" aria-label=\"Compartir en Facebook\" href='https:\/\/www.facebook.com\/sharer.php?u=https:\/\/radiorevelacionfm.cl\/?p=39397&#038;t=Por%20primera%20vez%20un%20establecimiento%20de%20salud%20de%20la%20regi%C3%B3n%20tendr%C3%A1%20nombre%20de%20mujer%2C%20Bernardita%20Z%C3%BA%C3%B1iga' aria-hidden='false' data-av_icon='\ue8f3' data-av_iconfont='entypo-fontello' title='' data-avia-related-tooltip='Compartir en Facebook' rel=\"noopener\"><span class='avia_hidden_link_text'>Compartir en Facebook<\/span><\/a><\/li><li class='av-share-link av-social-link-twitter' ><a target=\"_blank\" aria-label=\"Compartir en Twitter\" href='https:\/\/twitter.com\/share?text=Por%20primera%20vez%20un%20establecimiento%20de%20salud%20de%20la%20regi%C3%B3n%20tendr%C3%A1%20nombre%20de%20mujer%2C%20Bernardita%20Z%C3%BA%C3%B1iga&#038;url=https:\/\/radiorevelacionfm.cl\/?p=39397' aria-hidden='false' data-av_icon='\ue8f1' data-av_iconfont='entypo-fontello' title='' data-avia-related-tooltip='Compartir en Twitter' rel=\"noopener\"><span class='avia_hidden_link_text'>Compartir en Twitter<\/span><\/a><\/li><li class='av-share-link av-social-link-whatsapp' ><a target=\"_blank\" aria-label=\"Compartir en Whatsapp\" href='https:\/\/api.whatsapp.com\/send?text=https:\/\/radiorevelacionfm.cl\/?p=39397' aria-hidden='false' data-av_icon='\uf232' data-av_iconfont='entypo-fontello' title='' data-avia-related-tooltip='Compartir en Whatsapp' rel=\"noopener\"><span class='avia_hidden_link_text'>Compartir en Whatsapp<\/span><\/a><\/li><li class='av-share-link av-social-link-linkedin' ><a target=\"_blank\" aria-label=\"Compartir en LinkedIn\" href='https:\/\/linkedin.com\/shareArticle?mini=true&#038;title=Por%20primera%20vez%20un%20establecimiento%20de%20salud%20de%20la%20regi%C3%B3n%20tendr%C3%A1%20nombre%20de%20mujer%2C%20Bernardita%20Z%C3%BA%C3%B1iga&#038;url=https:\/\/radiorevelacionfm.cl\/?p=39397' aria-hidden='false' data-av_icon='\ue8fc' data-av_iconfont='entypo-fontello' title='' data-avia-related-tooltip='Compartir en LinkedIn' rel=\"noopener\"><span class='avia_hidden_link_text'>Compartir en LinkedIn<\/span><\/a><\/li><li class='av-share-link av-social-link-mail' ><a  aria-label=\"Compartir por correo\" href='mailto:?subject=Por%20primera%20vez%20un%20establecimiento%20de%20salud%20de%20la%20regi%C3%B3n%20tendr%C3%A1%20nombre%20de%20mujer%2C%20Bernardita%20Z%C3%BA%C3%B1iga&#038;body=https:\/\/radiorevelacionfm.cl\/?p=39397' aria-hidden='false' data-av_icon='\ue805' data-av_iconfont='entypo-fontello' title='' data-avia-related-tooltip='Compartir por correo'><span class='avia_hidden_link_text'>Compartir por correo<\/span><\/a><\/li><\/ul><\/div><\/div>\n<div  style='height:50px' class='hr hr-invisible   avia-builder-el-8  el_after_av_social_share  el_before_av_comments_list '><span class='hr-inner ' ><span class='hr-inner-style'><\/span><\/span><\/div>\n<div  class='av-buildercomment  av-blog-meta-html-info-disabled av-blog-meta-tag-disabled  '><\/div>\n","protected":false},"excerpt":{"rendered":"","protected":false},"author":1,"featured_media":39398,"comment_status":"open","ping_status":"open","sticky":false,"template":"","format":"standard","meta":{"footnotes":""},"categories":[46],"tags":[],"class_list":["post-39397","post","type-post","status-publish","format-standard","has-post-thumbnail","hentry","category-salud"],"jetpack_featured_media_url":"https:\/\/radiorevelacionfm.cl\/wp-content\/uploads\/2024\/02\/whatsapp-image-2024-01-19-at-9_optimized.25.12-pm-1.jpeg","_links":{"self":[{"href":"https:\/\/radiorevelacionfm.cl\/index.php?rest_route=\/wp\/v2\/posts\/39397","targetHints":{"allow":["GET"]}}],"collection":[{"href":"https:\/\/radiorevelacionfm.cl\/index.php?rest_route=\/wp\/v2\/posts"}],"about":[{"href":"https:\/\/radiorevelacionfm.cl\/index.php?rest_route=\/wp\/v2\/types\/post"}],"author":[{"embeddable":true,"href":"https:\/\/radiorevelacionfm.cl\/index.php?rest_route=\/wp\/v2\/users\/1"}],"replies":[{"embeddable":true,"href":"https:\/\/radiorevelacionfm.cl\/index.php?rest_route=%2Fwp%2Fv2%2Fcomments&post=39397"}],"version-history":[{"count":1,"href":"https:\/\/radiorevelacionfm.cl\/index.php?rest_route=\/wp\/v2\/posts\/39397\/revisions"}],"predecessor-version":[{"id":39399,"href":"https:\/\/radiorevelacionfm.cl\/index.php?rest_route=\/wp\/v2\/posts\/39397\/revisions\/39399"}],"wp:featuredmedia":[{"embeddable":true,"href":"https:\/\/radiorevelacionfm.cl\/index.php?rest_route=\/wp\/v2\/media\/39398"}],"wp:attachment":[{"href":"https:\/\/radiorevelacionfm.cl\/index.php?rest_route=%2Fwp%2Fv2%2Fmedia&parent=39397"}],"wp:term":[{"taxonomy":"category","embeddable":true,"href":"https:\/\/radiorevelacionfm.cl\/index.php?rest_route=%2Fwp%2Fv2%2Fcategories&post=39397"},{"taxonomy":"post_tag","embeddable":true,"href":"https:\/\/radiorevelacionfm.cl\/index.php?rest_route=%2Fwp%2Fv2%2Ftags&post=39397"}],"curies":[{"name":"wp","href":"https:\/\/api.w.org\/{rel}","templated":true}]}}