{"id":39389,"date":"2024-02-01T21:41:34","date_gmt":"2024-02-02T00:41:34","guid":{"rendered":"https:\/\/radiorevelacionfm.cl\/?p=39389"},"modified":"2024-02-01T21:41:34","modified_gmt":"2024-02-02T00:41:34","slug":"realizan-con-exito-expo-turismo-en-chile-chico","status":"publish","type":"post","link":"https:\/\/radiorevelacionfm.cl\/?p=39389","title":{"rendered":"Realizan con \u00e9xito Expo Turismo en Chile Chico"},"content":{"rendered":"<div class=\"flex_column av_one_full  flex_column_div av-zero-column-padding first  avia-builder-el-0  el_before_av_one_full  avia-builder-el-first  \" style='border-radius:0px; '><div  class='avia-image-container  av-styling-    avia-builder-el-1  avia-builder-el-no-sibling  avia-align-center '  itemprop=\"image\" itemscope=\"itemscope\" itemtype=\"https:\/\/schema.org\/ImageObject\"  ><div class='avia-image-container-inner'><div class='avia-image-overlay-wrap'><img decoding=\"async\" class='wp-image-39390 avia-img-lazy-loading-not-39390 avia_image' src=\"https:\/\/radiorevelacionfm.cl\/wp-content\/uploads\/2024\/02\/pxl_20240126_182803780-1_optimized-1.jpg\" alt='' title='pxl_20240126_182803780-(1)_optimized (1)' height=\"600\" width=\"1067\"  itemprop=\"thumbnailUrl\" srcset=\"https:\/\/radiorevelacionfm.cl\/wp-content\/uploads\/2024\/02\/pxl_20240126_182803780-1_optimized-1.jpg 1067w, https:\/\/radiorevelacionfm.cl\/wp-content\/uploads\/2024\/02\/pxl_20240126_182803780-1_optimized-1-300x169.jpg 300w, https:\/\/radiorevelacionfm.cl\/wp-content\/uploads\/2024\/02\/pxl_20240126_182803780-1_optimized-1-1030x579.jpg 1030w, https:\/\/radiorevelacionfm.cl\/wp-content\/uploads\/2024\/02\/pxl_20240126_182803780-1_optimized-1-768x432.jpg 768w, https:\/\/radiorevelacionfm.cl\/wp-content\/uploads\/2024\/02\/pxl_20240126_182803780-1_optimized-1-705x396.jpg 705w, https:\/\/radiorevelacionfm.cl\/wp-content\/uploads\/2024\/02\/pxl_20240126_182803780-1_optimized-1-450x253.jpg 450w, https:\/\/radiorevelacionfm.cl\/wp-content\/uploads\/2024\/02\/pxl_20240126_182803780-1_optimized-1-600x337.jpg 600w\" sizes=\"(max-width: 1067px) 100vw, 1067px\" \/><\/div><\/div><\/div><\/div><div class=\"flex_column av_one_full  flex_column_div av-zero-column-padding first  avia-builder-el-2  el_after_av_one_full  el_before_av_one_full  column-top-margin\" style='border-radius:0px; '><section class=\"av_textblock_section \"  itemscope=\"itemscope\" itemtype=\"https:\/\/schema.org\/BlogPosting\" itemprop=\"blogPost\" ><div class='avia_textblock  '   itemprop=\"text\" ><p style=\"text-align: center;\"><strong><span style=\"font-size: 18pt;\">Realizan con \u00e9xito Expo Turismo en Chile Chico<\/span><\/strong><\/p>\n<div id=\"gtx-trans\" style=\"position: absolute; left: -50px; top: 4.31534px;\">\n<div class=\"gtx-trans-icon\"><\/div>\n<\/div>\n<\/div><\/section><\/div><div class=\"flex_column av_one_full  flex_column_div av-zero-column-padding first  avia-builder-el-4  el_after_av_one_full  el_before_av_hr  column-top-margin\" style='border-radius:0px; '><section class=\"av_textblock_section \"  itemscope=\"itemscope\" itemtype=\"https:\/\/schema.org\/BlogPosting\" itemprop=\"blogPost\" ><div class='avia_textblock  '   itemprop=\"text\" ><p style=\"text-align: justify;\"><em>Los residentes y visitantes de la ciudad disfrutaron de aproximadamente 20 stands que ofrec\u00edan diversos servicios, emprendimientos e iniciativas locales centradas en el turismo.<\/em><\/p>\n<p style=\"text-align: justify;\">Bajo el programa Gobierno en Terreno, la Delegaci\u00f3n Presidencial Provincial de General Carrera organiz\u00f3 la primera exposici\u00f3n tur\u00edstica en Chile Chico, que reuni\u00f3 a prestadores de servicios tur\u00edsticos, emprendedores locales y servicios p\u00fablicos relevantes para el desarrollo tur\u00edstico de la comunidad.<\/p>\n<p style=\"text-align: justify;\">Durante m\u00e1s de cuatro horas, los habitantes y visitantes de Chile Chico, que acuden en gran n\u00famero en estos d\u00edas, tuvieron la oportunidad de disfrutar de la feria \u00abExpo Turismo Chile Chico\u00bb. En este evento, pudieron explorar productos locales como alimentos gourmet, artesan\u00edas y obras de arte, adem\u00e1s de conocer las opciones tur\u00edsticas que ofrece la ciudad del sol, como la pesca, las cabalgatas y diversos deportes acu\u00e1ticos.<\/p>\n<p style=\"text-align: justify;\">El evento fue evaluado como exitoso, con emprendedores que vendieron el 100% de sus productos y atracciones especiales, como la exposici\u00f3n del vino m\u00e1s austral del mundo, que atrajo a numerosos visitantes.<\/p>\n<p style=\"text-align: justify;\">Crist\u00f3bal Barcel\u00f3, Delegado Presidencial Provincial de General Carrera, coment\u00f3 sobre la feria que\u00bbse logr\u00f3 el objetivo de llegar tanto a la comunidad local como a los visitantes\u00bb. Adem\u00e1s, expres\u00f3: \u00abQueremos que la comunidad se informe sobre todo lo que est\u00e1 sucediendo y conozca los servicios disponibles en Chile Chico\u00bb.<\/p>\n<p style=\"text-align: justify;\">El director regional de Sernatur, Claudio Montecinos, presente en el evento, observ\u00f3 una considerable actividad tur\u00edstica en Chile Chico y se\u00f1al\u00f3: \u00abDentro de Sernatur Chile, realizamos una medici\u00f3n de la ocupaci\u00f3n en todo el pa\u00eds. La cuenca del lago General Carrera se sit\u00faa en tercer lugar a nivel nacional, con una tasa de ocupaci\u00f3n del 76,9%, lo que nos llena de satisfacci\u00f3n como Sernatur Ays\u00e9n\u00bb cerr\u00f3 la autoridad sectorial, respecto a estos n\u00fameros que dejan al sector de Chile Chico y R\u00edo Ib\u00e1\u00f1ez como el \u00e1rea con mayor ocupaci\u00f3n en la regi\u00f3n de Ays\u00e9n.<\/p>\n<p style=\"text-align: justify;\">Tras una evaluaci\u00f3n positiva de la feria, el equipo de Gobierno en Terreno de la Delegaci\u00f3n Presidencial Provincial de General Carrera ya est\u00e1 trabajando en la organizaci\u00f3n de un evento similar en la localidad de Puerto Ingeniero Ib\u00e1\u00f1ez durante febrero.<\/p>\n<\/div><\/section><\/div><div  style='height:50px' class='hr hr-invisible   avia-builder-el-6  el_after_av_one_full  el_before_av_social_share '><span class='hr-inner ' ><span class='hr-inner-style'><\/span><\/span><\/div><\/p>\n<div  class='av-social-sharing-box  avia-builder-el-7  el_after_av_hr  el_before_av_hr  '><div class='av-share-box'><h5 class='av-share-link-description av-no-toc '>Compartir esta noticia<\/h5><ul class='av-share-box-list noLightbox'><li class='av-share-link av-social-link-facebook' ><a target=\"_blank\" aria-label=\"Compartir en Facebook\" href='https:\/\/www.facebook.com\/sharer.php?u=https:\/\/radiorevelacionfm.cl\/?p=39389&#038;t=Realizan%20con%20%C3%A9xito%20Expo%20Turismo%20en%20Chile%20Chico' aria-hidden='false' data-av_icon='\ue8f3' data-av_iconfont='entypo-fontello' title='' data-avia-related-tooltip='Compartir en Facebook' rel=\"noopener\"><span class='avia_hidden_link_text'>Compartir en Facebook<\/span><\/a><\/li><li class='av-share-link av-social-link-twitter' ><a target=\"_blank\" aria-label=\"Compartir en Twitter\" href='https:\/\/twitter.com\/share?text=Realizan%20con%20%C3%A9xito%20Expo%20Turismo%20en%20Chile%20Chico&#038;url=https:\/\/radiorevelacionfm.cl\/?p=39389' aria-hidden='false' data-av_icon='\ue8f1' data-av_iconfont='entypo-fontello' title='' data-avia-related-tooltip='Compartir en Twitter' rel=\"noopener\"><span class='avia_hidden_link_text'>Compartir en Twitter<\/span><\/a><\/li><li class='av-share-link av-social-link-whatsapp' ><a target=\"_blank\" aria-label=\"Compartir en Whatsapp\" href='https:\/\/api.whatsapp.com\/send?text=https:\/\/radiorevelacionfm.cl\/?p=39389' aria-hidden='false' data-av_icon='\uf232' data-av_iconfont='entypo-fontello' title='' data-avia-related-tooltip='Compartir en Whatsapp' rel=\"noopener\"><span class='avia_hidden_link_text'>Compartir en Whatsapp<\/span><\/a><\/li><li class='av-share-link av-social-link-linkedin' ><a target=\"_blank\" aria-label=\"Compartir en LinkedIn\" href='https:\/\/linkedin.com\/shareArticle?mini=true&#038;title=Realizan%20con%20%C3%A9xito%20Expo%20Turismo%20en%20Chile%20Chico&#038;url=https:\/\/radiorevelacionfm.cl\/?p=39389' aria-hidden='false' data-av_icon='\ue8fc' data-av_iconfont='entypo-fontello' title='' data-avia-related-tooltip='Compartir en LinkedIn' rel=\"noopener\"><span class='avia_hidden_link_text'>Compartir en LinkedIn<\/span><\/a><\/li><li class='av-share-link av-social-link-mail' ><a  aria-label=\"Compartir por correo\" href='mailto:?subject=Realizan%20con%20%C3%A9xito%20Expo%20Turismo%20en%20Chile%20Chico&#038;body=https:\/\/radiorevelacionfm.cl\/?p=39389' aria-hidden='false' data-av_icon='\ue805' data-av_iconfont='entypo-fontello' title='' data-avia-related-tooltip='Compartir por correo'><span class='avia_hidden_link_text'>Compartir por correo<\/span><\/a><\/li><\/ul><\/div><\/div>\n<div  style='height:50px' class='hr hr-invisible   avia-builder-el-8  el_after_av_social_share  el_before_av_comments_list '><span class='hr-inner ' ><span class='hr-inner-style'><\/span><\/span><\/div>\n<div  class='av-buildercomment  av-blog-meta-html-info-disabled av-blog-meta-tag-disabled  '><\/div>\n","protected":false},"excerpt":{"rendered":"","protected":false},"author":1,"featured_media":39390,"comment_status":"open","ping_status":"open","sticky":false,"template":"","format":"standard","meta":{"footnotes":""},"categories":[38],"tags":[],"class_list":["post-39389","post","type-post","status-publish","format-standard","has-post-thumbnail","hentry","category-regional"],"jetpack_featured_media_url":"https:\/\/radiorevelacionfm.cl\/wp-content\/uploads\/2024\/02\/pxl_20240126_182803780-1_optimized-1.jpg","_links":{"self":[{"href":"https:\/\/radiorevelacionfm.cl\/index.php?rest_route=\/wp\/v2\/posts\/39389","targetHints":{"allow":["GET"]}}],"collection":[{"href":"https:\/\/radiorevelacionfm.cl\/index.php?rest_route=\/wp\/v2\/posts"}],"about":[{"href":"https:\/\/radiorevelacionfm.cl\/index.php?rest_route=\/wp\/v2\/types\/post"}],"author":[{"embeddable":true,"href":"https:\/\/radiorevelacionfm.cl\/index.php?rest_route=\/wp\/v2\/users\/1"}],"replies":[{"embeddable":true,"href":"https:\/\/radiorevelacionfm.cl\/index.php?rest_route=%2Fwp%2Fv2%2Fcomments&post=39389"}],"version-history":[{"count":1,"href":"https:\/\/radiorevelacionfm.cl\/index.php?rest_route=\/wp\/v2\/posts\/39389\/revisions"}],"predecessor-version":[{"id":39391,"href":"https:\/\/radiorevelacionfm.cl\/index.php?rest_route=\/wp\/v2\/posts\/39389\/revisions\/39391"}],"wp:featuredmedia":[{"embeddable":true,"href":"https:\/\/radiorevelacionfm.cl\/index.php?rest_route=\/wp\/v2\/media\/39390"}],"wp:attachment":[{"href":"https:\/\/radiorevelacionfm.cl\/index.php?rest_route=%2Fwp%2Fv2%2Fmedia&parent=39389"}],"wp:term":[{"taxonomy":"category","embeddable":true,"href":"https:\/\/radiorevelacionfm.cl\/index.php?rest_route=%2Fwp%2Fv2%2Fcategories&post=39389"},{"taxonomy":"post_tag","embeddable":true,"href":"https:\/\/radiorevelacionfm.cl\/index.php?rest_route=%2Fwp%2Fv2%2Ftags&post=39389"}],"curies":[{"name":"wp","href":"https:\/\/api.w.org\/{rel}","templated":true}]}}