{"id":39386,"date":"2024-02-01T20:29:28","date_gmt":"2024-02-01T23:29:28","guid":{"rendered":"https:\/\/radiorevelacionfm.cl\/?p=39386"},"modified":"2024-02-01T20:29:28","modified_gmt":"2024-02-01T23:29:28","slug":"bienes-nacionales-constata-que-en-la-region-existen-accesos-a-playa-sin-resolucion-administrativa","status":"publish","type":"post","link":"https:\/\/radiorevelacionfm.cl\/?p=39386","title":{"rendered":"Bienes Nacionales constata que en la regi\u00f3n existen accesos a playa sin resoluci\u00f3n administrativa"},"content":{"rendered":"<div class=\"flex_column av_one_full  flex_column_div av-zero-column-padding first  avia-builder-el-0  el_before_av_one_full  avia-builder-el-first  \" style='border-radius:0px; '><div  class='avia-image-container  av-styling-    avia-builder-el-1  avia-builder-el-no-sibling  avia-align-center '  itemprop=\"image\" itemscope=\"itemscope\" itemtype=\"https:\/\/schema.org\/ImageObject\"  ><div class='avia-image-container-inner'><div class='avia-image-overlay-wrap'><img decoding=\"async\" class='wp-image-39387 avia-img-lazy-loading-not-39387 avia_image' src=\"https:\/\/radiorevelacionfm.cl\/wp-content\/uploads\/2024\/02\/img_2865-1_optimized.jpeg\" alt='' title='img_2865-(1)_optimized' height=\"600\" width=\"800\"  itemprop=\"thumbnailUrl\" srcset=\"https:\/\/radiorevelacionfm.cl\/wp-content\/uploads\/2024\/02\/img_2865-1_optimized.jpeg 800w, https:\/\/radiorevelacionfm.cl\/wp-content\/uploads\/2024\/02\/img_2865-1_optimized-300x225.jpeg 300w, https:\/\/radiorevelacionfm.cl\/wp-content\/uploads\/2024\/02\/img_2865-1_optimized-768x576.jpeg 768w, https:\/\/radiorevelacionfm.cl\/wp-content\/uploads\/2024\/02\/img_2865-1_optimized-705x529.jpeg 705w, https:\/\/radiorevelacionfm.cl\/wp-content\/uploads\/2024\/02\/img_2865-1_optimized-450x338.jpeg 450w, https:\/\/radiorevelacionfm.cl\/wp-content\/uploads\/2024\/02\/img_2865-1_optimized-600x450.jpeg 600w\" sizes=\"(max-width: 800px) 100vw, 800px\" \/><\/div><\/div><\/div><\/div><div class=\"flex_column av_one_full  flex_column_div av-zero-column-padding first  avia-builder-el-2  el_after_av_one_full  el_before_av_one_full  column-top-margin\" style='border-radius:0px; '><section class=\"av_textblock_section \"  itemscope=\"itemscope\" itemtype=\"https:\/\/schema.org\/BlogPosting\" itemprop=\"blogPost\" ><div class='avia_textblock  '   itemprop=\"text\" ><p style=\"text-align: center;\"><strong><span style=\"font-size: 18pt;\">Bienes Nacionales constata que en la regi\u00f3n existen accesos a playa sin resoluci\u00f3n administrativa<\/span><\/strong><\/p>\n<div id=\"gtx-trans\" style=\"position: absolute; left: -50px; top: 4.31534px;\">\n<div class=\"gtx-trans-icon\"><\/div>\n<\/div>\n<\/div><\/section><\/div><div class=\"flex_column av_one_full  flex_column_div av-zero-column-padding first  avia-builder-el-4  el_after_av_one_full  el_before_av_hr  column-top-margin\" style='border-radius:0px; '><section class=\"av_textblock_section \"  itemscope=\"itemscope\" itemtype=\"https:\/\/schema.org\/BlogPosting\" itemprop=\"blogPost\" ><div class='avia_textblock  '   itemprop=\"text\" ><p style=\"text-align: justify;\"><em>La Secretar\u00eda Regional ha iniciado con la fiscalizaci\u00f3n de los principales accesos a r\u00edos y lagos de la regi\u00f3n para activar al intersector y dar vida jur\u00eddica a senderos, lo que generar\u00e1 su categor\u00eda de p\u00fablicos, permitiendo su administraci\u00f3n y mejoras.<\/em><\/p>\n<p style=\"text-align: justify;\">Acompa\u00f1ada por equipo de fiscalizaci\u00f3n, la autoridad regional de Bienes Nacionales, Irina Morend Valdebenito, realiz\u00f3 recorrido en sector de Lago Elizalde ubicado a 28.5 km. de Coyhaique, para inspeccionar el acceso peatonal hacia la playa, esto en el contexto de diferentes denuncias recibidas en la Secretar\u00eda Regional Ministerial.<\/p>\n<p style=\"text-align: justify;\">En ese sentido, la Seremi constat\u00f3 en terreno que el acceso peatonal, proporcionado por propietario particular no se encuentra bloqueado, \u201cefectivamente, recorrimos este sector que es muy atractivo para los visitantes cuando tenemos altas temperaturas en Coyhaique; y constatamos varias cosas: primero, que el propietario del terreno colindante s\u00ed cumple con la ley, ya que dispone del acceso peatonal hacia la playa, segundo, lamentablemente la topograf\u00eda del terreno es compleja y no permite que el acceso sea universal. Lo que buscamos es que los accesos a las playas cuenten con acceso formales, porque adem\u00e1s permite que las Municipalidades puedan realizar obras de mejoramiento de dichos accesos\u201d.<\/p>\n<p style=\"text-align: justify;\">Morend relev\u00f3 que estas fiscalizaciones se est\u00e1n activando en los principales accesos a playas de la regi\u00f3n para dar respuesta a la ciudadan\u00eda y as\u00ed reportar informaci\u00f3n sobre las acciones a realizar como Ministerio de Bienes Nacionales. En ese contexto, la Seremi indic\u00f3 que, \u201cEn cuanto al Lago Elizalde, fiscalizamos, y con esto damos inicio al proceso creaci\u00f3n de acceso formal generando los respectivos informes que eval\u00faan el estado del acceso y recomienda las acciones a seguir para que se constituya formalmente\u201d, sostuvo.<\/p>\n<p style=\"text-align: justify;\">En la visita se constat\u00f3 tambi\u00e9n que en la playa y alrededores hay restos de todo tipo de basura y fogatas, lo que pone en riesgo de salud a los visitantes y de incendios. Por lo tanto, es necesario el uso adecuado de la playa, para evitar incendios, accidentes y conflictos con los vecinos. La creaci\u00f3n formal <em>de un acceso<\/em> <em>a playa<\/em> ofrece la ventaja que permite ordenar no solo el uso del acceso, sino tambi\u00e9n el uso adecuado del Bien Nacional de Uso P\u00fablico (BNUP), es decir, la playa. \u201cCreemos que es muy relevante tener en cuenta que los visitantes tienen una importante responsabilidad en el cuidado de estas \u00e1reas de disfrute familiar. No basta con crear un acceso, tambi\u00e9n se debe tomar conciencia del uso adecuado y cuidado del acceso, y la playa\u201d, refiri\u00f3.<\/p>\n<p style=\"text-align: justify;\">El proceso no es r\u00e1pido e implica diversas gestiones. Por una parte, el di\u00e1logo con los propietarios colindantes, articulaci\u00f3n con las respectivas Delegaciones Presidenciales y Municipalidades para llegar a un buen acuerdo para crear formalmente el acceso, y la articulaci\u00f3n intersectorial de otros \u00f3rganos del Estado para contar con una soluci\u00f3n m\u00e1s integral.<\/p>\n<p style=\"text-align: justify;\">En ese contexto y respecto al inter\u00e9s que ha generado la informaci\u00f3n sobre esta fiscalizaci\u00f3n, la Seremi se\u00f1al\u00f3 que \u201ceste es un trabajo que nos ha encomendado nuestra Ministra Marcela Sandoval y estamos realizando las gestiones que como Ministerio se nos ha mandatado, es decir fiscalizar y a partir de ah\u00ed, encauzar la creaci\u00f3n de un acceso formal. El resultado final va de la mano con las facultades otorgadas a la Delegaci\u00f3n Presidencial Regional y la posibilidad de la Municipalidad para mejorar el acceso y regular el uso de la playa.<\/p>\n<p style=\"text-align: justify;\">Finalmente, la seremi Irina Morend se\u00f1al\u00f3 que durante el 2024 estas fiscalizaciones se realizar\u00e1n tambi\u00e9n en las comunas de Cochrane, Ays\u00e9n, Lago Verde y R\u00edo Ib\u00e1\u00f1ez, donde se centra la mayor cantidad de denuncias (64).<\/p>\n<\/div><\/section><\/div><div  style='height:50px' class='hr hr-invisible   avia-builder-el-6  el_after_av_one_full  el_before_av_social_share '><span class='hr-inner ' ><span class='hr-inner-style'><\/span><\/span><\/div><\/p>\n<div  class='av-social-sharing-box  avia-builder-el-7  el_after_av_hr  el_before_av_hr  '><div class='av-share-box'><h5 class='av-share-link-description av-no-toc '>Compartir esta noticia<\/h5><ul class='av-share-box-list noLightbox'><li class='av-share-link av-social-link-facebook' ><a target=\"_blank\" aria-label=\"Compartir en Facebook\" href='https:\/\/www.facebook.com\/sharer.php?u=https:\/\/radiorevelacionfm.cl\/?p=39386&#038;t=Bienes%20Nacionales%20constata%20que%20en%20la%20regi%C3%B3n%20existen%20accesos%20a%20playa%20sin%20resoluci%C3%B3n%20administrativa' aria-hidden='false' data-av_icon='\ue8f3' data-av_iconfont='entypo-fontello' title='' data-avia-related-tooltip='Compartir en Facebook' rel=\"noopener\"><span class='avia_hidden_link_text'>Compartir en Facebook<\/span><\/a><\/li><li class='av-share-link av-social-link-twitter' ><a target=\"_blank\" aria-label=\"Compartir en Twitter\" href='https:\/\/twitter.com\/share?text=Bienes%20Nacionales%20constata%20que%20en%20la%20regi%C3%B3n%20existen%20accesos%20a%20playa%20sin%20resoluci%C3%B3n%20administrativa&#038;url=https:\/\/radiorevelacionfm.cl\/?p=39386' aria-hidden='false' data-av_icon='\ue8f1' data-av_iconfont='entypo-fontello' title='' data-avia-related-tooltip='Compartir en Twitter' rel=\"noopener\"><span class='avia_hidden_link_text'>Compartir en Twitter<\/span><\/a><\/li><li class='av-share-link av-social-link-whatsapp' ><a target=\"_blank\" aria-label=\"Compartir en Whatsapp\" href='https:\/\/api.whatsapp.com\/send?text=https:\/\/radiorevelacionfm.cl\/?p=39386' aria-hidden='false' data-av_icon='\uf232' data-av_iconfont='entypo-fontello' title='' data-avia-related-tooltip='Compartir en Whatsapp' rel=\"noopener\"><span class='avia_hidden_link_text'>Compartir en Whatsapp<\/span><\/a><\/li><li class='av-share-link av-social-link-linkedin' ><a target=\"_blank\" aria-label=\"Compartir en LinkedIn\" href='https:\/\/linkedin.com\/shareArticle?mini=true&#038;title=Bienes%20Nacionales%20constata%20que%20en%20la%20regi%C3%B3n%20existen%20accesos%20a%20playa%20sin%20resoluci%C3%B3n%20administrativa&#038;url=https:\/\/radiorevelacionfm.cl\/?p=39386' aria-hidden='false' data-av_icon='\ue8fc' data-av_iconfont='entypo-fontello' title='' data-avia-related-tooltip='Compartir en LinkedIn' rel=\"noopener\"><span class='avia_hidden_link_text'>Compartir en LinkedIn<\/span><\/a><\/li><li class='av-share-link av-social-link-mail' ><a  aria-label=\"Compartir por correo\" href='mailto:?subject=Bienes%20Nacionales%20constata%20que%20en%20la%20regi%C3%B3n%20existen%20accesos%20a%20playa%20sin%20resoluci%C3%B3n%20administrativa&#038;body=https:\/\/radiorevelacionfm.cl\/?p=39386' aria-hidden='false' data-av_icon='\ue805' data-av_iconfont='entypo-fontello' title='' data-avia-related-tooltip='Compartir por correo'><span class='avia_hidden_link_text'>Compartir por correo<\/span><\/a><\/li><\/ul><\/div><\/div>\n<div  style='height:50px' class='hr hr-invisible   avia-builder-el-8  el_after_av_social_share  el_before_av_comments_list '><span class='hr-inner ' ><span class='hr-inner-style'><\/span><\/span><\/div>\n<div  class='av-buildercomment  av-blog-meta-html-info-disabled av-blog-meta-tag-disabled  '><\/div>\n","protected":false},"excerpt":{"rendered":"","protected":false},"author":1,"featured_media":39387,"comment_status":"open","ping_status":"open","sticky":false,"template":"","format":"standard","meta":{"footnotes":""},"categories":[38],"tags":[],"class_list":["post-39386","post","type-post","status-publish","format-standard","has-post-thumbnail","hentry","category-regional"],"jetpack_featured_media_url":"https:\/\/radiorevelacionfm.cl\/wp-content\/uploads\/2024\/02\/img_2865-1_optimized.jpeg","_links":{"self":[{"href":"https:\/\/radiorevelacionfm.cl\/index.php?rest_route=\/wp\/v2\/posts\/39386","targetHints":{"allow":["GET"]}}],"collection":[{"href":"https:\/\/radiorevelacionfm.cl\/index.php?rest_route=\/wp\/v2\/posts"}],"about":[{"href":"https:\/\/radiorevelacionfm.cl\/index.php?rest_route=\/wp\/v2\/types\/post"}],"author":[{"embeddable":true,"href":"https:\/\/radiorevelacionfm.cl\/index.php?rest_route=\/wp\/v2\/users\/1"}],"replies":[{"embeddable":true,"href":"https:\/\/radiorevelacionfm.cl\/index.php?rest_route=%2Fwp%2Fv2%2Fcomments&post=39386"}],"version-history":[{"count":1,"href":"https:\/\/radiorevelacionfm.cl\/index.php?rest_route=\/wp\/v2\/posts\/39386\/revisions"}],"predecessor-version":[{"id":39388,"href":"https:\/\/radiorevelacionfm.cl\/index.php?rest_route=\/wp\/v2\/posts\/39386\/revisions\/39388"}],"wp:featuredmedia":[{"embeddable":true,"href":"https:\/\/radiorevelacionfm.cl\/index.php?rest_route=\/wp\/v2\/media\/39387"}],"wp:attachment":[{"href":"https:\/\/radiorevelacionfm.cl\/index.php?rest_route=%2Fwp%2Fv2%2Fmedia&parent=39386"}],"wp:term":[{"taxonomy":"category","embeddable":true,"href":"https:\/\/radiorevelacionfm.cl\/index.php?rest_route=%2Fwp%2Fv2%2Fcategories&post=39386"},{"taxonomy":"post_tag","embeddable":true,"href":"https:\/\/radiorevelacionfm.cl\/index.php?rest_route=%2Fwp%2Fv2%2Ftags&post=39386"}],"curies":[{"name":"wp","href":"https:\/\/api.w.org\/{rel}","templated":true}]}}