{"id":39383,"date":"2024-02-01T17:49:40","date_gmt":"2024-02-01T20:49:40","guid":{"rendered":"https:\/\/radiorevelacionfm.cl\/?p=39383"},"modified":"2024-02-01T17:49:40","modified_gmt":"2024-02-01T20:49:40","slug":"anuncian-inicio-de-postulacion-al-recambio-de-calefactores-en-cochrane-y-coyhaique","status":"publish","type":"post","link":"https:\/\/radiorevelacionfm.cl\/?p=39383","title":{"rendered":"Anuncian inicio de postulaci\u00f3n al recambio de calefactores en Cochrane y Coyhaique"},"content":{"rendered":"<div class=\"flex_column av_one_full  flex_column_div av-zero-column-padding first  avia-builder-el-0  el_before_av_one_full  avia-builder-el-first  \" style='border-radius:0px; '><div  class='avia-image-container  av-styling-    avia-builder-el-1  avia-builder-el-no-sibling  avia-align-center '  itemprop=\"image\" itemscope=\"itemscope\" itemtype=\"https:\/\/schema.org\/ImageObject\"  ><div class='avia-image-container-inner'><div class='avia-image-overlay-wrap'><img decoding=\"async\" class='wp-image-39384 avia-img-lazy-loading-not-39384 avia_image' src=\"https:\/\/radiorevelacionfm.cl\/wp-content\/uploads\/2024\/02\/1-2024-02-01t152840_optimized.480-1.jpg\" alt='' title='1---2024-02-01t152840_optimized.480-(1)' height=\"600\" width=\"804\"  itemprop=\"thumbnailUrl\" srcset=\"https:\/\/radiorevelacionfm.cl\/wp-content\/uploads\/2024\/02\/1-2024-02-01t152840_optimized.480-1.jpg 804w, https:\/\/radiorevelacionfm.cl\/wp-content\/uploads\/2024\/02\/1-2024-02-01t152840_optimized.480-1-300x224.jpg 300w, https:\/\/radiorevelacionfm.cl\/wp-content\/uploads\/2024\/02\/1-2024-02-01t152840_optimized.480-1-768x573.jpg 768w, https:\/\/radiorevelacionfm.cl\/wp-content\/uploads\/2024\/02\/1-2024-02-01t152840_optimized.480-1-705x526.jpg 705w, https:\/\/radiorevelacionfm.cl\/wp-content\/uploads\/2024\/02\/1-2024-02-01t152840_optimized.480-1-450x336.jpg 450w, https:\/\/radiorevelacionfm.cl\/wp-content\/uploads\/2024\/02\/1-2024-02-01t152840_optimized.480-1-600x448.jpg 600w\" sizes=\"(max-width: 804px) 100vw, 804px\" \/><\/div><\/div><\/div><\/div><div class=\"flex_column av_one_full  flex_column_div av-zero-column-padding first  avia-builder-el-2  el_after_av_one_full  el_before_av_one_full  column-top-margin\" style='border-radius:0px; '><section class=\"av_textblock_section \"  itemscope=\"itemscope\" itemtype=\"https:\/\/schema.org\/BlogPosting\" itemprop=\"blogPost\" ><div class='avia_textblock  '   itemprop=\"text\" ><p style=\"text-align: center;\"><strong><span style=\"font-size: 18pt;\">Anuncian inicio de postulaci\u00f3n al recambio de calefactores en Cochrane y Coyhaique <\/span><\/strong><\/p>\n<div id=\"gtx-trans\" style=\"position: absolute; left: -50px; top: 4.31534px;\">\n<div class=\"gtx-trans-icon\"><\/div>\n<\/div>\n<\/div><\/section><\/div><div class=\"flex_column av_one_full  flex_column_div av-zero-column-padding first  avia-builder-el-4  el_after_av_one_full  el_before_av_hr  column-top-margin\" style='border-radius:0px; '><section class=\"av_textblock_section \"  itemscope=\"itemscope\" itemtype=\"https:\/\/schema.org\/BlogPosting\" itemprop=\"blogPost\" ><div class='avia_textblock  '   itemprop=\"text\" ><p style=\"text-align: justify;\">La calidad del aire de la regi\u00f3n de Ays\u00e9n comenzar\u00e1 a mejorar. En una ceremonia realizada en la Oficina de Medio Ambiente de la Municipalidad de Cochrane, el Ministro (s) de Medio Ambiente, Maximiliano Proa\u00f1o, junto a la Delegada Presidencial Provincial de Capit\u00e1n Prat, Marta Montiel, y el alcalde de la comuna Jorge Calder\u00f3n, anunciaron la apertura de la postulaciones para el Programa de Recambio de Calefactores, con el que vecinas y vecinos las ciudades de Coyhaique y Cochrane podr\u00e1n optar por cambiar su sistema de calefacci\u00f3n a le\u00f1a por artefactos el\u00e9ctricos o a pellet, bajos en emisiones.<\/p>\n<p style=\"text-align: justify;\">El anuncio se realiz\u00f3 en el marco de la gira que el titular (s) de la cartera el Subsecretario del Medio Ambiente, Maximiliano Proa\u00f1o, quien se encuentra desde el mi\u00e9rcoles en la regi\u00f3n, donde comparti\u00f3 los detalles del nuevo llamado y la habilitaci\u00f3n de un punto de postulaci\u00f3n en las oficinas municipales.<\/p>\n<p style=\"text-align: justify;\">El Ministro (s) del Medio Ambiente, Maximiliano Proa\u00f1o anuncio la apertura del programa de recambio enfatizando la continuidad a una medida muy esperada por las familias de Coyhaique, pero que adem\u00e1s da cuenta de la mirada regional y preventiva que se ha impulsado como Ministerio y que cuenta con el apoyo del Gobierno Regional y su Consejo.<\/p>\n<p style=\"text-align: justify;\">\u201cEste a\u00f1o estamos con un proceso hist\u00f3rico, ya que el n\u00famero de equipos a ser recambiado ser\u00e1 de 2.200, algo in\u00e9dito. Tenemos adem\u00e1s la buena noticia de que contaremos con una funcionaria en Cochrane para recibir postulaciones y adem\u00e1s tenemos buenas noticias en cuanto a la seguridad del suministro de pellet ya que este a\u00f1o inicia funciones una planta regional de pellet\u201d, asegur\u00f3 Proa\u00f1o.<\/p>\n<p style=\"text-align: justify;\">El Ministro (s) destac\u00f3 tambi\u00e9n otras acciones que se realizan en la ciudad, como el recambio de la caldera del hospital, las acciones municipales, de la mesa de descontaminaci\u00f3n y con los establecimientos educativos, donde valor\u00f3 que \u201clos habitantes de Cochrane y del resto de la regi\u00f3n podr\u00e1n evidenciar con mayor celeridad tambi\u00e9n la mejora en la calidad del aire que en definitiva significa una mejora en la calidad de vida de las personas\u201d.<\/p>\n<p style=\"text-align: justify;\">El alcalde de Cochrane, Jorge Calder\u00f3n, se sum\u00f3 a las buenas noticias destacando el trabajo colaborativo estrat\u00e9gico necesario para llevar adelante pol\u00edticas p\u00fablicas en localidades como Cochrane que gozan de ecosistemas \u00fanicos y que obligan acciones concretas de parte de las instituciones y la comunidad.<\/p>\n<p style=\"text-align: justify;\">\u201cEl programa de recambio de calefactores es un programa tremendamente importante que junto a otras pol\u00edticas publicas debiese permitirnos mejorar las condiciones para enfrentar el invierno en materia ambiental y de salud, por tanto aplaudimos el hecho de poder tener hoy d\u00eda descentralizadamente una oficina que permita a nuestra comunidad generar su inscripci\u00f3n\u201d, destac\u00f3 la autoridad comunal.<\/p>\n<p style=\"text-align: justify;\">El programa, financiado por el Gobierno Regional de Ays\u00e9n y su Consejo, anunci\u00f3 su reactivaci\u00f3n durante la gira de la Ministra del Medio Ambiente, Maisa Rojas, por la regi\u00f3n de Ays\u00e9n, luego de dos a\u00f1os de revisi\u00f3n y reestructuraci\u00f3n. Durante todo ese tiempo, se trabaj\u00f3 para que el programa regresara con una propuesta regional reforzada, que considera un aumento en el n\u00famero de recambios anual a 2.200 equipos, los que ser\u00e1n repartidos entre las ciudades de Coyhaique, Cochrane y Puerto Ays\u00e9n.<\/p>\n<p style=\"text-align: justify;\">As\u00ed tambi\u00e9n la Delegada Provincial de Capit\u00e1n Prat, Marta Montiel destac\u00f3 la iniciativa de descentralizaci\u00f3n reconociendo el trabajo previo llevado adelante en la coordinaci\u00f3n multi -institucional de la mesa t\u00e9cnica de descontaminaci\u00f3n de Cochrane.<\/p>\n<p style=\"text-align: justify;\">\u201cHoy d\u00eda las voluntades se unen. Nos apoya el Gobierno Regional, la Seremi del Medio Ambiente, MINVU, Energ\u00eda y nuestros aliados estrat\u00e9gicos en el territorio que son los municipios, gracias a esto avanzamos tambi\u00e9n en el cambio para la caldera de Cochrane, requerimientos que surgen en nuestra mesa, que son escuchados y que hoy dan los primeros pasos a concretarse\u201d, se\u00f1al\u00f3 Montiel.<\/p>\n<p style=\"text-align: justify;\">En tanto, el consejero regional Jorge Abello, reconoci\u00f3 que \u201ceste anuncio es importante, lo est\u00e1bamos esperando. Este programa lleva tiempo financiado y se estaba ejecutando, pero por diferentes circunstancias tuvo un receso y hoy nuevamente se impulsa, con nuevos \u00e9nfasis y perfeccionado. Esto es algo fundamental para mejorar la calidad del aire de la regi\u00f3n\u201d.<\/p>\n<p style=\"text-align: justify;\"><strong>\u00bfC\u00f3mo postular?<\/strong><\/p>\n<p style=\"text-align: justify;\">El llamado a postulaci\u00f3n estar\u00e1 abierto hasta el pr\u00f3ximo 26 de febrero y quienes est\u00e9n interesados podr\u00e1n postular a trav\u00e9s del sitio calefactores.mma.gob.cl. Adem\u00e1s, se ha habilitado una oficina del recambio ubicada en Calle Errazuriz 314, en el caso de Coyhaique- y en Las Golondrinas 568 para las y los postulantes de la ciudad de Cochrane.<\/p>\n<p style=\"text-align: justify;\">Para el llamado 2024 el programa cuenta con dos opciones de calefacci\u00f3n eficiente, para la alternativa Pellet se ha adquirido el Modelo Italy 8100 Plus, de la Marca Amesti, mientras que en la opci\u00f3n Aire Acondicionado se cuenta con el dispositivo Split Inverter 18.000 BTU, Marca KH\u00d6NE.<\/p>\n<p style=\"text-align: justify;\">Los requisitos para postular al beneficio ambiental consideran la mayor\u00eda de edad, ser propietario del artefacto a le\u00f1a que se quiere recambiar, que dicho equipo se encuentre instalado en la vivienda, realizar un copago de $50.000 y estar dispuesto a entregar el artefacto para su destrucci\u00f3n, entre otros disponibles en las bases de postulaci\u00f3n.<\/p>\n<p style=\"text-align: justify;\">Las autoridades hicieron hincapi\u00e9 en que solo se aceptar\u00e1 una postulaci\u00f3n por domicilio y no podr\u00e1n participar personas que hayan sido beneficiarias anteriormente del programa de recambio. Del mismo modo recordaron que no se aceptar\u00e1n postulaciones de artefactos instalados en departamentos, instituciones, organizaciones sociales, ni en lugares que no tengan un fin habitacional.<\/p>\n<p style=\"text-align: justify;\">A la fecha el programa de recambio de calefactores ha beneficiado a m\u00e1s de 8 mil personas y con el actual llamado podr\u00eda sobrepasarse el 70% de la meta establecida en Plan de Descontaminaci\u00f3n Atmosf\u00e9rica PDA de Coyhaique para el a\u00f1o 2027 de 15.000 artefactos recambiados, como un pilar fundamental en el proceso de mejora de la calidad del aire.<\/p>\n<p style=\"text-align: justify;\">Finamente el Subsecretario Maximiliano Proa\u00f1o anunci\u00f3 que, como fue comprometido, durante el mes de febrero se abrir\u00e1n las postulaciones para las familias de Puerto Ays\u00e9n, por cuanto invito a mantenerse atentos y atentas a las redes sociales de la Seremi del Medio Ambiente que pronto tendr\u00e1 buenas noticias.<\/p>\n<\/div><\/section><\/div><div  style='height:50px' class='hr hr-invisible   avia-builder-el-6  el_after_av_one_full  el_before_av_social_share '><span class='hr-inner ' ><span class='hr-inner-style'><\/span><\/span><\/div><\/p>\n<div  class='av-social-sharing-box  avia-builder-el-7  el_after_av_hr  el_before_av_hr  '><div class='av-share-box'><h5 class='av-share-link-description av-no-toc '>Compartir esta noticia<\/h5><ul class='av-share-box-list noLightbox'><li class='av-share-link av-social-link-facebook' ><a target=\"_blank\" aria-label=\"Compartir en Facebook\" href='https:\/\/www.facebook.com\/sharer.php?u=https:\/\/radiorevelacionfm.cl\/?p=39383&#038;t=Anuncian%20inicio%20de%20postulaci%C3%B3n%20al%20recambio%20de%20calefactores%20en%20Cochrane%20y%20Coyhaique' aria-hidden='false' data-av_icon='\ue8f3' data-av_iconfont='entypo-fontello' title='' data-avia-related-tooltip='Compartir en Facebook' rel=\"noopener\"><span class='avia_hidden_link_text'>Compartir en Facebook<\/span><\/a><\/li><li class='av-share-link av-social-link-twitter' ><a target=\"_blank\" aria-label=\"Compartir en Twitter\" href='https:\/\/twitter.com\/share?text=Anuncian%20inicio%20de%20postulaci%C3%B3n%20al%20recambio%20de%20calefactores%20en%20Cochrane%20y%20Coyhaique&#038;url=https:\/\/radiorevelacionfm.cl\/?p=39383' aria-hidden='false' data-av_icon='\ue8f1' data-av_iconfont='entypo-fontello' title='' data-avia-related-tooltip='Compartir en Twitter' rel=\"noopener\"><span class='avia_hidden_link_text'>Compartir en Twitter<\/span><\/a><\/li><li class='av-share-link av-social-link-whatsapp' ><a target=\"_blank\" aria-label=\"Compartir en Whatsapp\" href='https:\/\/api.whatsapp.com\/send?text=https:\/\/radiorevelacionfm.cl\/?p=39383' aria-hidden='false' data-av_icon='\uf232' data-av_iconfont='entypo-fontello' title='' data-avia-related-tooltip='Compartir en Whatsapp' rel=\"noopener\"><span class='avia_hidden_link_text'>Compartir en Whatsapp<\/span><\/a><\/li><li class='av-share-link av-social-link-linkedin' ><a target=\"_blank\" aria-label=\"Compartir en LinkedIn\" href='https:\/\/linkedin.com\/shareArticle?mini=true&#038;title=Anuncian%20inicio%20de%20postulaci%C3%B3n%20al%20recambio%20de%20calefactores%20en%20Cochrane%20y%20Coyhaique&#038;url=https:\/\/radiorevelacionfm.cl\/?p=39383' aria-hidden='false' data-av_icon='\ue8fc' data-av_iconfont='entypo-fontello' title='' data-avia-related-tooltip='Compartir en LinkedIn' rel=\"noopener\"><span class='avia_hidden_link_text'>Compartir en LinkedIn<\/span><\/a><\/li><li class='av-share-link av-social-link-mail' ><a  aria-label=\"Compartir por correo\" href='mailto:?subject=Anuncian%20inicio%20de%20postulaci%C3%B3n%20al%20recambio%20de%20calefactores%20en%20Cochrane%20y%20Coyhaique&#038;body=https:\/\/radiorevelacionfm.cl\/?p=39383' aria-hidden='false' data-av_icon='\ue805' data-av_iconfont='entypo-fontello' title='' data-avia-related-tooltip='Compartir por correo'><span class='avia_hidden_link_text'>Compartir por correo<\/span><\/a><\/li><\/ul><\/div><\/div>\n<div  style='height:50px' class='hr hr-invisible   avia-builder-el-8  el_after_av_social_share  el_before_av_comments_list '><span class='hr-inner ' ><span class='hr-inner-style'><\/span><\/span><\/div>\n<div  class='av-buildercomment  av-blog-meta-html-info-disabled av-blog-meta-tag-disabled  '><\/div>\n","protected":false},"excerpt":{"rendered":"","protected":false},"author":1,"featured_media":39384,"comment_status":"open","ping_status":"open","sticky":false,"template":"","format":"standard","meta":{"footnotes":""},"categories":[39],"tags":[],"class_list":["post-39383","post","type-post","status-publish","format-standard","has-post-thumbnail","hentry","category-medio-ambiente"],"jetpack_featured_media_url":"https:\/\/radiorevelacionfm.cl\/wp-content\/uploads\/2024\/02\/1-2024-02-01t152840_optimized.480-1.jpg","_links":{"self":[{"href":"https:\/\/radiorevelacionfm.cl\/index.php?rest_route=\/wp\/v2\/posts\/39383","targetHints":{"allow":["GET"]}}],"collection":[{"href":"https:\/\/radiorevelacionfm.cl\/index.php?rest_route=\/wp\/v2\/posts"}],"about":[{"href":"https:\/\/radiorevelacionfm.cl\/index.php?rest_route=\/wp\/v2\/types\/post"}],"author":[{"embeddable":true,"href":"https:\/\/radiorevelacionfm.cl\/index.php?rest_route=\/wp\/v2\/users\/1"}],"replies":[{"embeddable":true,"href":"https:\/\/radiorevelacionfm.cl\/index.php?rest_route=%2Fwp%2Fv2%2Fcomments&post=39383"}],"version-history":[{"count":1,"href":"https:\/\/radiorevelacionfm.cl\/index.php?rest_route=\/wp\/v2\/posts\/39383\/revisions"}],"predecessor-version":[{"id":39385,"href":"https:\/\/radiorevelacionfm.cl\/index.php?rest_route=\/wp\/v2\/posts\/39383\/revisions\/39385"}],"wp:featuredmedia":[{"embeddable":true,"href":"https:\/\/radiorevelacionfm.cl\/index.php?rest_route=\/wp\/v2\/media\/39384"}],"wp:attachment":[{"href":"https:\/\/radiorevelacionfm.cl\/index.php?rest_route=%2Fwp%2Fv2%2Fmedia&parent=39383"}],"wp:term":[{"taxonomy":"category","embeddable":true,"href":"https:\/\/radiorevelacionfm.cl\/index.php?rest_route=%2Fwp%2Fv2%2Fcategories&post=39383"},{"taxonomy":"post_tag","embeddable":true,"href":"https:\/\/radiorevelacionfm.cl\/index.php?rest_route=%2Fwp%2Fv2%2Ftags&post=39383"}],"curies":[{"name":"wp","href":"https:\/\/api.w.org\/{rel}","templated":true}]}}