{"id":39380,"date":"2024-02-01T15:51:55","date_gmt":"2024-02-01T18:51:55","guid":{"rendered":"https:\/\/radiorevelacionfm.cl\/?p=39380"},"modified":"2024-02-01T15:51:55","modified_gmt":"2024-02-01T18:51:55","slug":"inician-trabajos-de-pavimentacion-de-calle-jorge-ibar-en-coyhaique","status":"publish","type":"post","link":"https:\/\/radiorevelacionfm.cl\/?p=39380","title":{"rendered":"Inician trabajos de pavimentaci\u00f3n de calle Jorge Ibar en Coyhaique"},"content":{"rendered":"<div class=\"flex_column av_one_full  flex_column_div av-zero-column-padding first  avia-builder-el-0  el_before_av_one_full  avia-builder-el-first  \" style='border-radius:0px; '><div  class='avia-image-container  av-styling-    avia-builder-el-1  avia-builder-el-no-sibling  avia-align-center '  itemprop=\"image\" itemscope=\"itemscope\" itemtype=\"https:\/\/schema.org\/ImageObject\"  ><div class='avia-image-container-inner'><div class='avia-image-overlay-wrap'><img decoding=\"async\" class='wp-image-39381 avia-img-lazy-loading-not-39381 avia_image' src=\"https:\/\/radiorevelacionfm.cl\/wp-content\/uploads\/2024\/02\/maquinaria-en-calle-jorge-ibar-coyhaique-1_optimized-1.jpg\" alt='' title='maquinaria-en-calle-jorge-ibar-coyhaique-(1)_optimized (1)' height=\"600\" width=\"933\"  itemprop=\"thumbnailUrl\" srcset=\"https:\/\/radiorevelacionfm.cl\/wp-content\/uploads\/2024\/02\/maquinaria-en-calle-jorge-ibar-coyhaique-1_optimized-1.jpg 933w, https:\/\/radiorevelacionfm.cl\/wp-content\/uploads\/2024\/02\/maquinaria-en-calle-jorge-ibar-coyhaique-1_optimized-1-300x193.jpg 300w, https:\/\/radiorevelacionfm.cl\/wp-content\/uploads\/2024\/02\/maquinaria-en-calle-jorge-ibar-coyhaique-1_optimized-1-768x494.jpg 768w, https:\/\/radiorevelacionfm.cl\/wp-content\/uploads\/2024\/02\/maquinaria-en-calle-jorge-ibar-coyhaique-1_optimized-1-705x453.jpg 705w, https:\/\/radiorevelacionfm.cl\/wp-content\/uploads\/2024\/02\/maquinaria-en-calle-jorge-ibar-coyhaique-1_optimized-1-450x289.jpg 450w, https:\/\/radiorevelacionfm.cl\/wp-content\/uploads\/2024\/02\/maquinaria-en-calle-jorge-ibar-coyhaique-1_optimized-1-600x386.jpg 600w\" sizes=\"(max-width: 933px) 100vw, 933px\" \/><\/div><\/div><\/div><\/div><div class=\"flex_column av_one_full  flex_column_div av-zero-column-padding first  avia-builder-el-2  el_after_av_one_full  el_before_av_one_full  column-top-margin\" style='border-radius:0px; '><section class=\"av_textblock_section \"  itemscope=\"itemscope\" itemtype=\"https:\/\/schema.org\/BlogPosting\" itemprop=\"blogPost\" ><div class='avia_textblock  '   itemprop=\"text\" ><p style=\"text-align: center;\"><strong><span style=\"font-size: 18pt;\">Inician trabajos de pavimentaci\u00f3n de calle Jorge Ibar en Coyhaique<\/span><\/strong><\/p>\n<div id=\"gtx-trans\" style=\"position: absolute; left: -50px; top: 4.31534px;\">\n<div class=\"gtx-trans-icon\"><\/div>\n<\/div>\n<\/div><\/section><\/div><div class=\"flex_column av_one_full  flex_column_div av-zero-column-padding first  avia-builder-el-4  el_after_av_one_full  el_before_av_hr  column-top-margin\" style='border-radius:0px; '><section class=\"av_textblock_section \"  itemscope=\"itemscope\" itemtype=\"https:\/\/schema.org\/BlogPosting\" itemprop=\"blogPost\" ><div class='avia_textblock  '   itemprop=\"text\" ><p style=\"text-align: justify;\">Con una ceremonia que cont\u00f3 con participaci\u00f3n de autoridades y vecinos, el Ministerio de Vivienda y Urbanismo (Minvu) y el Gobierno Regional de Ays\u00e9n (Gore) dieron recientemente la partida oficial a las obras de pavimentaci\u00f3n de las Calles Jorge Ibar y Ejercito Poniente, una de las \u00faltimas v\u00edas que permanec\u00edan sin intervenir en el centro de Coyhaique.<\/p>\n<p style=\"text-align: justify;\">El proyecto forma parte del Plan Ciudades Justas, iniciativa del Ministerio de Vivienda y Urbanismo que se orienta hacia la recuperaci\u00f3n y valoraci\u00f3n de nuestros centros urbanos, potenciando el rol p\u00fablico del Estado a trav\u00e9s de una serie de medidas de planificaci\u00f3n, gesti\u00f3n e inversi\u00f3n para el per\u00edodo 2023-2026.<\/p>\n<p style=\"text-align: justify;\">La esperada obra permitir\u00e1 mejorar la seguridad y accesibilidad que por a\u00f1os requer\u00edan tanto los vecinos y vecinas del sector centro, como el resto de la comunidad, ya que son arterias de ubicaci\u00f3n estrat\u00e9gica para el desplazamiento desde o hacia servicios tan importantes como el Hospital Regional o el Instituto Telet\u00f3n. Esto, sin considerar que adem\u00e1s en el \u00e1rea circundante hay centros m\u00e9dicos, servicios p\u00fablicos, el parque mirador R\u00edo Simpson y el estadio municipal de Coyhaique, uno de los centros deportivos m\u00e1s concurridos en la regi\u00f3n.<\/p>\n<p style=\"text-align: justify;\">Por eso los vecinos y autoridades celebraron con alegr\u00eda el inicio de las obras, las que son financiadas con recursos del Gobierno Regional y van desde la calle Manuel Rodr\u00edguez hasta la Calle Ejercito, incluyendo la calle Ejercito poniente, que pasa por un costado de la plazoleta del sector.<\/p>\n<p style=\"text-align: justify;\">Fue en ese contexto que la Seremi de Vivienda, Paulina Ruz, destac\u00f3 el gran impacto que tienen este tipo de proyectos para la comunidad. \u201cEste es un barrio tradicional, c\u00e9ntrico y esta una obra muy significativa, donde el Ministerio de Vivienda aporta el dise\u00f1o y contrata a la empresa de Crist\u00f3bal Galleguillos para poder ejecutarla. En forma previa, hemos sostenido reuniones con la Junta de Vecinos para entregar la mayor informaci\u00f3n posible, para que todo este proceso no traiga tantas incomodidades a los residentes, as\u00ed que esperamos materializar pronto las obras, mejorar los accesos y la calidad de vida de las vecinas, los vecinos y de toda la ciudad\u201d, precis\u00f3.<\/p>\n<p style=\"text-align: justify;\">La obra fue valorada tambi\u00e9n por el Vicepresidente de la Junta de Vecinos, Cristian Alarc\u00f3n, quien indic\u00f3 que se trata de un proyecto que tuvo coherencia y relato desde el comienzo. \u201cAgradezco a la Seremi de Vivienda que nos invit\u00f3 a pensar este proyecto de manera participativa, conectada con la comunidad. As\u00ed fuimos poniendo nuestras ideas y necesidades, porque esta no es una obra de cuatro cuadras, es una obra que mejora la vida de todos nuestros ciudadanos. No es solamente una calle pavimentada sino una calle que permite dar seguridad y evitar incomodidades hacia quienes vivimos ac\u00e1, que son adultos mayores, ni\u00f1os, ni\u00f1as, personas en situaci\u00f3n de discapacidad, entre otras\u201d, indic\u00f3.<\/p>\n<p style=\"text-align: justify;\">En representaci\u00f3n del Gobierno Regional, el Jefe de la Divisi\u00f3n de Infraestructura y Transporte, Oscar del Solar, destac\u00f3 la decisi\u00f3n del Gobierno Regional y su Consejo de financiar con m\u00e1s de 655 millones de pesos un adelanto tan esperado por la comunidad. \u201cEs una calle colindante al estadio municipal y viene a dar tranquilidad a los vecinos que hace tantos a\u00f1os ven\u00edan insistiendo en materializar esta iniciativa. Estamos contentos, hoy hay que crecer y estamos cumpliendo con ese crecimiento que trae otro tipo de demandas como la pavimentaci\u00f3n o el mejoramiento de \u00e1reas verdes. As\u00ed que esperamos que esta obra concluya bien, son siete meses aproximadamente, con una empresa contratista local que nos permite seguir avanzando y generando empleo\u201d, manifest\u00f3.<\/p>\n<p style=\"text-align: justify;\">La obra fue destacada adem\u00e1s por el Delegado Presidencial Regional, Rodrigo Araya, quien detall\u00f3 algunos de los beneficios que vendr\u00e1n con la pavimentaci\u00f3n. \u201cDir\u00eda que lo m\u00e1s importante es que estos 450 metros son mucho m\u00e1s que eso. Hay aceras, hay acceso universal, hay contenci\u00f3n de muros. Est\u00e1 en un sector que beneficia m\u00e1s all\u00e1 de los vecinos del sector a toda la comunidad. Estamos hablando del acceso al estadio, a la Telet\u00f3n y desde all\u00ed al Hospital, a los centros m\u00e9dicos que est\u00e1n aqu\u00ed. Mejora tambi\u00e9n la accesibilidad al Parque R\u00edo Simpson, en fin, estamos muy contentos y muy orgullosos de esta tremenda obra que est\u00e1 siendo financiada por el Gobierno Regional\u201d, afirm\u00f3.<\/p>\n<p style=\"text-align: justify;\">Finalmente, el Alcalde de Coyhaique, Carlos Gatica, tambi\u00e9n se mostr\u00f3 feliz y agradecido de ver que tras varios a\u00f1os de espera se concreta una gran obra para quienes habitan en este barrio hist\u00f3rico, agregando que este adelanto se complementa con otra iniciativa que ya est\u00e1 en licitaci\u00f3n y pronta a iniciar su ejecuci\u00f3n, como es la construcci\u00f3n y mejoramiento de veredas en el sector, proyecto que implica una inversi\u00f3n de 680 millones de pesos tambi\u00e9n provenientes del Gobierno regional de Ays\u00e9n.<\/p>\n<\/div><\/section><\/div><div  style='height:50px' class='hr hr-invisible   avia-builder-el-6  el_after_av_one_full  el_before_av_social_share '><span class='hr-inner ' ><span class='hr-inner-style'><\/span><\/span><\/div><\/p>\n<div  class='av-social-sharing-box  avia-builder-el-7  el_after_av_hr  el_before_av_hr  '><div class='av-share-box'><h5 class='av-share-link-description av-no-toc '>Compartir esta noticia<\/h5><ul class='av-share-box-list noLightbox'><li class='av-share-link av-social-link-facebook' ><a target=\"_blank\" aria-label=\"Compartir en Facebook\" href='https:\/\/www.facebook.com\/sharer.php?u=https:\/\/radiorevelacionfm.cl\/?p=39380&#038;t=Inician%20trabajos%20de%20pavimentaci%C3%B3n%20de%20calle%20Jorge%20Ibar%20en%20Coyhaique' aria-hidden='false' data-av_icon='\ue8f3' data-av_iconfont='entypo-fontello' title='' data-avia-related-tooltip='Compartir en Facebook' rel=\"noopener\"><span class='avia_hidden_link_text'>Compartir en Facebook<\/span><\/a><\/li><li class='av-share-link av-social-link-twitter' ><a target=\"_blank\" aria-label=\"Compartir en Twitter\" href='https:\/\/twitter.com\/share?text=Inician%20trabajos%20de%20pavimentaci%C3%B3n%20de%20calle%20Jorge%20Ibar%20en%20Coyhaique&#038;url=https:\/\/radiorevelacionfm.cl\/?p=39380' aria-hidden='false' data-av_icon='\ue8f1' data-av_iconfont='entypo-fontello' title='' data-avia-related-tooltip='Compartir en Twitter' rel=\"noopener\"><span class='avia_hidden_link_text'>Compartir en Twitter<\/span><\/a><\/li><li class='av-share-link av-social-link-whatsapp' ><a target=\"_blank\" aria-label=\"Compartir en Whatsapp\" href='https:\/\/api.whatsapp.com\/send?text=https:\/\/radiorevelacionfm.cl\/?p=39380' aria-hidden='false' data-av_icon='\uf232' data-av_iconfont='entypo-fontello' title='' data-avia-related-tooltip='Compartir en Whatsapp' rel=\"noopener\"><span class='avia_hidden_link_text'>Compartir en Whatsapp<\/span><\/a><\/li><li class='av-share-link av-social-link-linkedin' ><a target=\"_blank\" aria-label=\"Compartir en LinkedIn\" href='https:\/\/linkedin.com\/shareArticle?mini=true&#038;title=Inician%20trabajos%20de%20pavimentaci%C3%B3n%20de%20calle%20Jorge%20Ibar%20en%20Coyhaique&#038;url=https:\/\/radiorevelacionfm.cl\/?p=39380' aria-hidden='false' data-av_icon='\ue8fc' data-av_iconfont='entypo-fontello' title='' data-avia-related-tooltip='Compartir en LinkedIn' rel=\"noopener\"><span class='avia_hidden_link_text'>Compartir en LinkedIn<\/span><\/a><\/li><li class='av-share-link av-social-link-mail' ><a  aria-label=\"Compartir por correo\" href='mailto:?subject=Inician%20trabajos%20de%20pavimentaci%C3%B3n%20de%20calle%20Jorge%20Ibar%20en%20Coyhaique&#038;body=https:\/\/radiorevelacionfm.cl\/?p=39380' aria-hidden='false' data-av_icon='\ue805' data-av_iconfont='entypo-fontello' title='' data-avia-related-tooltip='Compartir por correo'><span class='avia_hidden_link_text'>Compartir por correo<\/span><\/a><\/li><\/ul><\/div><\/div>\n<div  style='height:50px' class='hr hr-invisible   avia-builder-el-8  el_after_av_social_share  el_before_av_comments_list '><span class='hr-inner ' ><span class='hr-inner-style'><\/span><\/span><\/div>\n<div  class='av-buildercomment  av-blog-meta-html-info-disabled av-blog-meta-tag-disabled  '><\/div>\n","protected":false},"excerpt":{"rendered":"","protected":false},"author":1,"featured_media":39381,"comment_status":"open","ping_status":"open","sticky":false,"template":"","format":"standard","meta":{"footnotes":""},"categories":[38],"tags":[],"class_list":["post-39380","post","type-post","status-publish","format-standard","has-post-thumbnail","hentry","category-regional"],"jetpack_featured_media_url":"https:\/\/radiorevelacionfm.cl\/wp-content\/uploads\/2024\/02\/maquinaria-en-calle-jorge-ibar-coyhaique-1_optimized-1.jpg","_links":{"self":[{"href":"https:\/\/radiorevelacionfm.cl\/index.php?rest_route=\/wp\/v2\/posts\/39380","targetHints":{"allow":["GET"]}}],"collection":[{"href":"https:\/\/radiorevelacionfm.cl\/index.php?rest_route=\/wp\/v2\/posts"}],"about":[{"href":"https:\/\/radiorevelacionfm.cl\/index.php?rest_route=\/wp\/v2\/types\/post"}],"author":[{"embeddable":true,"href":"https:\/\/radiorevelacionfm.cl\/index.php?rest_route=\/wp\/v2\/users\/1"}],"replies":[{"embeddable":true,"href":"https:\/\/radiorevelacionfm.cl\/index.php?rest_route=%2Fwp%2Fv2%2Fcomments&post=39380"}],"version-history":[{"count":1,"href":"https:\/\/radiorevelacionfm.cl\/index.php?rest_route=\/wp\/v2\/posts\/39380\/revisions"}],"predecessor-version":[{"id":39382,"href":"https:\/\/radiorevelacionfm.cl\/index.php?rest_route=\/wp\/v2\/posts\/39380\/revisions\/39382"}],"wp:featuredmedia":[{"embeddable":true,"href":"https:\/\/radiorevelacionfm.cl\/index.php?rest_route=\/wp\/v2\/media\/39381"}],"wp:attachment":[{"href":"https:\/\/radiorevelacionfm.cl\/index.php?rest_route=%2Fwp%2Fv2%2Fmedia&parent=39380"}],"wp:term":[{"taxonomy":"category","embeddable":true,"href":"https:\/\/radiorevelacionfm.cl\/index.php?rest_route=%2Fwp%2Fv2%2Fcategories&post=39380"},{"taxonomy":"post_tag","embeddable":true,"href":"https:\/\/radiorevelacionfm.cl\/index.php?rest_route=%2Fwp%2Fv2%2Ftags&post=39380"}],"curies":[{"name":"wp","href":"https:\/\/api.w.org\/{rel}","templated":true}]}}