{"id":39377,"date":"2024-02-02T10:45:54","date_gmt":"2024-02-02T13:45:54","guid":{"rendered":"https:\/\/radiorevelacionfm.cl\/?p=39377"},"modified":"2024-02-02T10:45:54","modified_gmt":"2024-02-02T13:45:54","slug":"continua-proceso-de-implementacion-del-cdpr-aysen-para-impulsar-el-fomento-productivo-y-desarrollo-regional","status":"publish","type":"post","link":"https:\/\/radiorevelacionfm.cl\/?p=39377","title":{"rendered":"Contin\u00faa proceso de implementaci\u00f3n del CDPR Ays\u00e9n para impulsar el fomento productivo y desarrollo regional"},"content":{"rendered":"<div class=\"flex_column av_one_full  flex_column_div av-zero-column-padding first  avia-builder-el-0  el_before_av_one_full  avia-builder-el-first  \" style='border-radius:0px; '><div  class='avia-image-container  av-styling-    avia-builder-el-1  avia-builder-el-no-sibling  avia-align-center '  itemprop=\"image\" itemscope=\"itemscope\" itemtype=\"https:\/\/schema.org\/ImageObject\"  ><div class='avia-image-container-inner'><div class='avia-image-overlay-wrap'><img decoding=\"async\" class='wp-image-39378 avia-img-lazy-loading-not-39378 avia_image' src=\"https:\/\/radiorevelacionfm.cl\/wp-content\/uploads\/2024\/02\/01-11-1_optimized-1.jpg\" alt='' title='01-(11)-(1)_optimized (1)' height=\"600\" width=\"800\"  itemprop=\"thumbnailUrl\" srcset=\"https:\/\/radiorevelacionfm.cl\/wp-content\/uploads\/2024\/02\/01-11-1_optimized-1.jpg 800w, https:\/\/radiorevelacionfm.cl\/wp-content\/uploads\/2024\/02\/01-11-1_optimized-1-300x225.jpg 300w, https:\/\/radiorevelacionfm.cl\/wp-content\/uploads\/2024\/02\/01-11-1_optimized-1-768x576.jpg 768w, https:\/\/radiorevelacionfm.cl\/wp-content\/uploads\/2024\/02\/01-11-1_optimized-1-705x529.jpg 705w, https:\/\/radiorevelacionfm.cl\/wp-content\/uploads\/2024\/02\/01-11-1_optimized-1-450x338.jpg 450w, https:\/\/radiorevelacionfm.cl\/wp-content\/uploads\/2024\/02\/01-11-1_optimized-1-600x450.jpg 600w\" sizes=\"(max-width: 800px) 100vw, 800px\" \/><\/div><\/div><\/div><\/div><div class=\"flex_column av_one_full  flex_column_div av-zero-column-padding first  avia-builder-el-2  el_after_av_one_full  el_before_av_one_full  column-top-margin\" style='border-radius:0px; '><section class=\"av_textblock_section \"  itemscope=\"itemscope\" itemtype=\"https:\/\/schema.org\/BlogPosting\" itemprop=\"blogPost\" ><div class='avia_textblock  '   itemprop=\"text\" ><p style=\"text-align: center;\"><span style=\"font-size: 18pt;\"><b><span lang=\"es-419\">Contin\u00faa proceso de implementaci\u00f3n del CDPR Ays\u00e9n para impulsar el fomento productivo y desarrollo regional<\/span><\/b><\/span><\/p>\n<div id=\"gtx-trans\" style=\"position: absolute; left: -50px; top: 4.31534px;\">\n<div class=\"gtx-trans-icon\"><\/div>\n<\/div>\n<\/div><\/section><\/div><div class=\"flex_column av_one_full  flex_column_div av-zero-column-padding first  avia-builder-el-4  el_after_av_one_full  el_before_av_hr  column-top-margin\" style='border-radius:0px; '><section class=\"av_textblock_section \"  itemscope=\"itemscope\" itemtype=\"https:\/\/schema.org\/BlogPosting\" itemprop=\"blogPost\" ><div class='avia_textblock  '   itemprop=\"text\" ><p style=\"font-weight: 400; text-align: justify;\">Con el prop\u00f3sito de fortalecer el desarrollo econ\u00f3mico y la competitividad de la regi\u00f3n de Ays\u00e9n, el Gobierno del presidente Gabriel Boric Font, a trav\u00e9s de Corfo, ha iniciado la implementaci\u00f3n de los Comit\u00e9s de Desarrollo Productivo Regional (CDPR) a lo largo del pa\u00eds. En este contexto, durante una sesi\u00f3n de trabajo, el equipo de Corfo Ays\u00e9n present\u00f3 a profesionales del Gobierno Regional de Ays\u00e9n, la Seremi de Econom\u00eda y Sercotec, los alcances del Comit\u00e9.<\/p>\n<p style=\"font-weight: 400; text-align: justify;\">Esta iniciativa representa un avance significativo en la descentralizaci\u00f3n gubernamental, otorgando mayor autonom\u00eda a Ays\u00e9n en la toma de decisiones relacionadas con la innovaci\u00f3n, el emprendimiento y el desarrollo productivo.<\/p>\n<p style=\"font-weight: 400; text-align: justify;\">El CDPR Ays\u00e9n es una instancia impulsada por Corfo y Sercotec en alianza con el Gobierno Regional, que cuenta con recursos necesarios para promover programas y proyectos que impulsen el crecimiento y la diversificaci\u00f3n productiva en la regi\u00f3n. Con su propio consejo directivo y la participaci\u00f3n de diversos actores regionales, el CDPR Ays\u00e9n garantiza una gesti\u00f3n integral y representativa de los intereses locales.<\/p>\n<p style=\"font-weight: 400; text-align: justify;\">Humberto Mar\u00edn Leiva, director de Corfo, destac\u00f3 que \u00abla implementaci\u00f3n del CDPR Ays\u00e9n representa un paso importante hacia una mayor autonom\u00eda econ\u00f3mica y productiva de la regi\u00f3n. La descentralizaci\u00f3n ha sido una demanda hist\u00f3rica de las regiones, buscando mayor autonom\u00eda en la toma de decisiones y gesti\u00f3n de recursos. En respuesta, el Gobierno a trav\u00e9s de Corfo ha implementado estos comit\u00e9s destinados a fortalecer las oportunidades emprendedoras, fomentar la innovaci\u00f3n empresarial y diversificar la base productiva. Desde Corfo estamos comprometidos en apoyar este proceso de desconcentraci\u00f3n, que permitir\u00e1 a nuestra regi\u00f3n fortalecer su sector productivo para alcanzar su m\u00e1ximo potencial\u00bb.<\/p>\n<p style=\"font-weight: 400; text-align: justify;\">Por su parte, \u00d3scar del Solar Navarrete, jefe de Divisi\u00f3n de Fomento e Industria del Gobierno Regional, resalt\u00f3 que \u00abeste Comit\u00e9 marca el inicio de una nueva etapa en el desarrollo econ\u00f3mico de Ays\u00e9n. Estamos expectantes del trabajo colaborativo entre las entidades p\u00fablicas y diversos actores locales para impulsar iniciativas que mejoren el crecimiento y la competitividad de nuestra regi\u00f3n. La implementaci\u00f3n del CDPR Ays\u00e9n representa un paso importante hacia una mayor autonom\u00eda econ\u00f3mica y productiva de la regi\u00f3n. Con este Comit\u00e9, Ays\u00e9n est\u00e1 en una posici\u00f3n privilegiada para impulsar de manera aut\u00f3noma su desarrollo econ\u00f3mico de manera integral y sostenible\u00bb.<\/p>\n<p style=\"font-weight: 400; text-align: justify;\"><strong>CDPR<\/strong><\/p>\n<p style=\"font-weight: 400; text-align: justify;\">Los Comit\u00e9s de Desarrollo Productivo tendr\u00e1n una estructura similar en cada regi\u00f3n donde se establezcan, con la participaci\u00f3n de otras instituciones que promueven el fomento productivo. En detalle, estar\u00e1n integrados por el o la Gobernador(a) Regional, quien lo presidir\u00e1; dos integrantes del Gobierno Regional (GORE); \u00e9l o la Seremi de Econom\u00eda; tres representantes del sector privado, acad\u00e9mico e investigaci\u00f3n; dos consejeros\/as regionales; y representantes del Vicepresidente Ejecutivo de Corfo y Ministerio de Econom\u00eda.<\/p>\n<p style=\"font-weight: 400; text-align: justify;\">Entre sus atribuciones, los Comit\u00e9s tendr\u00e1n la posibilidad de proponer y decidir la distribuci\u00f3n del marco presupuestario otorgado a la regi\u00f3n a trav\u00e9s del presupuesto Corfo. Asimismo, podr\u00e1n decidir sobre la asignaci\u00f3n de recursos a sus programas y l\u00edneas de apoyo delegadas.<\/p>\n<p style=\"font-weight: 400; text-align: justify;\">Cabe destacar que Corfo pondr\u00e1 a disposici\u00f3n de los CDP sus competencias en prospectiva econ\u00f3mica; evaluaci\u00f3n, dise\u00f1o y seguimiento de proyectos; generaci\u00f3n de redes y agregaci\u00f3n de valor a las cadenas productivas.<\/p>\n<\/div><\/section><\/div><div  style='height:50px' class='hr hr-invisible   avia-builder-el-6  el_after_av_one_full  el_before_av_social_share '><span class='hr-inner ' ><span class='hr-inner-style'><\/span><\/span><\/div><\/p>\n<div  class='av-social-sharing-box  avia-builder-el-7  el_after_av_hr  el_before_av_hr  '><div class='av-share-box'><h5 class='av-share-link-description av-no-toc '>Compartir esta noticia<\/h5><ul class='av-share-box-list noLightbox'><li class='av-share-link av-social-link-facebook' ><a target=\"_blank\" aria-label=\"Compartir en Facebook\" href='https:\/\/www.facebook.com\/sharer.php?u=https:\/\/radiorevelacionfm.cl\/?p=39377&#038;t=Contin%C3%BAa%20proceso%20de%20implementaci%C3%B3n%20del%20CDPR%20Ays%C3%A9n%20para%20impulsar%20el%20fomento%20productivo%20y%20desarrollo%20regional' aria-hidden='false' data-av_icon='\ue8f3' data-av_iconfont='entypo-fontello' title='' data-avia-related-tooltip='Compartir en Facebook' rel=\"noopener\"><span class='avia_hidden_link_text'>Compartir en Facebook<\/span><\/a><\/li><li class='av-share-link av-social-link-twitter' ><a target=\"_blank\" aria-label=\"Compartir en Twitter\" href='https:\/\/twitter.com\/share?text=Contin%C3%BAa%20proceso%20de%20implementaci%C3%B3n%20del%20CDPR%20Ays%C3%A9n%20para%20impulsar%20el%20fomento%20productivo%20y%20desarrollo%20regional&#038;url=https:\/\/radiorevelacionfm.cl\/?p=39377' aria-hidden='false' data-av_icon='\ue8f1' data-av_iconfont='entypo-fontello' title='' data-avia-related-tooltip='Compartir en Twitter' rel=\"noopener\"><span class='avia_hidden_link_text'>Compartir en Twitter<\/span><\/a><\/li><li class='av-share-link av-social-link-whatsapp' ><a target=\"_blank\" aria-label=\"Compartir en Whatsapp\" href='https:\/\/api.whatsapp.com\/send?text=https:\/\/radiorevelacionfm.cl\/?p=39377' aria-hidden='false' data-av_icon='\uf232' data-av_iconfont='entypo-fontello' title='' data-avia-related-tooltip='Compartir en Whatsapp' rel=\"noopener\"><span class='avia_hidden_link_text'>Compartir en Whatsapp<\/span><\/a><\/li><li class='av-share-link av-social-link-linkedin' ><a target=\"_blank\" aria-label=\"Compartir en LinkedIn\" href='https:\/\/linkedin.com\/shareArticle?mini=true&#038;title=Contin%C3%BAa%20proceso%20de%20implementaci%C3%B3n%20del%20CDPR%20Ays%C3%A9n%20para%20impulsar%20el%20fomento%20productivo%20y%20desarrollo%20regional&#038;url=https:\/\/radiorevelacionfm.cl\/?p=39377' aria-hidden='false' data-av_icon='\ue8fc' data-av_iconfont='entypo-fontello' title='' data-avia-related-tooltip='Compartir en LinkedIn' rel=\"noopener\"><span class='avia_hidden_link_text'>Compartir en LinkedIn<\/span><\/a><\/li><li class='av-share-link av-social-link-mail' ><a  aria-label=\"Compartir por correo\" href='mailto:?subject=Contin%C3%BAa%20proceso%20de%20implementaci%C3%B3n%20del%20CDPR%20Ays%C3%A9n%20para%20impulsar%20el%20fomento%20productivo%20y%20desarrollo%20regional&#038;body=https:\/\/radiorevelacionfm.cl\/?p=39377' aria-hidden='false' data-av_icon='\ue805' data-av_iconfont='entypo-fontello' title='' data-avia-related-tooltip='Compartir por correo'><span class='avia_hidden_link_text'>Compartir por correo<\/span><\/a><\/li><\/ul><\/div><\/div>\n<div  style='height:50px' class='hr hr-invisible   avia-builder-el-8  el_after_av_social_share  el_before_av_comments_list '><span class='hr-inner ' ><span class='hr-inner-style'><\/span><\/span><\/div>\n<div  class='av-buildercomment  av-blog-meta-html-info-disabled av-blog-meta-tag-disabled  '><\/div>\n","protected":false},"excerpt":{"rendered":"","protected":false},"author":1,"featured_media":39378,"comment_status":"open","ping_status":"open","sticky":false,"template":"","format":"standard","meta":{"footnotes":""},"categories":[38],"tags":[],"class_list":["post-39377","post","type-post","status-publish","format-standard","has-post-thumbnail","hentry","category-regional"],"jetpack_featured_media_url":"https:\/\/radiorevelacionfm.cl\/wp-content\/uploads\/2024\/02\/01-11-1_optimized-1.jpg","_links":{"self":[{"href":"https:\/\/radiorevelacionfm.cl\/index.php?rest_route=\/wp\/v2\/posts\/39377","targetHints":{"allow":["GET"]}}],"collection":[{"href":"https:\/\/radiorevelacionfm.cl\/index.php?rest_route=\/wp\/v2\/posts"}],"about":[{"href":"https:\/\/radiorevelacionfm.cl\/index.php?rest_route=\/wp\/v2\/types\/post"}],"author":[{"embeddable":true,"href":"https:\/\/radiorevelacionfm.cl\/index.php?rest_route=\/wp\/v2\/users\/1"}],"replies":[{"embeddable":true,"href":"https:\/\/radiorevelacionfm.cl\/index.php?rest_route=%2Fwp%2Fv2%2Fcomments&post=39377"}],"version-history":[{"count":1,"href":"https:\/\/radiorevelacionfm.cl\/index.php?rest_route=\/wp\/v2\/posts\/39377\/revisions"}],"predecessor-version":[{"id":39379,"href":"https:\/\/radiorevelacionfm.cl\/index.php?rest_route=\/wp\/v2\/posts\/39377\/revisions\/39379"}],"wp:featuredmedia":[{"embeddable":true,"href":"https:\/\/radiorevelacionfm.cl\/index.php?rest_route=\/wp\/v2\/media\/39378"}],"wp:attachment":[{"href":"https:\/\/radiorevelacionfm.cl\/index.php?rest_route=%2Fwp%2Fv2%2Fmedia&parent=39377"}],"wp:term":[{"taxonomy":"category","embeddable":true,"href":"https:\/\/radiorevelacionfm.cl\/index.php?rest_route=%2Fwp%2Fv2%2Fcategories&post=39377"},{"taxonomy":"post_tag","embeddable":true,"href":"https:\/\/radiorevelacionfm.cl\/index.php?rest_route=%2Fwp%2Fv2%2Ftags&post=39377"}],"curies":[{"name":"wp","href":"https:\/\/api.w.org\/{rel}","templated":true}]}}