{"id":39374,"date":"2024-02-01T15:09:04","date_gmt":"2024-02-01T18:09:04","guid":{"rendered":"https:\/\/radiorevelacionfm.cl\/?p=39374"},"modified":"2024-02-01T15:09:04","modified_gmt":"2024-02-01T18:09:04","slug":"para-fortalecer-la-seguridad-en-los-barrios-gobierno-establece-panel-de-seguridad-comunitaria-con-juntas-vecinales","status":"publish","type":"post","link":"https:\/\/radiorevelacionfm.cl\/?p=39374","title":{"rendered":"Para fortalecer la seguridad en los barrios: Gobierno establece Panel de Seguridad Comunitaria con juntas vecinales"},"content":{"rendered":"<div class=\"flex_column av_one_full  flex_column_div av-zero-column-padding first  avia-builder-el-0  el_before_av_one_full  avia-builder-el-first  \" style='border-radius:0px; '><div  class='avia-image-container  av-styling-    avia-builder-el-1  avia-builder-el-no-sibling  avia-align-center '  itemprop=\"image\" itemscope=\"itemscope\" itemtype=\"https:\/\/schema.org\/ImageObject\"  ><div class='avia-image-container-inner'><div class='avia-image-overlay-wrap'><img decoding=\"async\" class='wp-image-39375 avia-img-lazy-loading-not-39375 avia_image' src=\"https:\/\/radiorevelacionfm.cl\/wp-content\/uploads\/2024\/02\/IMG_9705-1-1.jpg\" alt='' title='IMG_9705 (1) (1)' height=\"600\" width=\"900\"  itemprop=\"thumbnailUrl\" srcset=\"https:\/\/radiorevelacionfm.cl\/wp-content\/uploads\/2024\/02\/IMG_9705-1-1.jpg 900w, https:\/\/radiorevelacionfm.cl\/wp-content\/uploads\/2024\/02\/IMG_9705-1-1-300x200.jpg 300w, https:\/\/radiorevelacionfm.cl\/wp-content\/uploads\/2024\/02\/IMG_9705-1-1-768x512.jpg 768w, https:\/\/radiorevelacionfm.cl\/wp-content\/uploads\/2024\/02\/IMG_9705-1-1-705x470.jpg 705w, https:\/\/radiorevelacionfm.cl\/wp-content\/uploads\/2024\/02\/IMG_9705-1-1-450x300.jpg 450w, https:\/\/radiorevelacionfm.cl\/wp-content\/uploads\/2024\/02\/IMG_9705-1-1-600x400.jpg 600w\" sizes=\"(max-width: 900px) 100vw, 900px\" \/><\/div><\/div><\/div><\/div><div class=\"flex_column av_one_full  flex_column_div av-zero-column-padding first  avia-builder-el-2  el_after_av_one_full  el_before_av_one_full  column-top-margin\" style='border-radius:0px; '><section class=\"av_textblock_section \"  itemscope=\"itemscope\" itemtype=\"https:\/\/schema.org\/BlogPosting\" itemprop=\"blogPost\" ><div class='avia_textblock  '   itemprop=\"text\" ><p style=\"font-weight: 400; text-align: center;\"><strong><span style=\"font-size: 18pt;\">Para fortalecer la seguridad en los barrios: Gobierno establece Panel de Seguridad Comunitaria con juntas vecinales<\/span><\/strong><\/p>\n<p style=\"font-weight: 400;\"><strong>\u00a0<\/strong><\/p>\n<div id=\"gtx-trans\" style=\"position: absolute; left: -50px; top: 4.31534px;\">\n<div class=\"gtx-trans-icon\"><\/div>\n<\/div>\n<\/div><\/section><\/div><div class=\"flex_column av_one_full  flex_column_div av-zero-column-padding first  avia-builder-el-4  el_after_av_one_full  el_before_av_hr  column-top-margin\" style='border-radius:0px; '><section class=\"av_textblock_section \"  itemscope=\"itemscope\" itemtype=\"https:\/\/schema.org\/BlogPosting\" itemprop=\"blogPost\" ><div class='avia_textblock  '   itemprop=\"text\" ><p style=\"font-weight: 400; text-align: justify;\">Con el objetivo de fortalecer la prevenci\u00f3n y seguridad en los barrios, el Gobierno estableci\u00f3 un Panel de Seguridad Comunitaria que reunir\u00e1 en una instancia permanente a los diferentes servicios p\u00fablicos con responsabilidad en materia de seguridad p\u00fablica y a las juntas vecinales.<\/p>\n<p style=\"font-weight: 400; text-align: justify;\">El Panel es encabezado por el Delegado Presidencial Regional, Rodrigo Araya, acompa\u00f1ado por la coordinadora de Seguridad P\u00fablica, Camila Covarrubias, y jefe Subdere, Guillermo Mart\u00ednez; el alcalde de Coyhaique, Carlos Gatica, Prefecto de Carabineros, coronel Fuad Chab\u00e1n, jefa de la Regi\u00f3n Policial de Ays\u00e9n de la PDI, prefecta Carolina Namor, y presidenta de la Uni\u00f3n Comunal Pampas del Corral, Ver\u00f3nica Leg\u00fce, junto a dirigentes y dirigentes de diversas organizaciones.<\/p>\n<p style=\"font-weight: 400; text-align: justify;\">El Delegado Rodrigo Araya inform\u00f3 que el Panel permitir\u00e1 generar un di\u00e1logo peri\u00f3dico estable, para aumentar los niveles de seguridad y abordar de manera m\u00e1s efectiva delitos como los que se han priorizado en el Plan Regional de Seguridad P\u00fablica.<\/p>\n<p style=\"font-weight: 400; text-align: justify;\">\u201cHablamos de informaci\u00f3n, de datos, de las percepciones, de lo que necesitan las comunidades, las juntas de vecinos. Es una instancia muy importante, porque uno de los mandatos de nuestro Presidente es hacer que las instituciones p\u00fablicas se coordinen y trabajen con las urgencias de las personas y la seguridad p\u00fablica es una urgencia de las personas en todo el pa\u00eds y tambi\u00e9n en nuestra regi\u00f3n\u201d, recalc\u00f3.<\/p>\n<p style=\"font-weight: 400; text-align: justify;\">Ver\u00f3nica Leg\u00fce valor\u00f3 el trabajo conjunto y la entrega de informaci\u00f3n de primera fuente a la comunidad, mediante un canal de di\u00e1logo formal y estable.<\/p>\n<p style=\"font-weight: 400; text-align: justify;\">\u201cFue una instancia de trabajo, en que vamos a trabajar mensualmente en lo que est\u00e1 pasando con la inseguridad de la gente. Igual se le hace un llamado a la gente a que haga denuncia, porque si no hacen denuncias no va a pasar nada. La idea es que se haga la denuncia para que el delito se pueda bajar. Eso es lo que \u00a0vamos a seguir trabajando en conjunto con las autoridades para llegar a todos los sectores en hacer m\u00e1s prevenci\u00f3n y el compromiso de Carabineros tambi\u00e9n es salir a recorrer sectores y eso se est\u00e1 haciendo ahora\u201d, subray\u00f3.<\/p>\n<p style=\"font-weight: 400; text-align: justify;\">Entre las asistentes, Ramona P\u00e9rez, presidenta de la Junta Vecinal Villa Patagonia destac\u00f3 tambi\u00e9n este Panel.<\/p>\n<p style=\"font-weight: 400; text-align: justify;\">\u201cEsper\u00e1bamos mucho de esta instancia, porque estamos trabajando para la seguridad de la poblaci\u00f3n. Es muy importante trabajar de la mano con ellos, m\u00e1s bien que ir de la mano y mientras m\u00e1s organizaciones nos sumemos a esto, va a ser m\u00e1s r\u00e1pido el trabajo y vamos a poder estar m\u00e1s tranquilos\u201d, concluy\u00f3.<\/p>\n<p style=\"font-weight: 400; text-align: justify;\">Los delitos, incivilidades y problemas emergentes que este a\u00f1o se han priorizado en el Plan Regional de Seguridad P\u00fablica son Violencia Intrafamiliar, Infracci\u00f3n a la Ley de Drogas, Infracci\u00f3n a la Ley de Armas, Ebriedad y Consumo de Alcohol en la V\u00eda P\u00fablica y Violencia Escolar.<\/p>\n<\/div><\/section><\/div><div  style='height:50px' class='hr hr-invisible   avia-builder-el-6  el_after_av_one_full  el_before_av_social_share '><span class='hr-inner ' ><span class='hr-inner-style'><\/span><\/span><\/div><\/p>\n<div  class='av-social-sharing-box  avia-builder-el-7  el_after_av_hr  el_before_av_hr  '><div class='av-share-box'><h5 class='av-share-link-description av-no-toc '>Compartir esta noticia<\/h5><ul class='av-share-box-list noLightbox'><li class='av-share-link av-social-link-facebook' ><a target=\"_blank\" aria-label=\"Compartir en Facebook\" href='https:\/\/www.facebook.com\/sharer.php?u=https:\/\/radiorevelacionfm.cl\/?p=39374&#038;t=Para%20fortalecer%20la%20seguridad%20en%20los%20barrios%3A%20Gobierno%20establece%20Panel%20de%20Seguridad%20Comunitaria%20con%20juntas%20vecinales' aria-hidden='false' data-av_icon='\ue8f3' data-av_iconfont='entypo-fontello' title='' data-avia-related-tooltip='Compartir en Facebook' rel=\"noopener\"><span class='avia_hidden_link_text'>Compartir en Facebook<\/span><\/a><\/li><li class='av-share-link av-social-link-twitter' ><a target=\"_blank\" aria-label=\"Compartir en Twitter\" href='https:\/\/twitter.com\/share?text=Para%20fortalecer%20la%20seguridad%20en%20los%20barrios%3A%20Gobierno%20establece%20Panel%20de%20Seguridad%20Comunitaria%20con%20juntas%20vecinales&#038;url=https:\/\/radiorevelacionfm.cl\/?p=39374' aria-hidden='false' data-av_icon='\ue8f1' data-av_iconfont='entypo-fontello' title='' data-avia-related-tooltip='Compartir en Twitter' rel=\"noopener\"><span class='avia_hidden_link_text'>Compartir en Twitter<\/span><\/a><\/li><li class='av-share-link av-social-link-whatsapp' ><a target=\"_blank\" aria-label=\"Compartir en Whatsapp\" href='https:\/\/api.whatsapp.com\/send?text=https:\/\/radiorevelacionfm.cl\/?p=39374' aria-hidden='false' data-av_icon='\uf232' data-av_iconfont='entypo-fontello' title='' data-avia-related-tooltip='Compartir en Whatsapp' rel=\"noopener\"><span class='avia_hidden_link_text'>Compartir en Whatsapp<\/span><\/a><\/li><li class='av-share-link av-social-link-linkedin' ><a target=\"_blank\" aria-label=\"Compartir en LinkedIn\" href='https:\/\/linkedin.com\/shareArticle?mini=true&#038;title=Para%20fortalecer%20la%20seguridad%20en%20los%20barrios%3A%20Gobierno%20establece%20Panel%20de%20Seguridad%20Comunitaria%20con%20juntas%20vecinales&#038;url=https:\/\/radiorevelacionfm.cl\/?p=39374' aria-hidden='false' data-av_icon='\ue8fc' data-av_iconfont='entypo-fontello' title='' data-avia-related-tooltip='Compartir en LinkedIn' rel=\"noopener\"><span class='avia_hidden_link_text'>Compartir en LinkedIn<\/span><\/a><\/li><li class='av-share-link av-social-link-mail' ><a  aria-label=\"Compartir por correo\" href='mailto:?subject=Para%20fortalecer%20la%20seguridad%20en%20los%20barrios%3A%20Gobierno%20establece%20Panel%20de%20Seguridad%20Comunitaria%20con%20juntas%20vecinales&#038;body=https:\/\/radiorevelacionfm.cl\/?p=39374' aria-hidden='false' data-av_icon='\ue805' data-av_iconfont='entypo-fontello' title='' data-avia-related-tooltip='Compartir por correo'><span class='avia_hidden_link_text'>Compartir por correo<\/span><\/a><\/li><\/ul><\/div><\/div>\n<div  style='height:50px' class='hr hr-invisible   avia-builder-el-8  el_after_av_social_share  el_before_av_comments_list '><span class='hr-inner ' ><span class='hr-inner-style'><\/span><\/span><\/div>\n<div  class='av-buildercomment  av-blog-meta-html-info-disabled av-blog-meta-tag-disabled  '><\/div>\n","protected":false},"excerpt":{"rendered":"","protected":false},"author":1,"featured_media":39375,"comment_status":"open","ping_status":"open","sticky":false,"template":"","format":"standard","meta":{"footnotes":""},"categories":[38],"tags":[],"class_list":["post-39374","post","type-post","status-publish","format-standard","has-post-thumbnail","hentry","category-regional"],"jetpack_featured_media_url":"https:\/\/radiorevelacionfm.cl\/wp-content\/uploads\/2024\/02\/IMG_9705-1-1.jpg","_links":{"self":[{"href":"https:\/\/radiorevelacionfm.cl\/index.php?rest_route=\/wp\/v2\/posts\/39374","targetHints":{"allow":["GET"]}}],"collection":[{"href":"https:\/\/radiorevelacionfm.cl\/index.php?rest_route=\/wp\/v2\/posts"}],"about":[{"href":"https:\/\/radiorevelacionfm.cl\/index.php?rest_route=\/wp\/v2\/types\/post"}],"author":[{"embeddable":true,"href":"https:\/\/radiorevelacionfm.cl\/index.php?rest_route=\/wp\/v2\/users\/1"}],"replies":[{"embeddable":true,"href":"https:\/\/radiorevelacionfm.cl\/index.php?rest_route=%2Fwp%2Fv2%2Fcomments&post=39374"}],"version-history":[{"count":1,"href":"https:\/\/radiorevelacionfm.cl\/index.php?rest_route=\/wp\/v2\/posts\/39374\/revisions"}],"predecessor-version":[{"id":39376,"href":"https:\/\/radiorevelacionfm.cl\/index.php?rest_route=\/wp\/v2\/posts\/39374\/revisions\/39376"}],"wp:featuredmedia":[{"embeddable":true,"href":"https:\/\/radiorevelacionfm.cl\/index.php?rest_route=\/wp\/v2\/media\/39375"}],"wp:attachment":[{"href":"https:\/\/radiorevelacionfm.cl\/index.php?rest_route=%2Fwp%2Fv2%2Fmedia&parent=39374"}],"wp:term":[{"taxonomy":"category","embeddable":true,"href":"https:\/\/radiorevelacionfm.cl\/index.php?rest_route=%2Fwp%2Fv2%2Fcategories&post=39374"},{"taxonomy":"post_tag","embeddable":true,"href":"https:\/\/radiorevelacionfm.cl\/index.php?rest_route=%2Fwp%2Fv2%2Ftags&post=39374"}],"curies":[{"name":"wp","href":"https:\/\/api.w.org\/{rel}","templated":true}]}}