{"id":39371,"date":"2024-02-01T12:27:01","date_gmt":"2024-02-01T15:27:01","guid":{"rendered":"https:\/\/radiorevelacionfm.cl\/?p=39371"},"modified":"2024-02-01T12:27:01","modified_gmt":"2024-02-01T15:27:01","slug":"infor-fomenta-la-produccion-de-lena-seca-mediante-la-entrega-de-equipamiento-a-leneros-de-provincia-capitan-prat","status":"publish","type":"post","link":"https:\/\/radiorevelacionfm.cl\/?p=39371","title":{"rendered":"INFOR fomenta la producci\u00f3n de le\u00f1a seca mediante la entrega de equipamiento a le\u00f1eros de Provincia Capit\u00e1n Prat"},"content":{"rendered":"<div class=\"flex_column av_one_full  flex_column_div av-zero-column-padding first  avia-builder-el-0  el_before_av_one_full  avia-builder-el-first  \" style='border-radius:0px; '><div  class='avia-image-container  av-styling-    avia-builder-el-1  avia-builder-el-no-sibling  avia-align-center '  itemprop=\"image\" itemscope=\"itemscope\" itemtype=\"https:\/\/schema.org\/ImageObject\"  ><div class='avia-image-container-inner'><div class='avia-image-overlay-wrap'><img decoding=\"async\" class='wp-image-39372 avia-img-lazy-loading-not-39372 avia_image' src=\"https:\/\/radiorevelacionfm.cl\/wp-content\/uploads\/2024\/02\/4-34-2-1.jpeg\" alt='' title='4 (34) (2) (1)' height=\"600\" width=\"899\"  itemprop=\"thumbnailUrl\" srcset=\"https:\/\/radiorevelacionfm.cl\/wp-content\/uploads\/2024\/02\/4-34-2-1.jpeg 899w, https:\/\/radiorevelacionfm.cl\/wp-content\/uploads\/2024\/02\/4-34-2-1-300x200.jpeg 300w, https:\/\/radiorevelacionfm.cl\/wp-content\/uploads\/2024\/02\/4-34-2-1-768x513.jpeg 768w, https:\/\/radiorevelacionfm.cl\/wp-content\/uploads\/2024\/02\/4-34-2-1-705x471.jpeg 705w, https:\/\/radiorevelacionfm.cl\/wp-content\/uploads\/2024\/02\/4-34-2-1-450x300.jpeg 450w, https:\/\/radiorevelacionfm.cl\/wp-content\/uploads\/2024\/02\/4-34-2-1-600x400.jpeg 600w\" sizes=\"(max-width: 899px) 100vw, 899px\" \/><\/div><\/div><\/div><\/div><div class=\"flex_column av_one_full  flex_column_div av-zero-column-padding first  avia-builder-el-2  el_after_av_one_full  el_before_av_one_full  column-top-margin\" style='border-radius:0px; '><section class=\"av_textblock_section \"  itemscope=\"itemscope\" itemtype=\"https:\/\/schema.org\/BlogPosting\" itemprop=\"blogPost\" ><div class='avia_textblock  '   itemprop=\"text\" ><p style=\"text-align: center;\"><strong><span style=\"font-size: 18pt;\">INFOR fomenta la producci\u00f3n de le\u00f1a seca mediante la entrega de equipamiento a le\u00f1eros de Provincia Capit\u00e1n Prat<\/span><\/strong><\/p>\n<div id=\"gtx-trans\" style=\"position: absolute; left: -50px; top: 4.31534px;\">\n<div class=\"gtx-trans-icon\"><\/div>\n<\/div>\n<\/div><\/section><\/div><div class=\"flex_column av_one_full  flex_column_div av-zero-column-padding first  avia-builder-el-4  el_after_av_one_full  el_before_av_hr  column-top-margin\" style='border-radius:0px; '><section class=\"av_textblock_section \"  itemscope=\"itemscope\" itemtype=\"https:\/\/schema.org\/BlogPosting\" itemprop=\"blogPost\" ><div class='avia_textblock  '   itemprop=\"text\" ><p style=\"text-align: justify;\"><i>La iniciativa, financiada con el apoyo del Gobierno Regional, tiene por objetivo propiciar la tecnificaci\u00f3n de los procesos dendroenerg\u00e9ticos en virtud del desarrollo rural y el buen vivir en el territorio.<\/i><\/p>\n<p style=\"text-align: justify;\">Una serie de actividades de avance en el marco del Programa Silv\u00edcola de Capit\u00e1n Prat, ejecutado por el equipo del Instituto Forestal (INFOR) sede Patagonia establecido de forma permanente en el sector, ha llevado a cabo la entidad dependiente del Ministerio de Agricultura, destacando la demostraci\u00f3n en terreno de los beneficios respecto de la tecnificaci\u00f3n de procesos, mejorando la calidad de vida de los habitantes, fomentando el desarrollo rural y el buen vivir como uno de los lineamientos ministeriales.<\/p>\n<p style=\"text-align: justify;\">En Cochrane, se relev\u00f3 el trabajo junto a Alejandro Ulloa, beneficiario del Programa Silv\u00edcola de Capit\u00e1n Prat, quien realiz\u00f3 una demostraci\u00f3n de labores asociadas a la producci\u00f3n y elaboraci\u00f3n de le\u00f1a de manera tradicional con hacha, motosierra, combo y chuzo. Posteriormente, se llev\u00f3 a cabo la exhibici\u00f3n del uso de una cortadora, una picadora y una trozadora de le\u00f1a, maquinarias facilitadas en comodato por INFOR.<\/p>\n<p style=\"text-align: justify;\">\u00abEstas maquinarias que me pas\u00f3 INFOR son una tremenda ayuda y un tremendo alivio para poder trabajar como corresponde, estoy muy conforme\u00bb, destac\u00f3 el productor cochranino.<\/p>\n<p style=\"text-align: justify;\">Gracias a la capacitaci\u00f3n recibida por la instituci\u00f3n, Ulloa aprendi\u00f3 el correcto uso de la tecnolog\u00eda entregada, permitiendo optimizar y tecnificar los procesos de elaboraci\u00f3n en varios formatos de le\u00f1a la que finalmente es ensacada para la venta entregando le\u00f1a seca, un producto certificado y estandarizado que posee un mejor poder cal\u00f3rico y produce menos emisiones de CO2 disminuyendo los \u00edndices de contaminaci\u00f3n.<\/p>\n<p style=\"text-align: justify;\">Al respecto, el gerente de INFOR sede Patagonia, Jaime Salinas, destac\u00f3 que \u00abeste es un programa muy exitoso en la provincia, ha financiado tres a\u00f1os para apoyar a productores forestales de la comuna, entregando maquinarias en comodatos para que ellos puedan mejorar sus procesos de producci\u00f3n de le\u00f1a\u00bb.<\/p>\n<p style=\"text-align: justify;\">La entrega y capacitaci\u00f3n del correcto uso de esta maquinaria junto con todo el asesoramiento realizado por INFOR es parte del Programa de Silv\u00edcola de Capit\u00e1n Prat, proyecto FNDR financiado por el Gobierno Regional y su Consejo, que permite la materializaci\u00f3n de estas iniciativas.<\/p>\n<p style=\"text-align: justify;\">En ese sentido, la gobernadora Regional, Andrea Mac\u00edas, manifest\u00f3 que \u00abpara nosotros, este es un proyecto muy importante que estamos desarrollando de manera conjunta con INFOR,\u00a0 es un proyecto que tiene mucha valoraci\u00f3n positiva no solo desde la utilizaci\u00f3n del tiempo para el producto final lo que es le\u00f1a seca\u00bb.<\/p>\n<p style=\"text-align: justify;\">La autoridad relev\u00f3 el modelo del INFOR, destacando que \u00abfacilita la gesti\u00f3n y el desplazamiento de toda esta maquinaria que permite que los productores pueden aumentar sus vol\u00famenes de producci\u00f3n\u00bb.<\/p>\n<div id=\"v1Signature\" style=\"text-align: justify;\"><\/div>\n<\/div><\/section><\/div><div  style='height:50px' class='hr hr-invisible   avia-builder-el-6  el_after_av_one_full  el_before_av_social_share '><span class='hr-inner ' ><span class='hr-inner-style'><\/span><\/span><\/div><\/p>\n<div  class='av-social-sharing-box  avia-builder-el-7  el_after_av_hr  el_before_av_hr  '><div class='av-share-box'><h5 class='av-share-link-description av-no-toc '>Compartir esta noticia<\/h5><ul class='av-share-box-list noLightbox'><li class='av-share-link av-social-link-facebook' ><a target=\"_blank\" aria-label=\"Compartir en Facebook\" href='https:\/\/www.facebook.com\/sharer.php?u=https:\/\/radiorevelacionfm.cl\/?p=39371&#038;t=INFOR%20fomenta%20la%20producci%C3%B3n%20de%20le%C3%B1a%20seca%20mediante%20la%20entrega%20de%20equipamiento%20a%20le%C3%B1eros%20de%20Provincia%20Capit%C3%A1n%20Prat' aria-hidden='false' data-av_icon='\ue8f3' data-av_iconfont='entypo-fontello' title='' data-avia-related-tooltip='Compartir en Facebook' rel=\"noopener\"><span class='avia_hidden_link_text'>Compartir en Facebook<\/span><\/a><\/li><li class='av-share-link av-social-link-twitter' ><a target=\"_blank\" aria-label=\"Compartir en Twitter\" href='https:\/\/twitter.com\/share?text=INFOR%20fomenta%20la%20producci%C3%B3n%20de%20le%C3%B1a%20seca%20mediante%20la%20entrega%20de%20equipamiento%20a%20le%C3%B1eros%20de%20Provincia%20Capit%C3%A1n%20Prat&#038;url=https:\/\/radiorevelacionfm.cl\/?p=39371' aria-hidden='false' data-av_icon='\ue8f1' data-av_iconfont='entypo-fontello' title='' data-avia-related-tooltip='Compartir en Twitter' rel=\"noopener\"><span class='avia_hidden_link_text'>Compartir en Twitter<\/span><\/a><\/li><li class='av-share-link av-social-link-whatsapp' ><a target=\"_blank\" aria-label=\"Compartir en Whatsapp\" href='https:\/\/api.whatsapp.com\/send?text=https:\/\/radiorevelacionfm.cl\/?p=39371' aria-hidden='false' data-av_icon='\uf232' data-av_iconfont='entypo-fontello' title='' data-avia-related-tooltip='Compartir en Whatsapp' rel=\"noopener\"><span class='avia_hidden_link_text'>Compartir en Whatsapp<\/span><\/a><\/li><li class='av-share-link av-social-link-linkedin' ><a target=\"_blank\" aria-label=\"Compartir en LinkedIn\" href='https:\/\/linkedin.com\/shareArticle?mini=true&#038;title=INFOR%20fomenta%20la%20producci%C3%B3n%20de%20le%C3%B1a%20seca%20mediante%20la%20entrega%20de%20equipamiento%20a%20le%C3%B1eros%20de%20Provincia%20Capit%C3%A1n%20Prat&#038;url=https:\/\/radiorevelacionfm.cl\/?p=39371' aria-hidden='false' data-av_icon='\ue8fc' data-av_iconfont='entypo-fontello' title='' data-avia-related-tooltip='Compartir en LinkedIn' rel=\"noopener\"><span class='avia_hidden_link_text'>Compartir en LinkedIn<\/span><\/a><\/li><li class='av-share-link av-social-link-mail' ><a  aria-label=\"Compartir por correo\" href='mailto:?subject=INFOR%20fomenta%20la%20producci%C3%B3n%20de%20le%C3%B1a%20seca%20mediante%20la%20entrega%20de%20equipamiento%20a%20le%C3%B1eros%20de%20Provincia%20Capit%C3%A1n%20Prat&#038;body=https:\/\/radiorevelacionfm.cl\/?p=39371' aria-hidden='false' data-av_icon='\ue805' data-av_iconfont='entypo-fontello' title='' data-avia-related-tooltip='Compartir por correo'><span class='avia_hidden_link_text'>Compartir por correo<\/span><\/a><\/li><\/ul><\/div><\/div>\n<div  style='height:50px' class='hr hr-invisible   avia-builder-el-8  el_after_av_social_share  el_before_av_comments_list '><span class='hr-inner ' ><span class='hr-inner-style'><\/span><\/span><\/div>\n<div  class='av-buildercomment  av-blog-meta-html-info-disabled av-blog-meta-tag-disabled  '><\/div>\n","protected":false},"excerpt":{"rendered":"","protected":false},"author":1,"featured_media":39372,"comment_status":"open","ping_status":"open","sticky":false,"template":"","format":"standard","meta":{"footnotes":""},"categories":[38],"tags":[],"class_list":["post-39371","post","type-post","status-publish","format-standard","has-post-thumbnail","hentry","category-regional"],"jetpack_featured_media_url":"https:\/\/radiorevelacionfm.cl\/wp-content\/uploads\/2024\/02\/4-34-2-1.jpeg","_links":{"self":[{"href":"https:\/\/radiorevelacionfm.cl\/index.php?rest_route=\/wp\/v2\/posts\/39371","targetHints":{"allow":["GET"]}}],"collection":[{"href":"https:\/\/radiorevelacionfm.cl\/index.php?rest_route=\/wp\/v2\/posts"}],"about":[{"href":"https:\/\/radiorevelacionfm.cl\/index.php?rest_route=\/wp\/v2\/types\/post"}],"author":[{"embeddable":true,"href":"https:\/\/radiorevelacionfm.cl\/index.php?rest_route=\/wp\/v2\/users\/1"}],"replies":[{"embeddable":true,"href":"https:\/\/radiorevelacionfm.cl\/index.php?rest_route=%2Fwp%2Fv2%2Fcomments&post=39371"}],"version-history":[{"count":1,"href":"https:\/\/radiorevelacionfm.cl\/index.php?rest_route=\/wp\/v2\/posts\/39371\/revisions"}],"predecessor-version":[{"id":39373,"href":"https:\/\/radiorevelacionfm.cl\/index.php?rest_route=\/wp\/v2\/posts\/39371\/revisions\/39373"}],"wp:featuredmedia":[{"embeddable":true,"href":"https:\/\/radiorevelacionfm.cl\/index.php?rest_route=\/wp\/v2\/media\/39372"}],"wp:attachment":[{"href":"https:\/\/radiorevelacionfm.cl\/index.php?rest_route=%2Fwp%2Fv2%2Fmedia&parent=39371"}],"wp:term":[{"taxonomy":"category","embeddable":true,"href":"https:\/\/radiorevelacionfm.cl\/index.php?rest_route=%2Fwp%2Fv2%2Fcategories&post=39371"},{"taxonomy":"post_tag","embeddable":true,"href":"https:\/\/radiorevelacionfm.cl\/index.php?rest_route=%2Fwp%2Fv2%2Ftags&post=39371"}],"curies":[{"name":"wp","href":"https:\/\/api.w.org\/{rel}","templated":true}]}}