{"id":39368,"date":"2024-02-06T11:14:24","date_gmt":"2024-02-06T14:14:24","guid":{"rendered":"https:\/\/radiorevelacionfm.cl\/?p=39368"},"modified":"2024-02-06T11:14:24","modified_gmt":"2024-02-06T14:14:24","slug":"la-importancia-de-la-prevencion-y-el-diagnostico-precoz-para-ganarle-al-cancer","status":"publish","type":"post","link":"https:\/\/radiorevelacionfm.cl\/?p=39368","title":{"rendered":"La importancia de la prevenci\u00f3n y el diagn\u00f3stico precoz para ganarle al c\u00e1ncer"},"content":{"rendered":"<div class=\"flex_column av_one_full  flex_column_div av-zero-column-padding first  avia-builder-el-0  el_before_av_one_full  avia-builder-el-first  \" style='border-radius:0px; '><div  class='avia-image-container  av-styling-    avia-builder-el-1  avia-builder-el-no-sibling  avia-align-center '  itemprop=\"image\" itemscope=\"itemscope\" itemtype=\"https:\/\/schema.org\/ImageObject\"  ><div class='avia-image-container-inner'><div class='avia-image-overlay-wrap'><img decoding=\"async\" class='wp-image-39369 avia-img-lazy-loading-not-39369 avia_image' src=\"https:\/\/radiorevelacionfm.cl\/wp-content\/uploads\/2024\/01\/Elsa-Cabrera-1.jpg\" alt='' title='Elsa Cabrera (1)' height=\"683\" width=\"800\"  itemprop=\"thumbnailUrl\" srcset=\"https:\/\/radiorevelacionfm.cl\/wp-content\/uploads\/2024\/01\/Elsa-Cabrera-1.jpg 800w, https:\/\/radiorevelacionfm.cl\/wp-content\/uploads\/2024\/01\/Elsa-Cabrera-1-300x256.jpg 300w, https:\/\/radiorevelacionfm.cl\/wp-content\/uploads\/2024\/01\/Elsa-Cabrera-1-768x656.jpg 768w, https:\/\/radiorevelacionfm.cl\/wp-content\/uploads\/2024\/01\/Elsa-Cabrera-1-705x602.jpg 705w, https:\/\/radiorevelacionfm.cl\/wp-content\/uploads\/2024\/01\/Elsa-Cabrera-1-450x384.jpg 450w, https:\/\/radiorevelacionfm.cl\/wp-content\/uploads\/2024\/01\/Elsa-Cabrera-1-600x512.jpg 600w\" sizes=\"(max-width: 800px) 100vw, 800px\" \/><\/div><\/div><\/div><\/div><div class=\"flex_column av_one_full  flex_column_div av-zero-column-padding first  avia-builder-el-2  el_after_av_one_full  el_before_av_one_full  column-top-margin\" style='border-radius:0px; '><section class=\"av_textblock_section \"  itemscope=\"itemscope\" itemtype=\"https:\/\/schema.org\/BlogPosting\" itemprop=\"blogPost\" ><div class='avia_textblock  '   itemprop=\"text\" ><p style=\"text-align: center;\"><strong><span style=\"font-size: 18pt;\">La importancia de la prevenci\u00f3n y el diagn\u00f3stico precoz para ganarle al c\u00e1ncer<\/span><\/strong><\/p>\n<div id=\"gtx-trans\" style=\"position: absolute; left: -50px; top: 4.31534px;\">\n<div class=\"gtx-trans-icon\"><\/div>\n<\/div>\n<\/div><\/section><\/div><div class=\"flex_column av_one_full  flex_column_div av-zero-column-padding first  avia-builder-el-4  el_after_av_one_full  el_before_av_hr  column-top-margin\" style='border-radius:0px; '><section class=\"av_textblock_section \"  itemscope=\"itemscope\" itemtype=\"https:\/\/schema.org\/BlogPosting\" itemprop=\"blogPost\" ><div class='avia_textblock  '   itemprop=\"text\" ><p style=\"text-align: justify;\">Cada 4 febrero es el d\u00eda mundial del c\u00e1ncer y esta palabra se hace presente en nuestras vidas con preocupaci\u00f3n y miedo. Seg\u00fan lo reportado por la Organizaci\u00f3n Mundial de la Salud (OMS), esta enfermedad es la principal causa de muerte en el mundo. En 2020 se le atribuy\u00f3 aproximadamente 10 millones de defunciones y la carga de enfermedad producida por c\u00e1ncer contin\u00faa creciendo a nivel mundial. Esto ejerce una enorme presi\u00f3n f\u00edsica, emocional y financiera en las personas, familias, comunidades y en los sistemas de salud.<\/p>\n<p style=\"text-align: justify;\">En Chile, la incidencia y mortalidad por c\u00e1ncer contin\u00faan creciendo, por primera vez el a\u00f1o 2019, de acuerdo a lo indicado por el <a href=\"https:\/\/www.ine.gob.cl\/\">Instituto Nacional de Estad\u00edsticas<\/a>\u00a0(INE), se transform\u00f3 en la primera causa de muerte en nuestro pa\u00eds.<\/p>\n<p style=\"text-align: justify;\">En la actualidad, el n\u00famero de muertes por c\u00e1ncer sigue aumentando debido, entre otros factores, al envejecimiento de la poblaci\u00f3n. Sin embargo, frente a este escenario preocupante, tambi\u00e9n es importante destacar que en las \u00faltimas d\u00e9cadas se han desarrollado terapias que dan cuenta de un cambio en las posibilidades de curaci\u00f3n y en los tiempos de supervivencia de muchos tipos de c\u00e1ncer. Hay que resaltar que cada paso alcanzado y acumulado ha llevado a cambiar de manera notable el pron\u00f3stico y la calidad de vida de muchos pacientes con c\u00e1ncer.<\/p>\n<p style=\"text-align: justify;\">Si se analizan todos los tumores malignos, a principios de los a\u00f1os 80, la sobrevida a cinco a\u00f1os del diagn\u00f3stico apenas superaba el 45%, mientras que hoy se aproxima al 65%, son muchos los pacientes que se han beneficiado de este tremendo desarrollo que viene de la mano, entre otros, del crecimiento en la medicina de precisi\u00f3n.<\/p>\n<p style=\"text-align: justify;\">Es importante recalcar tambi\u00e9n que entre el <strong>30 y el 50% de todos los casos de c\u00e1ncer se pueden prevenir<\/strong>. Cerca de un tercio de las muertes por c\u00e1ncer se deben a los cinco principales factores de riesgo de estilos de vida y diet\u00e9ticos: <strong>consumo de tabaco y alcohol, \u00edndice de masa corporal elevado, ingesta reducida de frutas y verduras y falta de actividad f\u00edsica<\/strong>. Seg\u00fan datos publicados por la OMS, cerca 1\/3 de las muertes por c\u00e1ncer son debidas al tabaco, las infecciones (Helicobacter pylori, virus de la hepatitis B, virus de la hepatitis C, papilomavirus, virus Epstein-Barr, por mencionar algunos), el alcohol, el sedentarismo y las dietas inadecuadas. \u00a0Por otro lado, tambi\u00e9n es necesario destacar que hasta 20% de los c\u00e1nceres se deben a agregaci\u00f3n familiar y 5-10% por portaci\u00f3n de genes heredables de riesgo de c\u00e1ncer. A trav\u00e9s de la asesor\u00eda gen\u00e9tica se puede evaluar si tiene un riesgo de gen heredable de c\u00e1ncer y orientar en el examen necesario.<\/p>\n<p style=\"text-align: justify;\">Compromet\u00e1monos a fortalecer acciones destinadas a mejorar la atenci\u00f3n de calidad, incluida la prevenci\u00f3n, screening, diagn\u00f3stico precoz, tratamiento y los cuidados paliativos.<\/p>\n<p>Dra. Elsa Cabrera. Directora carrera de Medicina U. Central<\/p>\n<\/div><\/section><\/div><div  style='height:50px' class='hr hr-invisible   avia-builder-el-6  el_after_av_one_full  el_before_av_social_share '><span class='hr-inner ' ><span class='hr-inner-style'><\/span><\/span><\/div><\/p>\n<div  class='av-social-sharing-box  avia-builder-el-7  el_after_av_hr  el_before_av_hr  '><div class='av-share-box'><h5 class='av-share-link-description av-no-toc '>Compartir esta noticia<\/h5><ul class='av-share-box-list noLightbox'><li class='av-share-link av-social-link-facebook' ><a target=\"_blank\" aria-label=\"Compartir en Facebook\" href='https:\/\/www.facebook.com\/sharer.php?u=https:\/\/radiorevelacionfm.cl\/?p=39368&#038;t=La%20importancia%20de%20la%20prevenci%C3%B3n%20y%20el%20diagn%C3%B3stico%20precoz%20para%20ganarle%20al%20c%C3%A1ncer' aria-hidden='false' data-av_icon='\ue8f3' data-av_iconfont='entypo-fontello' title='' data-avia-related-tooltip='Compartir en Facebook' rel=\"noopener\"><span class='avia_hidden_link_text'>Compartir en Facebook<\/span><\/a><\/li><li class='av-share-link av-social-link-twitter' ><a target=\"_blank\" aria-label=\"Compartir en Twitter\" href='https:\/\/twitter.com\/share?text=La%20importancia%20de%20la%20prevenci%C3%B3n%20y%20el%20diagn%C3%B3stico%20precoz%20para%20ganarle%20al%20c%C3%A1ncer&#038;url=https:\/\/radiorevelacionfm.cl\/?p=39368' aria-hidden='false' data-av_icon='\ue8f1' data-av_iconfont='entypo-fontello' title='' data-avia-related-tooltip='Compartir en Twitter' rel=\"noopener\"><span class='avia_hidden_link_text'>Compartir en Twitter<\/span><\/a><\/li><li class='av-share-link av-social-link-whatsapp' ><a target=\"_blank\" aria-label=\"Compartir en Whatsapp\" href='https:\/\/api.whatsapp.com\/send?text=https:\/\/radiorevelacionfm.cl\/?p=39368' aria-hidden='false' data-av_icon='\uf232' data-av_iconfont='entypo-fontello' title='' data-avia-related-tooltip='Compartir en Whatsapp' rel=\"noopener\"><span class='avia_hidden_link_text'>Compartir en Whatsapp<\/span><\/a><\/li><li class='av-share-link av-social-link-linkedin' ><a target=\"_blank\" aria-label=\"Compartir en LinkedIn\" href='https:\/\/linkedin.com\/shareArticle?mini=true&#038;title=La%20importancia%20de%20la%20prevenci%C3%B3n%20y%20el%20diagn%C3%B3stico%20precoz%20para%20ganarle%20al%20c%C3%A1ncer&#038;url=https:\/\/radiorevelacionfm.cl\/?p=39368' aria-hidden='false' data-av_icon='\ue8fc' data-av_iconfont='entypo-fontello' title='' data-avia-related-tooltip='Compartir en LinkedIn' rel=\"noopener\"><span class='avia_hidden_link_text'>Compartir en LinkedIn<\/span><\/a><\/li><li class='av-share-link av-social-link-mail' ><a  aria-label=\"Compartir por correo\" href='mailto:?subject=La%20importancia%20de%20la%20prevenci%C3%B3n%20y%20el%20diagn%C3%B3stico%20precoz%20para%20ganarle%20al%20c%C3%A1ncer&#038;body=https:\/\/radiorevelacionfm.cl\/?p=39368' aria-hidden='false' data-av_icon='\ue805' data-av_iconfont='entypo-fontello' title='' data-avia-related-tooltip='Compartir por correo'><span class='avia_hidden_link_text'>Compartir por correo<\/span><\/a><\/li><\/ul><\/div><\/div>\n<div  style='height:50px' class='hr hr-invisible   avia-builder-el-8  el_after_av_social_share  el_before_av_comments_list '><span class='hr-inner ' ><span class='hr-inner-style'><\/span><\/span><\/div>\n<div  class='av-buildercomment  av-blog-meta-html-info-disabled av-blog-meta-tag-disabled  '><\/div>\n","protected":false},"excerpt":{"rendered":"","protected":false},"author":1,"featured_media":39369,"comment_status":"open","ping_status":"open","sticky":false,"template":"","format":"standard","meta":{"footnotes":""},"categories":[46],"tags":[],"class_list":["post-39368","post","type-post","status-publish","format-standard","has-post-thumbnail","hentry","category-salud"],"jetpack_featured_media_url":"https:\/\/radiorevelacionfm.cl\/wp-content\/uploads\/2024\/01\/Elsa-Cabrera-1.jpg","_links":{"self":[{"href":"https:\/\/radiorevelacionfm.cl\/index.php?rest_route=\/wp\/v2\/posts\/39368","targetHints":{"allow":["GET"]}}],"collection":[{"href":"https:\/\/radiorevelacionfm.cl\/index.php?rest_route=\/wp\/v2\/posts"}],"about":[{"href":"https:\/\/radiorevelacionfm.cl\/index.php?rest_route=\/wp\/v2\/types\/post"}],"author":[{"embeddable":true,"href":"https:\/\/radiorevelacionfm.cl\/index.php?rest_route=\/wp\/v2\/users\/1"}],"replies":[{"embeddable":true,"href":"https:\/\/radiorevelacionfm.cl\/index.php?rest_route=%2Fwp%2Fv2%2Fcomments&post=39368"}],"version-history":[{"count":1,"href":"https:\/\/radiorevelacionfm.cl\/index.php?rest_route=\/wp\/v2\/posts\/39368\/revisions"}],"predecessor-version":[{"id":39370,"href":"https:\/\/radiorevelacionfm.cl\/index.php?rest_route=\/wp\/v2\/posts\/39368\/revisions\/39370"}],"wp:featuredmedia":[{"embeddable":true,"href":"https:\/\/radiorevelacionfm.cl\/index.php?rest_route=\/wp\/v2\/media\/39369"}],"wp:attachment":[{"href":"https:\/\/radiorevelacionfm.cl\/index.php?rest_route=%2Fwp%2Fv2%2Fmedia&parent=39368"}],"wp:term":[{"taxonomy":"category","embeddable":true,"href":"https:\/\/radiorevelacionfm.cl\/index.php?rest_route=%2Fwp%2Fv2%2Fcategories&post=39368"},{"taxonomy":"post_tag","embeddable":true,"href":"https:\/\/radiorevelacionfm.cl\/index.php?rest_route=%2Fwp%2Fv2%2Ftags&post=39368"}],"curies":[{"name":"wp","href":"https:\/\/api.w.org\/{rel}","templated":true}]}}