{"id":39365,"date":"2024-01-31T20:40:09","date_gmt":"2024-01-31T23:40:09","guid":{"rendered":"https:\/\/radiorevelacionfm.cl\/?p=39365"},"modified":"2024-01-31T20:40:09","modified_gmt":"2024-01-31T23:40:09","slug":"lanzan-segunda-fase-del-plan-verano-seguro-en-la-region-de-aysen","status":"publish","type":"post","link":"https:\/\/radiorevelacionfm.cl\/?p=39365","title":{"rendered":"Lanzan segunda fase del Plan Verano Seguro en la regi\u00f3n de Ays\u00e9n"},"content":{"rendered":"<div class=\"flex_column av_one_full  flex_column_div av-zero-column-padding first  avia-builder-el-0  el_before_av_one_full  avia-builder-el-first  \" style='border-radius:0px; '><div  class='avia-image-container  av-styling-    avia-builder-el-1  avia-builder-el-no-sibling  avia-align-center '  itemprop=\"image\" itemscope=\"itemscope\" itemtype=\"https:\/\/schema.org\/ImageObject\"  ><div class='avia-image-container-inner'><div class='avia-image-overlay-wrap'><img decoding=\"async\" class='wp-image-39366 avia-img-lazy-loading-not-39366 avia_image' src=\"https:\/\/radiorevelacionfm.cl\/wp-content\/uploads\/2024\/01\/img_0078-1_optimized.jpg\" alt='' title='img_0078-(1)_optimized' height=\"600\" width=\"900\"  itemprop=\"thumbnailUrl\" srcset=\"https:\/\/radiorevelacionfm.cl\/wp-content\/uploads\/2024\/01\/img_0078-1_optimized.jpg 900w, https:\/\/radiorevelacionfm.cl\/wp-content\/uploads\/2024\/01\/img_0078-1_optimized-300x200.jpg 300w, https:\/\/radiorevelacionfm.cl\/wp-content\/uploads\/2024\/01\/img_0078-1_optimized-768x512.jpg 768w, https:\/\/radiorevelacionfm.cl\/wp-content\/uploads\/2024\/01\/img_0078-1_optimized-705x470.jpg 705w, https:\/\/radiorevelacionfm.cl\/wp-content\/uploads\/2024\/01\/img_0078-1_optimized-450x300.jpg 450w, https:\/\/radiorevelacionfm.cl\/wp-content\/uploads\/2024\/01\/img_0078-1_optimized-600x400.jpg 600w\" sizes=\"(max-width: 900px) 100vw, 900px\" \/><\/div><\/div><\/div><\/div><div class=\"flex_column av_one_full  flex_column_div av-zero-column-padding first  avia-builder-el-2  el_after_av_one_full  el_before_av_one_full  column-top-margin\" style='border-radius:0px; '><section class=\"av_textblock_section \"  itemscope=\"itemscope\" itemtype=\"https:\/\/schema.org\/BlogPosting\" itemprop=\"blogPost\" ><div class='avia_textblock  '   itemprop=\"text\" ><p style=\"text-align: center;\"><strong><span style=\"font-size: 18pt;\">Lanzan segunda fase del Plan Verano Seguro en la regi\u00f3n de Ays\u00e9n<\/span><\/strong><\/p>\n<div id=\"gtx-trans\" style=\"position: absolute; left: -50px; top: 4.31534px;\">\n<div class=\"gtx-trans-icon\"><\/div>\n<\/div>\n<\/div><\/section><\/div><div class=\"flex_column av_one_full  flex_column_div av-zero-column-padding first  avia-builder-el-4  el_after_av_one_full  el_before_av_hr  column-top-margin\" style='border-radius:0px; '><section class=\"av_textblock_section \"  itemscope=\"itemscope\" itemtype=\"https:\/\/schema.org\/BlogPosting\" itemprop=\"blogPost\" ><div class='avia_textblock  '   itemprop=\"text\" ><p style=\"font-weight: 400; text-align: justify;\">Con el fin de fortalecer la presencia policial en lugares de alto inter\u00e9s tur\u00edstico durante el per\u00edodo estival, el Delegado Presidencial Regional de Ays\u00e9n, Rodrigo Araya, junto con el Prefecto de Carabineros, coronel Fuad Chab\u00e1n, lanzaron la segunda etapa del Plan Verano Seguro.<\/p>\n<p style=\"font-weight: 400; text-align: justify;\">La iniciativa comenz\u00f3 el 28 de diciembre pasado, con un despliegue de Carabineros en puntos con mayor presencia de turistas en todo el pa\u00eds, reforzando la prevenci\u00f3n y la seguridad p\u00fablica en general, a nivel nacional.<\/p>\n<p style=\"font-weight: 400; text-align: justify;\">En la Regi\u00f3n de Ays\u00e9n, el Plan implic\u00f3 la instalaci\u00f3n de un Puesto de Control de Carabineros en Cerro Castillo, donde por primera vez se dispone dotaci\u00f3n policial dedicada, exclusivamente, a resguardar la localidad y responder un requerimiento de vecinos y vecinas del sector.<\/p>\n<p style=\"font-weight: 400; text-align: justify;\">\u201cEs una estrategia dise\u00f1ada por el Gobierno junto con Carabineros para aumentar la presencia policial en los territorios donde hay mayor desplazamiento de turistas nacionales y extranjeros y las comunidades ven aumentar\u00a0 la circulaci\u00f3n de personas y las actividades art\u00edsticas, culturales y deportivas en sus territorios. Es una estrategia innovadora que suma a funcionarios policiales en per\u00edodo de formaci\u00f3n, quienes vienen a colaborar, es decir, se suman\u00a0 durante el per\u00edodo de verano\u201d, detall\u00f3 Rodrigo Araya.<\/p>\n<p style=\"font-weight: 400; text-align: justify;\">El Prefecto Chab\u00e1n a\u00f1adi\u00f3 que este mi\u00e9rcoles se realiz\u00f3 un relevo de personal, con efectivos provenientes de la Escuela de Especialidades de Carabineros.<\/p>\n<p style=\"font-weight: 400; text-align: justify;\">\u201cEl Plan Verano Seguro comenz\u00f3 el 28 de diciembre del a\u00f1o pasado. Esta semana hicimos el relevo del personal que viene a apoyarnos desde la Escuela de Especialidades en Santiago y ha generado bastantes procedimientos en el sector de Cerro Castillo, donde llevamos m\u00e1s de 1.400 controles vehiculares a todo tipo de autom\u00f3viles que circulan por la Carretera Austral. Adem\u00e1s, ha ayudado a reforzar la presencia policial en la Carretera Austral y ha ayudado a turistas que recorren la regi\u00f3n\u201d.<\/p>\n<p style=\"font-weight: 400; text-align: justify;\">Esta segunda etapa se extiende hasta el 29 de febrero considerando el alto nivel de viajes con pernoctaci\u00f3n durante este periodo estival, para desarrollar actividades recreativas en el marco de las vacaciones de verano.<\/p>\n<p style=\"font-weight: 400; text-align: justify;\">Lo anterior implica un mayor desaf\u00edo en materia de seguridad, por los desplazamientos a lugares de inter\u00e9s tur\u00edstico, cultural, comercial, donde se busca que la ciudadan\u00eda vaya de manera responsable y segura.<\/p>\n<\/div><\/section><\/div><div  style='height:50px' class='hr hr-invisible   avia-builder-el-6  el_after_av_one_full  el_before_av_social_share '><span class='hr-inner ' ><span class='hr-inner-style'><\/span><\/span><\/div><\/p>\n<div  class='av-social-sharing-box  avia-builder-el-7  el_after_av_hr  el_before_av_hr  '><div class='av-share-box'><h5 class='av-share-link-description av-no-toc '>Compartir esta noticia<\/h5><ul class='av-share-box-list noLightbox'><li class='av-share-link av-social-link-facebook' ><a target=\"_blank\" aria-label=\"Compartir en Facebook\" href='https:\/\/www.facebook.com\/sharer.php?u=https:\/\/radiorevelacionfm.cl\/?p=39365&#038;t=Lanzan%20segunda%20fase%20del%20Plan%20Verano%20Seguro%20en%20la%20regi%C3%B3n%20de%20Ays%C3%A9n' aria-hidden='false' data-av_icon='\ue8f3' data-av_iconfont='entypo-fontello' title='' data-avia-related-tooltip='Compartir en Facebook' rel=\"noopener\"><span class='avia_hidden_link_text'>Compartir en Facebook<\/span><\/a><\/li><li class='av-share-link av-social-link-twitter' ><a target=\"_blank\" aria-label=\"Compartir en Twitter\" href='https:\/\/twitter.com\/share?text=Lanzan%20segunda%20fase%20del%20Plan%20Verano%20Seguro%20en%20la%20regi%C3%B3n%20de%20Ays%C3%A9n&#038;url=https:\/\/radiorevelacionfm.cl\/?p=39365' aria-hidden='false' data-av_icon='\ue8f1' data-av_iconfont='entypo-fontello' title='' data-avia-related-tooltip='Compartir en Twitter' rel=\"noopener\"><span class='avia_hidden_link_text'>Compartir en Twitter<\/span><\/a><\/li><li class='av-share-link av-social-link-whatsapp' ><a target=\"_blank\" aria-label=\"Compartir en Whatsapp\" href='https:\/\/api.whatsapp.com\/send?text=https:\/\/radiorevelacionfm.cl\/?p=39365' aria-hidden='false' data-av_icon='\uf232' data-av_iconfont='entypo-fontello' title='' data-avia-related-tooltip='Compartir en Whatsapp' rel=\"noopener\"><span class='avia_hidden_link_text'>Compartir en Whatsapp<\/span><\/a><\/li><li class='av-share-link av-social-link-linkedin' ><a target=\"_blank\" aria-label=\"Compartir en LinkedIn\" href='https:\/\/linkedin.com\/shareArticle?mini=true&#038;title=Lanzan%20segunda%20fase%20del%20Plan%20Verano%20Seguro%20en%20la%20regi%C3%B3n%20de%20Ays%C3%A9n&#038;url=https:\/\/radiorevelacionfm.cl\/?p=39365' aria-hidden='false' data-av_icon='\ue8fc' data-av_iconfont='entypo-fontello' title='' data-avia-related-tooltip='Compartir en LinkedIn' rel=\"noopener\"><span class='avia_hidden_link_text'>Compartir en LinkedIn<\/span><\/a><\/li><li class='av-share-link av-social-link-mail' ><a  aria-label=\"Compartir por correo\" href='mailto:?subject=Lanzan%20segunda%20fase%20del%20Plan%20Verano%20Seguro%20en%20la%20regi%C3%B3n%20de%20Ays%C3%A9n&#038;body=https:\/\/radiorevelacionfm.cl\/?p=39365' aria-hidden='false' data-av_icon='\ue805' data-av_iconfont='entypo-fontello' title='' data-avia-related-tooltip='Compartir por correo'><span class='avia_hidden_link_text'>Compartir por correo<\/span><\/a><\/li><\/ul><\/div><\/div>\n<div  style='height:50px' class='hr hr-invisible   avia-builder-el-8  el_after_av_social_share  el_before_av_comments_list '><span class='hr-inner ' ><span class='hr-inner-style'><\/span><\/span><\/div>\n<div  class='av-buildercomment  av-blog-meta-html-info-disabled av-blog-meta-tag-disabled  '><\/div>\n","protected":false},"excerpt":{"rendered":"","protected":false},"author":1,"featured_media":39366,"comment_status":"open","ping_status":"open","sticky":false,"template":"","format":"standard","meta":{"footnotes":""},"categories":[38],"tags":[],"class_list":["post-39365","post","type-post","status-publish","format-standard","has-post-thumbnail","hentry","category-regional"],"jetpack_featured_media_url":"https:\/\/radiorevelacionfm.cl\/wp-content\/uploads\/2024\/01\/img_0078-1_optimized.jpg","_links":{"self":[{"href":"https:\/\/radiorevelacionfm.cl\/index.php?rest_route=\/wp\/v2\/posts\/39365","targetHints":{"allow":["GET"]}}],"collection":[{"href":"https:\/\/radiorevelacionfm.cl\/index.php?rest_route=\/wp\/v2\/posts"}],"about":[{"href":"https:\/\/radiorevelacionfm.cl\/index.php?rest_route=\/wp\/v2\/types\/post"}],"author":[{"embeddable":true,"href":"https:\/\/radiorevelacionfm.cl\/index.php?rest_route=\/wp\/v2\/users\/1"}],"replies":[{"embeddable":true,"href":"https:\/\/radiorevelacionfm.cl\/index.php?rest_route=%2Fwp%2Fv2%2Fcomments&post=39365"}],"version-history":[{"count":1,"href":"https:\/\/radiorevelacionfm.cl\/index.php?rest_route=\/wp\/v2\/posts\/39365\/revisions"}],"predecessor-version":[{"id":39367,"href":"https:\/\/radiorevelacionfm.cl\/index.php?rest_route=\/wp\/v2\/posts\/39365\/revisions\/39367"}],"wp:featuredmedia":[{"embeddable":true,"href":"https:\/\/radiorevelacionfm.cl\/index.php?rest_route=\/wp\/v2\/media\/39366"}],"wp:attachment":[{"href":"https:\/\/radiorevelacionfm.cl\/index.php?rest_route=%2Fwp%2Fv2%2Fmedia&parent=39365"}],"wp:term":[{"taxonomy":"category","embeddable":true,"href":"https:\/\/radiorevelacionfm.cl\/index.php?rest_route=%2Fwp%2Fv2%2Fcategories&post=39365"},{"taxonomy":"post_tag","embeddable":true,"href":"https:\/\/radiorevelacionfm.cl\/index.php?rest_route=%2Fwp%2Fv2%2Ftags&post=39365"}],"curies":[{"name":"wp","href":"https:\/\/api.w.org\/{rel}","templated":true}]}}