{"id":39361,"date":"2024-01-31T18:21:55","date_gmt":"2024-01-31T21:21:55","guid":{"rendered":"https:\/\/radiorevelacionfm.cl\/?p=39361"},"modified":"2024-01-31T18:21:55","modified_gmt":"2024-01-31T21:21:55","slug":"realizan-reconocimiento-a-hijos-ilustres-y-ciudadanos-destacados-en-puerto-aysen","status":"publish","type":"post","link":"https:\/\/radiorevelacionfm.cl\/?p=39361","title":{"rendered":"Realizan reconocimiento a \u201cHijos Ilustres\u201d y \u201cCiudadanos Destacados\u201d en Puerto Ays\u00e9n"},"content":{"rendered":"<div class=\"flex_column av_one_full  flex_column_div av-zero-column-padding first  avia-builder-el-0  el_before_av_one_full  avia-builder-el-first  \" style='border-radius:0px; '><div  class='avia-image-container  av-styling-    avia-builder-el-1  avia-builder-el-no-sibling  avia-align-center '  itemprop=\"image\" itemscope=\"itemscope\" itemtype=\"https:\/\/schema.org\/ImageObject\"  ><div class='avia-image-container-inner'><div class='avia-image-overlay-wrap'><img decoding=\"async\" class='wp-image-39363 avia-img-lazy-loading-not-39363 avia_image' src=\"https:\/\/radiorevelacionfm.cl\/wp-content\/uploads\/2024\/01\/CEREMONIA-2-1-1-1.jpeg\" alt='' title='CEREMONIA 2 (1) (1) (1)' height=\"600\" width=\"800\"  itemprop=\"thumbnailUrl\" srcset=\"https:\/\/radiorevelacionfm.cl\/wp-content\/uploads\/2024\/01\/CEREMONIA-2-1-1-1.jpeg 800w, https:\/\/radiorevelacionfm.cl\/wp-content\/uploads\/2024\/01\/CEREMONIA-2-1-1-1-300x225.jpeg 300w, https:\/\/radiorevelacionfm.cl\/wp-content\/uploads\/2024\/01\/CEREMONIA-2-1-1-1-768x576.jpeg 768w, https:\/\/radiorevelacionfm.cl\/wp-content\/uploads\/2024\/01\/CEREMONIA-2-1-1-1-705x529.jpeg 705w, https:\/\/radiorevelacionfm.cl\/wp-content\/uploads\/2024\/01\/CEREMONIA-2-1-1-1-450x338.jpeg 450w, https:\/\/radiorevelacionfm.cl\/wp-content\/uploads\/2024\/01\/CEREMONIA-2-1-1-1-600x450.jpeg 600w\" sizes=\"(max-width: 800px) 100vw, 800px\" \/><\/div><\/div><\/div><\/div><div class=\"flex_column av_one_full  flex_column_div av-zero-column-padding first  avia-builder-el-2  el_after_av_one_full  el_before_av_one_full  column-top-margin\" style='border-radius:0px; '><section class=\"av_textblock_section \"  itemscope=\"itemscope\" itemtype=\"https:\/\/schema.org\/BlogPosting\" itemprop=\"blogPost\" ><div class='avia_textblock  '   itemprop=\"text\" ><p style=\"text-align: center;\"><strong><span style=\"font-size: 18pt;\">Realizan reconocimiento a \u201cHijos Ilustres\u201d y \u201cCiudadanos Destacados\u201d en Puerto Ays\u00e9n<\/span><\/strong><\/p>\n<div id=\"gtx-trans\" style=\"position: absolute; left: -50px; top: 4.31534px;\">\n<div class=\"gtx-trans-icon\"><\/div>\n<\/div>\n<\/div><\/section><\/div><div class=\"flex_column av_one_full  flex_column_div av-zero-column-padding first  avia-builder-el-4  el_after_av_one_full  el_before_av_hr  column-top-margin\" style='border-radius:0px; '><section class=\"av_textblock_section \"  itemscope=\"itemscope\" itemtype=\"https:\/\/schema.org\/BlogPosting\" itemprop=\"blogPost\" ><div class='avia_textblock  '   itemprop=\"text\" ><p style=\"text-align: justify;\">Una emotiva ceremonia de Reconocimiento a Hijos Ilustres y Ciudadanos Destacados, se vivi\u00f3 este martes, cuando el Concejo Municipal en pleno, presidido por el alcalde Julio Uribe, distingui\u00f3 a ayseninos y ayseninas, por su contribuci\u00f3n al desarrollo de la ciudad y comuna en diversos \u00e1mbitos.<\/p>\n<p style=\"text-align: justify;\">Cierre del aniversario 96 de Puerto Ays\u00e9n, que fue calificado como un broche de oro, por el propio jefe comunal, Julio Uribe. \u201cEstos 96 a\u00f1os de Puerto Ays\u00e9n, se est\u00e1n cerrando con un broche de oro, con el reconocimiento a nuestras personas destacadas, con nuestros hijos ilustres. Creo que estos momentos son los que, a uno como primera autoridad comunal, lo llenan de orgullo. Reconocerse entre nosotros es de gran importancia, de una humildad generosa y gigantesca\u201d.<\/p>\n<p style=\"text-align: justify;\">En la actividad estuvieron presentes distintas autoridades comunales, provinciales y regionales, como as\u00ed tambi\u00e9n, familiares y personas cercanas a los homenajeados. La Gobernadora, Andrea Mac\u00edas, acompa\u00f1\u00f3 a los ayseninos en esta linda ceremonia y al concluir, se\u00f1al\u00f3. \u201cAgradecer esta hermosa invitaci\u00f3n, en representaci\u00f3n del Gobierno Regional y su Consejo, entregar un cari\u00f1oso saludo y reconocimiento a uno de nuestros y nuestras homenajeadas el d\u00eda de hoy, a sus familias tambi\u00e9n. Creo que son precisamente estas acciones, que permiten reconocernos, tal como se dijo varias veces, en vida\u201d.<\/p>\n<p style=\"text-align: justify;\">Una de las personas obtuvo el reconocimiento como \u201cHijo Ilustre\u201d de Puerto Ays\u00e9n, fue Manuel Barr\u00eda Paredes, abogado, licenciado en Ciencias Jur\u00eddicas y Sociales de la Universidad de Concepci\u00f3n, obteniendo luego un Mag\u00edster en Derecho Privado y Doctor en Derecho de la Pontificia Universidad Cat\u00f3lica.<\/p>\n<p style=\"text-align: justify;\">\u201cPara m\u00ed, constituye un motivo de honor y un verdadero privilegio estar aqu\u00ed el d\u00eda de hoy, compartiendo este momento tan significativo junto a mi familia, junto a mis amigos y a la comunidad de Ays\u00e9n, como es que, se me confiera tan relevante distinci\u00f3n, como es ser nombrado hijo ilustre de nuestra comunidad\u201d.<\/p>\n<p style=\"text-align: justify;\">El reconocido agreg\u00f3 que \u201cestoy disponible para una permanente cooperaci\u00f3n, proponiendo y generando convenios de colaboraci\u00f3n con la instituci\u00f3n de la cual formo parte, mejorando la formaci\u00f3n de nuestros estudiantes, para que quiz\u00e1s, en 20 o 30 a\u00f1os, entreguemos nuevamente la distinci\u00f3n hijo ilustre a otras personas que, al igual que yo, con ganas de aprender y reconocido aysenino, ha podido cumplir sus sue\u00f1os y desarrollarse acad\u00e9mica y profesionalmente\u201d.<\/p>\n<p style=\"text-align: justify;\">La ceremonia fue transmitida por las redes sociales del Municipio, para quienes quieran revivir tan emotivo momento, donde fueron reconocidos como hijos ilustres: Leila C\u00e1rdenas Tavie, Manuel Barr\u00eda Paredes y Mario Gonz\u00e1lez Kappes y como ciudadanos destacados: Luis C\u00e1rcamo Vald\u00e9s, Nelson Barrientos P\u00e9rez, Quint\u00edn B\u00f3rquez Oyarz\u00fan, Eliana Vera Gonz\u00e1lez, H\u00e9ctor Vidal C\u00e1rdenas, Luis Navarro B\u00e1ez, Bernardo Quintana S\u00e1nchez, Boris Pualuan Holmberg, Magdalena Abello M\u00e9ndez, Celia Magaly Mu\u00f1oz, M. Isabel Quintana S\u00e1nchez, Rub\u00ed Ruiz C\u00e1rcamo, Arturo Cort\u00e9s Ojeda y Fabi\u00e1n Riffo Fern\u00e1ndez.<\/p>\n<\/div><\/section><\/div><div  style='height:50px' class='hr hr-invisible   avia-builder-el-6  el_after_av_one_full  el_before_av_social_share '><span class='hr-inner ' ><span class='hr-inner-style'><\/span><\/span><\/div><\/p>\n<div  class='av-social-sharing-box  avia-builder-el-7  el_after_av_hr  el_before_av_hr  '><div class='av-share-box'><h5 class='av-share-link-description av-no-toc '>Compartir esta noticia<\/h5><ul class='av-share-box-list noLightbox'><li class='av-share-link av-social-link-facebook' ><a target=\"_blank\" aria-label=\"Compartir en Facebook\" href='https:\/\/www.facebook.com\/sharer.php?u=https:\/\/radiorevelacionfm.cl\/?p=39361&#038;t=Realizan%20reconocimiento%20a%20%E2%80%9CHijos%20Ilustres%E2%80%9D%20y%20%E2%80%9CCiudadanos%20Destacados%E2%80%9D%20en%20Puerto%20Ays%C3%A9n' aria-hidden='false' data-av_icon='\ue8f3' data-av_iconfont='entypo-fontello' title='' data-avia-related-tooltip='Compartir en Facebook' rel=\"noopener\"><span class='avia_hidden_link_text'>Compartir en Facebook<\/span><\/a><\/li><li class='av-share-link av-social-link-twitter' ><a target=\"_blank\" aria-label=\"Compartir en Twitter\" href='https:\/\/twitter.com\/share?text=Realizan%20reconocimiento%20a%20%E2%80%9CHijos%20Ilustres%E2%80%9D%20y%20%E2%80%9CCiudadanos%20Destacados%E2%80%9D%20en%20Puerto%20Ays%C3%A9n&#038;url=https:\/\/radiorevelacionfm.cl\/?p=39361' aria-hidden='false' data-av_icon='\ue8f1' data-av_iconfont='entypo-fontello' title='' data-avia-related-tooltip='Compartir en Twitter' rel=\"noopener\"><span class='avia_hidden_link_text'>Compartir en Twitter<\/span><\/a><\/li><li class='av-share-link av-social-link-whatsapp' ><a target=\"_blank\" aria-label=\"Compartir en Whatsapp\" href='https:\/\/api.whatsapp.com\/send?text=https:\/\/radiorevelacionfm.cl\/?p=39361' aria-hidden='false' data-av_icon='\uf232' data-av_iconfont='entypo-fontello' title='' data-avia-related-tooltip='Compartir en Whatsapp' rel=\"noopener\"><span class='avia_hidden_link_text'>Compartir en Whatsapp<\/span><\/a><\/li><li class='av-share-link av-social-link-linkedin' ><a target=\"_blank\" aria-label=\"Compartir en LinkedIn\" href='https:\/\/linkedin.com\/shareArticle?mini=true&#038;title=Realizan%20reconocimiento%20a%20%E2%80%9CHijos%20Ilustres%E2%80%9D%20y%20%E2%80%9CCiudadanos%20Destacados%E2%80%9D%20en%20Puerto%20Ays%C3%A9n&#038;url=https:\/\/radiorevelacionfm.cl\/?p=39361' aria-hidden='false' data-av_icon='\ue8fc' data-av_iconfont='entypo-fontello' title='' data-avia-related-tooltip='Compartir en LinkedIn' rel=\"noopener\"><span class='avia_hidden_link_text'>Compartir en LinkedIn<\/span><\/a><\/li><li class='av-share-link av-social-link-mail' ><a  aria-label=\"Compartir por correo\" href='mailto:?subject=Realizan%20reconocimiento%20a%20%E2%80%9CHijos%20Ilustres%E2%80%9D%20y%20%E2%80%9CCiudadanos%20Destacados%E2%80%9D%20en%20Puerto%20Ays%C3%A9n&#038;body=https:\/\/radiorevelacionfm.cl\/?p=39361' aria-hidden='false' data-av_icon='\ue805' data-av_iconfont='entypo-fontello' title='' data-avia-related-tooltip='Compartir por correo'><span class='avia_hidden_link_text'>Compartir por correo<\/span><\/a><\/li><\/ul><\/div><\/div>\n<div  style='height:50px' class='hr hr-invisible   avia-builder-el-8  el_after_av_social_share  el_before_av_comments_list '><span class='hr-inner ' ><span class='hr-inner-style'><\/span><\/span><\/div>\n<div  class='av-buildercomment  av-blog-meta-html-info-disabled av-blog-meta-tag-disabled  '><\/div>\n","protected":false},"excerpt":{"rendered":"","protected":false},"author":1,"featured_media":39363,"comment_status":"open","ping_status":"open","sticky":false,"template":"","format":"standard","meta":{"footnotes":""},"categories":[38],"tags":[],"class_list":["post-39361","post","type-post","status-publish","format-standard","has-post-thumbnail","hentry","category-regional"],"jetpack_featured_media_url":"https:\/\/radiorevelacionfm.cl\/wp-content\/uploads\/2024\/01\/CEREMONIA-2-1-1-1.jpeg","_links":{"self":[{"href":"https:\/\/radiorevelacionfm.cl\/index.php?rest_route=\/wp\/v2\/posts\/39361","targetHints":{"allow":["GET"]}}],"collection":[{"href":"https:\/\/radiorevelacionfm.cl\/index.php?rest_route=\/wp\/v2\/posts"}],"about":[{"href":"https:\/\/radiorevelacionfm.cl\/index.php?rest_route=\/wp\/v2\/types\/post"}],"author":[{"embeddable":true,"href":"https:\/\/radiorevelacionfm.cl\/index.php?rest_route=\/wp\/v2\/users\/1"}],"replies":[{"embeddable":true,"href":"https:\/\/radiorevelacionfm.cl\/index.php?rest_route=%2Fwp%2Fv2%2Fcomments&post=39361"}],"version-history":[{"count":1,"href":"https:\/\/radiorevelacionfm.cl\/index.php?rest_route=\/wp\/v2\/posts\/39361\/revisions"}],"predecessor-version":[{"id":39364,"href":"https:\/\/radiorevelacionfm.cl\/index.php?rest_route=\/wp\/v2\/posts\/39361\/revisions\/39364"}],"wp:featuredmedia":[{"embeddable":true,"href":"https:\/\/radiorevelacionfm.cl\/index.php?rest_route=\/wp\/v2\/media\/39363"}],"wp:attachment":[{"href":"https:\/\/radiorevelacionfm.cl\/index.php?rest_route=%2Fwp%2Fv2%2Fmedia&parent=39361"}],"wp:term":[{"taxonomy":"category","embeddable":true,"href":"https:\/\/radiorevelacionfm.cl\/index.php?rest_route=%2Fwp%2Fv2%2Fcategories&post=39361"},{"taxonomy":"post_tag","embeddable":true,"href":"https:\/\/radiorevelacionfm.cl\/index.php?rest_route=%2Fwp%2Fv2%2Ftags&post=39361"}],"curies":[{"name":"wp","href":"https:\/\/api.w.org\/{rel}","templated":true}]}}