{"id":3936,"date":"2021-05-09T15:20:41","date_gmt":"2021-05-09T18:20:41","guid":{"rendered":"https:\/\/radiorevelacionfm.cl\/?p=3936"},"modified":"2021-05-09T15:24:31","modified_gmt":"2021-05-09T18:24:31","slug":"pdi-orienta-a-ciudadanos-extranjeros-residentes-de-melinka-sobre-nueva-ley-de-migraciones","status":"publish","type":"post","link":"https:\/\/radiorevelacionfm.cl\/?p=3936","title":{"rendered":"PDI orienta a ciudadanos extranjeros residentes de Melinka sobre nueva Ley de Migraciones"},"content":{"rendered":"<div class=\"flex_column av_one_full  flex_column_div av-zero-column-padding first  avia-builder-el-0  el_before_av_one_full  avia-builder-el-first  \" style='border-radius:0px; '><div  class='avia-image-container  av-styling-    avia-builder-el-1  avia-builder-el-no-sibling  avia-align-center '  itemprop=\"image\" itemscope=\"itemscope\" itemtype=\"https:\/\/schema.org\/ImageObject\"  ><div class='avia-image-container-inner'><div class='avia-image-overlay-wrap'><img decoding=\"async\" class='wp-image-0 avia-img-lazy-loading-not-0 avia_image' src=\"https:\/\/radiorevelacionfm.cl\/wp-content\/uploads\/2021\/05\/charla-migraciones-melinka-003_optimized.jpeg\" alt='' title=''   itemprop=\"thumbnailUrl\"  \/><\/div><\/div><\/div><\/div><div class=\"flex_column av_one_full  flex_column_div av-zero-column-padding first  avia-builder-el-2  el_after_av_one_full  el_before_av_one_full  column-top-margin\" style='border-radius:0px; '><section class=\"av_textblock_section \"  itemscope=\"itemscope\" itemtype=\"https:\/\/schema.org\/BlogPosting\" itemprop=\"blogPost\" ><div class='avia_textblock  '   itemprop=\"text\" ><p style=\"text-align: center;\"><span style=\"font-size: 18pt;\"><strong>PDI orienta a ciudadanos extranjeros residentes de Melinka sobre nueva Ley de Migraciones <\/strong><\/span><\/p>\n<div id=\"gtx-trans\" style=\"position: absolute; left: -50px; top: 4.31534px;\">\n<div class=\"gtx-trans-icon\"><\/div>\n<\/div>\n<\/div><\/section><\/div><div class=\"flex_column av_one_full  flex_column_div av-zero-column-padding first  avia-builder-el-4  el_after_av_one_full  el_before_av_hr  column-top-margin\" style='border-radius:0px; '><section class=\"av_textblock_section \"  itemscope=\"itemscope\" itemtype=\"https:\/\/schema.org\/BlogPosting\" itemprop=\"blogPost\" ><div class='avia_textblock  '   itemprop=\"text\" ><p style=\"text-align: justify;\">Con el fin de informar sobre los alcances de la promulgaci\u00f3n de la nueva Ley de Migraciones, detectives de la Secci\u00f3n de Migraciones y Polic\u00eda Internacional Ays\u00e9n, en coordinaci\u00f3n con la Municipalidad de Guaitecas, realizaron una capacitaci\u00f3n orientada a los ciudadanos extranjeros que habitan en la localidad de Melinka.<\/p>\n<p style=\"text-align: justify;\">De acuerdo a lo indicado por el subcomisario Hans Suazo, jefe de la Secci\u00f3n Migraciones Ays\u00e9n, \u201cesta capacitaci\u00f3n conjunta con la municipalidad tuvo como finalidad dar a conocer el proceso de regularizaci\u00f3n extraordinario que se est\u00e1 llevando a cabo a partir de la promulgaci\u00f3n de la Ley N\u00b021.325 de Migraci\u00f3n y Extranjer\u00eda\u201d, esto para poner en conocimiento de los migrantes las condiciones que establece el marco normativo para la regularizaci\u00f3n. \u201cAsimismo, verificar en terreno la situaci\u00f3n de los ciudadanos extranjeros que se encuentran residiendo en la localidad\u201d, agreg\u00f3 el subcomisario Suazo.<\/p>\n<p style=\"text-align: justify;\">Esta jornada logr\u00f3 gestarse gracias a la coordinaci\u00f3n realizada en anteriores servicios especiales realizados por la Prefectura Provincial Ays\u00e9n en la zona, donde los equipos especializados del \u00e1rea de migraciones pudieron evaluar y analizar la realidad frente al fen\u00f3meno en la localidad de Melinka. En ese sentido, gracias a las reuniones sostenidas con el alcalde (s) de Guaitecas, Enrique Higueras, se pudo concretar esta iniciativa para entregar toda la informaci\u00f3n sobre el proceso de regulaci\u00f3n a los ciudadanos migrantes que habitan en la localidad.<\/p>\n<p style=\"text-align: justify;\">\u201cEsta actividad tuvo bastante participaci\u00f3n de extranjeros, quienes manten\u00edan varias dudas respecto a c\u00f3mo regularizar su situaci\u00f3n\u201d, puntualiz\u00f3 el jefe de la unidad especializada.<\/p>\n<p style=\"text-align: justify;\">Cabe destacar que el proceso de regularizaci\u00f3n contempla diversos requisitos para postular a la obtenci\u00f3n de la visa temporaria para aquellos extranjeros que hayan ingresado al territorio nacional por pasos habilitados y regula la salida o egreso del territorio nacional sin sanci\u00f3n ni prohibici\u00f3n de ingreso al pa\u00eds para aquellos extranjeros que hayan ingresado al territorio nacional por pasos no habilitados.<\/p>\n<p style=\"text-align: justify;\">Por otro lado, respecto a c\u00f3mo asegurar una migraci\u00f3n responsable, el subcomisario Suazo se\u00f1al\u00f3 que \u201cbuscamos garantizar un proceso migratorio desde una perspectiva segura, ordenada y regular, tal como lo establece la nueva ley, educando a los ciudadanos extranjeros sobre nuestra labor como PDI en el control migratorio y fiscalizaci\u00f3n de extranjeros\u201d.<\/p>\n<p style=\"text-align: justify;\">Finalmente, el jefe de la unidad realiz\u00f3 un llamado a los ciudadanos extranjeros de las distintas localidades a nivel regional que no mantengan su situaci\u00f3n al d\u00eda o que no sepan c\u00f3mo realizar sus tr\u00e1mites a \u201cacercarse al cuartel policial de la PDI m\u00e1s cercano para informarse y actualizar su informaci\u00f3n personal en los plazos establecidos para evitar caer en irregularidades\u201d.<\/p>\n<\/div><\/section><\/div><div  style='height:50px' class='hr hr-invisible   avia-builder-el-6  el_after_av_one_full  el_before_av_social_share '><span class='hr-inner ' ><span class='hr-inner-style'><\/span><\/span><\/div><\/p>\n<div  class='av-social-sharing-box  avia-builder-el-7  el_after_av_hr  el_before_av_hr  '><div class='av-share-box'><h5 class='av-share-link-description av-no-toc '>Compartir esta noticia<\/h5><ul class='av-share-box-list noLightbox'><li class='av-share-link av-social-link-facebook' ><a target=\"_blank\" aria-label=\"Compartir en Facebook\" href='https:\/\/www.facebook.com\/sharer.php?u=https:\/\/radiorevelacionfm.cl\/?p=3936&#038;t=PDI%20orienta%20a%20ciudadanos%20extranjeros%20residentes%20de%20Melinka%20sobre%20nueva%20Ley%20de%20Migraciones' aria-hidden='false' data-av_icon='\ue8f3' data-av_iconfont='entypo-fontello' title='' data-avia-related-tooltip='Compartir en Facebook' rel=\"noopener\"><span class='avia_hidden_link_text'>Compartir en Facebook<\/span><\/a><\/li><li class='av-share-link av-social-link-twitter' ><a target=\"_blank\" aria-label=\"Compartir en Twitter\" href='https:\/\/twitter.com\/share?text=PDI%20orienta%20a%20ciudadanos%20extranjeros%20residentes%20de%20Melinka%20sobre%20nueva%20Ley%20de%20Migraciones&#038;url=https:\/\/radiorevelacionfm.cl\/?p=3936' aria-hidden='false' data-av_icon='\ue8f1' data-av_iconfont='entypo-fontello' title='' data-avia-related-tooltip='Compartir en Twitter' rel=\"noopener\"><span class='avia_hidden_link_text'>Compartir en Twitter<\/span><\/a><\/li><li class='av-share-link av-social-link-whatsapp' ><a target=\"_blank\" aria-label=\"Compartir en Whatsapp\" href='https:\/\/api.whatsapp.com\/send?text=https:\/\/radiorevelacionfm.cl\/?p=3936' aria-hidden='false' data-av_icon='\uf232' data-av_iconfont='entypo-fontello' title='' data-avia-related-tooltip='Compartir en Whatsapp' rel=\"noopener\"><span class='avia_hidden_link_text'>Compartir en Whatsapp<\/span><\/a><\/li><li class='av-share-link av-social-link-linkedin' ><a target=\"_blank\" aria-label=\"Compartir en LinkedIn\" href='https:\/\/linkedin.com\/shareArticle?mini=true&#038;title=PDI%20orienta%20a%20ciudadanos%20extranjeros%20residentes%20de%20Melinka%20sobre%20nueva%20Ley%20de%20Migraciones&#038;url=https:\/\/radiorevelacionfm.cl\/?p=3936' aria-hidden='false' data-av_icon='\ue8fc' data-av_iconfont='entypo-fontello' title='' data-avia-related-tooltip='Compartir en LinkedIn' rel=\"noopener\"><span class='avia_hidden_link_text'>Compartir en LinkedIn<\/span><\/a><\/li><li class='av-share-link av-social-link-mail' ><a  aria-label=\"Compartir por correo\" href='mailto:?subject=PDI%20orienta%20a%20ciudadanos%20extranjeros%20residentes%20de%20Melinka%20sobre%20nueva%20Ley%20de%20Migraciones&#038;body=https:\/\/radiorevelacionfm.cl\/?p=3936' aria-hidden='false' data-av_icon='\ue805' data-av_iconfont='entypo-fontello' title='' data-avia-related-tooltip='Compartir por correo'><span class='avia_hidden_link_text'>Compartir por correo<\/span><\/a><\/li><\/ul><\/div><\/div>\n<div  style='height:50px' class='hr hr-invisible   avia-builder-el-8  el_after_av_social_share  el_before_av_comments_list '><span class='hr-inner ' ><span class='hr-inner-style'><\/span><\/span><\/div>\n<div  class='av-buildercomment  av-blog-meta-html-info-disabled av-blog-meta-tag-disabled  '><\/div>\n","protected":false},"excerpt":{"rendered":"","protected":false},"author":1,"featured_media":0,"comment_status":"open","ping_status":"open","sticky":false,"template":"","format":"standard","meta":{"footnotes":""},"categories":[36],"tags":[],"class_list":["post-3936","post","type-post","status-publish","format-standard","hentry","category-policial"],"jetpack_featured_media_url":"","_links":{"self":[{"href":"https:\/\/radiorevelacionfm.cl\/index.php?rest_route=\/wp\/v2\/posts\/3936","targetHints":{"allow":["GET"]}}],"collection":[{"href":"https:\/\/radiorevelacionfm.cl\/index.php?rest_route=\/wp\/v2\/posts"}],"about":[{"href":"https:\/\/radiorevelacionfm.cl\/index.php?rest_route=\/wp\/v2\/types\/post"}],"author":[{"embeddable":true,"href":"https:\/\/radiorevelacionfm.cl\/index.php?rest_route=\/wp\/v2\/users\/1"}],"replies":[{"embeddable":true,"href":"https:\/\/radiorevelacionfm.cl\/index.php?rest_route=%2Fwp%2Fv2%2Fcomments&post=3936"}],"version-history":[{"count":1,"href":"https:\/\/radiorevelacionfm.cl\/index.php?rest_route=\/wp\/v2\/posts\/3936\/revisions"}],"predecessor-version":[{"id":3938,"href":"https:\/\/radiorevelacionfm.cl\/index.php?rest_route=\/wp\/v2\/posts\/3936\/revisions\/3938"}],"wp:attachment":[{"href":"https:\/\/radiorevelacionfm.cl\/index.php?rest_route=%2Fwp%2Fv2%2Fmedia&parent=3936"}],"wp:term":[{"taxonomy":"category","embeddable":true,"href":"https:\/\/radiorevelacionfm.cl\/index.php?rest_route=%2Fwp%2Fv2%2Fcategories&post=3936"},{"taxonomy":"post_tag","embeddable":true,"href":"https:\/\/radiorevelacionfm.cl\/index.php?rest_route=%2Fwp%2Fv2%2Ftags&post=3936"}],"curies":[{"name":"wp","href":"https:\/\/api.w.org\/{rel}","templated":true}]}}