{"id":39358,"date":"2024-01-31T18:06:51","date_gmt":"2024-01-31T21:06:51","guid":{"rendered":"https:\/\/radiorevelacionfm.cl\/?p=39358"},"modified":"2024-01-31T18:06:51","modified_gmt":"2024-01-31T21:06:51","slug":"carabineros-desarrollo-multiples-controles-y-fiscalizacion-tras-cierre-de-actividades-por-96-aniversario-de-la-comuna-de-aysen","status":"publish","type":"post","link":"https:\/\/radiorevelacionfm.cl\/?p=39358","title":{"rendered":"Carabineros desarroll\u00f3 m\u00faltiples controles y fiscalizaci\u00f3n tras cierre de actividades por 96 aniversario de la Comuna de Ays\u00e9n"},"content":{"rendered":"<div class=\"flex_column av_one_full  flex_column_div av-zero-column-padding first  avia-builder-el-0  el_before_av_one_full  avia-builder-el-first  \" style='border-radius:0px; '><div  class='avia-image-container  av-styling-    avia-builder-el-1  avia-builder-el-no-sibling  avia-align-center '  itemprop=\"image\" itemscope=\"itemscope\" itemtype=\"https:\/\/schema.org\/ImageObject\"  ><div class='avia-image-container-inner'><div class='avia-image-overlay-wrap'><img decoding=\"async\" class='wp-image-39359 avia-img-lazy-loading-not-39359 avia_image' src=\"https:\/\/radiorevelacionfm.cl\/wp-content\/uploads\/2024\/01\/gfdazfkwcaage6t-1_optimized-1.jpg\" alt='' title='gfdazfkwcaage6t-(1)_optimized (1)' height=\"600\" width=\"1285\"  itemprop=\"thumbnailUrl\" srcset=\"https:\/\/radiorevelacionfm.cl\/wp-content\/uploads\/2024\/01\/gfdazfkwcaage6t-1_optimized-1.jpg 1285w, https:\/\/radiorevelacionfm.cl\/wp-content\/uploads\/2024\/01\/gfdazfkwcaage6t-1_optimized-1-300x140.jpg 300w, https:\/\/radiorevelacionfm.cl\/wp-content\/uploads\/2024\/01\/gfdazfkwcaage6t-1_optimized-1-1030x481.jpg 1030w, https:\/\/radiorevelacionfm.cl\/wp-content\/uploads\/2024\/01\/gfdazfkwcaage6t-1_optimized-1-768x359.jpg 768w, https:\/\/radiorevelacionfm.cl\/wp-content\/uploads\/2024\/01\/gfdazfkwcaage6t-1_optimized-1-705x329.jpg 705w, https:\/\/radiorevelacionfm.cl\/wp-content\/uploads\/2024\/01\/gfdazfkwcaage6t-1_optimized-1-450x210.jpg 450w, https:\/\/radiorevelacionfm.cl\/wp-content\/uploads\/2024\/01\/gfdazfkwcaage6t-1_optimized-1-600x280.jpg 600w\" sizes=\"(max-width: 1285px) 100vw, 1285px\" \/><\/div><\/div><\/div><\/div><div class=\"flex_column av_one_full  flex_column_div av-zero-column-padding first  avia-builder-el-2  el_after_av_one_full  el_before_av_one_full  column-top-margin\" style='border-radius:0px; '><section class=\"av_textblock_section \"  itemscope=\"itemscope\" itemtype=\"https:\/\/schema.org\/BlogPosting\" itemprop=\"blogPost\" ><div class='avia_textblock  '   itemprop=\"text\" ><p style=\"text-align: center;\"><span style=\"font-size: 18pt;\"><b>Carabineros desarroll\u00f3 m\u00faltiples controles y fiscalizaci\u00f3n tras cierre de actividades por 96 aniversario de la Comuna de Ays\u00e9n<\/b><\/span><\/p>\n<div id=\"gtx-trans\" style=\"position: absolute; left: -50px; top: 4.31534px;\">\n<div class=\"gtx-trans-icon\"><\/div>\n<\/div>\n<\/div><\/section><\/div><div class=\"flex_column av_one_full  flex_column_div av-zero-column-padding first  avia-builder-el-4  el_after_av_one_full  el_before_av_hr  column-top-margin\" style='border-radius:0px; '><section class=\"av_textblock_section \"  itemscope=\"itemscope\" itemtype=\"https:\/\/schema.org\/BlogPosting\" itemprop=\"blogPost\" ><div class='avia_textblock  '   itemprop=\"text\" ><div>\n<p style=\"text-align: justify;\">Un servicio especial que contempl\u00f3 un amplio despliegue de Carabineros de dotaci\u00f3n de la 2da Comisar\u00eda de Puerto Ays\u00e9n con apoyo de la 5ta Comisar\u00eda de Control de Orden P\u00fablico, Carabineros reforz\u00f3 la seguridad durante las diversas actividades desarrolladas en la comuna de Ays\u00e9n, en el contexto del 96 aniversario.<\/p>\n<p style=\"text-align: justify;\">El Comisario de esta ciudad, Capit\u00e1n Patricio Parada Cerda indic\u00f3 que Carabineros efectu\u00f3 m\u00faltiples controles vehiculares, as\u00ed como de identidad preventivo tanto en el sector parque municipal Isla D\u00edaz como en los alrededores del recinto ubicado a pasos de la Plaza de Armas y a un costado del R\u00edo Ays\u00e9n.<\/p>\n<p style=\"text-align: justify;\">\u00abHubo tambi\u00e9n bastantes infracciones al tr\u00e1nsito y de alcohol -ya sea por consumo de alcohol en la v\u00eda p\u00fablica, como por ebriedad. Tambi\u00e9n se logr\u00f3 la detenci\u00f3n de algunas personas por orden de detenci\u00f3n vigente, quienes fueron puestos a disposici\u00f3n del Tribunal competente, como tambi\u00e9n de una persona quien -en estado de ebriedad- caus\u00f3 lesiones al interior de dicho parque\u00bb, expres\u00f3 el Capit\u00e1n Parada.<\/p>\n<p style=\"text-align: justify;\">En esta misma l\u00ednea, recientemente Carabineros de Puerto Ays\u00e9n control\u00f3 a un grupo de personas tras una alerta por ingesta de alcohol en la v\u00eda p\u00fablica, ocasi\u00f3n en que uno de los sujetos fue detenido al tratarse de un pr\u00f3fugo de la justicia quien era requerido por porte de arma cortante, quien registra 22 reiteraciones previas por diversos delitos.<\/p>\n<p style=\"text-align: justify;\">El Oficial subalterno indic\u00f3 que al margen de lo anterior, se trat\u00f3 de actividades de car\u00e1cter familiar, donde el p\u00fablico tuvo un comportamiento ejemplar que les permiti\u00f3 disfrutar de los distintos espect\u00e1culos y presentaciones contempladas en el cierre del mes aniversario.<\/p>\n<p style=\"text-align: justify;\"><b>Prevenci\u00f3n en \u00e9poca estival<\/b><\/p>\n<p style=\"text-align: justify;\">Carabineros mantiene el desarrollo de patrullajes orientados a brindar m\u00e1s seguridad tanto a residentes como a quienes visitan la comuna, reforzando igualmente el llamado a la prevenci\u00f3n especialmente a los padres, con la finalidad de no perder de vista sus hijos y evitar tragedias al momento de ingresar a r\u00edos y lagos.<\/p>\n<p style=\"text-align: justify;\">Paralelamente, la Instituci\u00f3n reiter\u00f3 el llamado a una conducta responsable, evitar hacer fogatas en zonas prohibidas, no arrojar colillas de cigarros encendidas sobre la vegetaci\u00f3n, as\u00ed como tampoco manipular fuentes de calor o herramientas que arrojen chispas o elementos incandescentes.<\/p>\n<p style=\"text-align: justify;\">En Chile el 99,7% de los incendios forestales tienen un origen humano, es responsabilidad de todos prevenirlos.<\/p>\n<\/div>\n<div style=\"text-align: justify;\"><\/div>\n<\/div><\/section><\/div><div  style='height:50px' class='hr hr-invisible   avia-builder-el-6  el_after_av_one_full  el_before_av_social_share '><span class='hr-inner ' ><span class='hr-inner-style'><\/span><\/span><\/div><\/p>\n<div  class='av-social-sharing-box  avia-builder-el-7  el_after_av_hr  el_before_av_hr  '><div class='av-share-box'><h5 class='av-share-link-description av-no-toc '>Compartir esta noticia<\/h5><ul class='av-share-box-list noLightbox'><li class='av-share-link av-social-link-facebook' ><a target=\"_blank\" aria-label=\"Compartir en Facebook\" href='https:\/\/www.facebook.com\/sharer.php?u=https:\/\/radiorevelacionfm.cl\/?p=39358&#038;t=Carabineros%20desarroll%C3%B3%20m%C3%BAltiples%20controles%20y%20fiscalizaci%C3%B3n%20tras%20cierre%20de%20actividades%20por%2096%20aniversario%20de%20la%20Comuna%20de%20Ays%C3%A9n' aria-hidden='false' data-av_icon='\ue8f3' data-av_iconfont='entypo-fontello' title='' data-avia-related-tooltip='Compartir en Facebook' rel=\"noopener\"><span class='avia_hidden_link_text'>Compartir en Facebook<\/span><\/a><\/li><li class='av-share-link av-social-link-twitter' ><a target=\"_blank\" aria-label=\"Compartir en Twitter\" href='https:\/\/twitter.com\/share?text=Carabineros%20desarroll%C3%B3%20m%C3%BAltiples%20controles%20y%20fiscalizaci%C3%B3n%20tras%20cierre%20de%20actividades%20por%2096%20aniversario%20de%20la%20Comuna%20de%20Ays%C3%A9n&#038;url=https:\/\/radiorevelacionfm.cl\/?p=39358' aria-hidden='false' data-av_icon='\ue8f1' data-av_iconfont='entypo-fontello' title='' data-avia-related-tooltip='Compartir en Twitter' rel=\"noopener\"><span class='avia_hidden_link_text'>Compartir en Twitter<\/span><\/a><\/li><li class='av-share-link av-social-link-whatsapp' ><a target=\"_blank\" aria-label=\"Compartir en Whatsapp\" href='https:\/\/api.whatsapp.com\/send?text=https:\/\/radiorevelacionfm.cl\/?p=39358' aria-hidden='false' data-av_icon='\uf232' data-av_iconfont='entypo-fontello' title='' data-avia-related-tooltip='Compartir en Whatsapp' rel=\"noopener\"><span class='avia_hidden_link_text'>Compartir en Whatsapp<\/span><\/a><\/li><li class='av-share-link av-social-link-linkedin' ><a target=\"_blank\" aria-label=\"Compartir en LinkedIn\" href='https:\/\/linkedin.com\/shareArticle?mini=true&#038;title=Carabineros%20desarroll%C3%B3%20m%C3%BAltiples%20controles%20y%20fiscalizaci%C3%B3n%20tras%20cierre%20de%20actividades%20por%2096%20aniversario%20de%20la%20Comuna%20de%20Ays%C3%A9n&#038;url=https:\/\/radiorevelacionfm.cl\/?p=39358' aria-hidden='false' data-av_icon='\ue8fc' data-av_iconfont='entypo-fontello' title='' data-avia-related-tooltip='Compartir en LinkedIn' rel=\"noopener\"><span class='avia_hidden_link_text'>Compartir en LinkedIn<\/span><\/a><\/li><li class='av-share-link av-social-link-mail' ><a  aria-label=\"Compartir por correo\" href='mailto:?subject=Carabineros%20desarroll%C3%B3%20m%C3%BAltiples%20controles%20y%20fiscalizaci%C3%B3n%20tras%20cierre%20de%20actividades%20por%2096%20aniversario%20de%20la%20Comuna%20de%20Ays%C3%A9n&#038;body=https:\/\/radiorevelacionfm.cl\/?p=39358' aria-hidden='false' data-av_icon='\ue805' data-av_iconfont='entypo-fontello' title='' data-avia-related-tooltip='Compartir por correo'><span class='avia_hidden_link_text'>Compartir por correo<\/span><\/a><\/li><\/ul><\/div><\/div>\n<div  style='height:50px' class='hr hr-invisible   avia-builder-el-8  el_after_av_social_share  el_before_av_comments_list '><span class='hr-inner ' ><span class='hr-inner-style'><\/span><\/span><\/div>\n<div  class='av-buildercomment  av-blog-meta-html-info-disabled av-blog-meta-tag-disabled  '><\/div>\n","protected":false},"excerpt":{"rendered":"","protected":false},"author":1,"featured_media":39359,"comment_status":"open","ping_status":"open","sticky":false,"template":"","format":"standard","meta":{"footnotes":""},"categories":[36],"tags":[],"class_list":["post-39358","post","type-post","status-publish","format-standard","has-post-thumbnail","hentry","category-policial"],"jetpack_featured_media_url":"https:\/\/radiorevelacionfm.cl\/wp-content\/uploads\/2024\/01\/gfdazfkwcaage6t-1_optimized-1.jpg","_links":{"self":[{"href":"https:\/\/radiorevelacionfm.cl\/index.php?rest_route=\/wp\/v2\/posts\/39358","targetHints":{"allow":["GET"]}}],"collection":[{"href":"https:\/\/radiorevelacionfm.cl\/index.php?rest_route=\/wp\/v2\/posts"}],"about":[{"href":"https:\/\/radiorevelacionfm.cl\/index.php?rest_route=\/wp\/v2\/types\/post"}],"author":[{"embeddable":true,"href":"https:\/\/radiorevelacionfm.cl\/index.php?rest_route=\/wp\/v2\/users\/1"}],"replies":[{"embeddable":true,"href":"https:\/\/radiorevelacionfm.cl\/index.php?rest_route=%2Fwp%2Fv2%2Fcomments&post=39358"}],"version-history":[{"count":1,"href":"https:\/\/radiorevelacionfm.cl\/index.php?rest_route=\/wp\/v2\/posts\/39358\/revisions"}],"predecessor-version":[{"id":39360,"href":"https:\/\/radiorevelacionfm.cl\/index.php?rest_route=\/wp\/v2\/posts\/39358\/revisions\/39360"}],"wp:featuredmedia":[{"embeddable":true,"href":"https:\/\/radiorevelacionfm.cl\/index.php?rest_route=\/wp\/v2\/media\/39359"}],"wp:attachment":[{"href":"https:\/\/radiorevelacionfm.cl\/index.php?rest_route=%2Fwp%2Fv2%2Fmedia&parent=39358"}],"wp:term":[{"taxonomy":"category","embeddable":true,"href":"https:\/\/radiorevelacionfm.cl\/index.php?rest_route=%2Fwp%2Fv2%2Fcategories&post=39358"},{"taxonomy":"post_tag","embeddable":true,"href":"https:\/\/radiorevelacionfm.cl\/index.php?rest_route=%2Fwp%2Fv2%2Ftags&post=39358"}],"curies":[{"name":"wp","href":"https:\/\/api.w.org\/{rel}","templated":true}]}}