{"id":39355,"date":"2024-02-01T10:19:54","date_gmt":"2024-02-01T13:19:54","guid":{"rendered":"https:\/\/radiorevelacionfm.cl\/?p=39355"},"modified":"2024-02-01T10:19:54","modified_gmt":"2024-02-01T13:19:54","slug":"edelaysen-compromete-conexion-electrica-en-minga-solidaria-durante-fiesta-del-pescao-frito-en-puerto-cisnes","status":"publish","type":"post","link":"https:\/\/radiorevelacionfm.cl\/?p=39355","title":{"rendered":"Edelaysen compromete conexi\u00f3n el\u00e9ctrica en minga solidaria durante Fiesta del Pesca&#8217;o Frito en Puerto Cisnes"},"content":{"rendered":"<div class=\"flex_column av_one_full  flex_column_div av-zero-column-padding first  avia-builder-el-0  el_before_av_one_full  avia-builder-el-first  \" style='border-radius:0px; '><div  class='avia-image-container  av-styling-    avia-builder-el-1  avia-builder-el-no-sibling  avia-align-center '  itemprop=\"image\" itemscope=\"itemscope\" itemtype=\"https:\/\/schema.org\/ImageObject\"  ><div class='avia-image-container-inner'><div class='avia-image-overlay-wrap'><img decoding=\"async\" class='wp-image-39356 avia-img-lazy-loading-not-39356 avia_image' src=\"https:\/\/radiorevelacionfm.cl\/wp-content\/uploads\/2024\/01\/minga-cisnense1-1_optimized-1.jpeg\" alt='' title='minga-cisnense1-(1)_optimized (1)' height=\"600\" width=\"800\"  itemprop=\"thumbnailUrl\" srcset=\"https:\/\/radiorevelacionfm.cl\/wp-content\/uploads\/2024\/01\/minga-cisnense1-1_optimized-1.jpeg 800w, https:\/\/radiorevelacionfm.cl\/wp-content\/uploads\/2024\/01\/minga-cisnense1-1_optimized-1-300x225.jpeg 300w, https:\/\/radiorevelacionfm.cl\/wp-content\/uploads\/2024\/01\/minga-cisnense1-1_optimized-1-768x576.jpeg 768w, https:\/\/radiorevelacionfm.cl\/wp-content\/uploads\/2024\/01\/minga-cisnense1-1_optimized-1-705x529.jpeg 705w, https:\/\/radiorevelacionfm.cl\/wp-content\/uploads\/2024\/01\/minga-cisnense1-1_optimized-1-450x338.jpeg 450w, https:\/\/radiorevelacionfm.cl\/wp-content\/uploads\/2024\/01\/minga-cisnense1-1_optimized-1-600x450.jpeg 600w\" sizes=\"(max-width: 800px) 100vw, 800px\" \/><\/div><\/div><\/div><\/div><div class=\"flex_column av_one_full  flex_column_div av-zero-column-padding first  avia-builder-el-2  el_after_av_one_full  el_before_av_one_full  column-top-margin\" style='border-radius:0px; '><section class=\"av_textblock_section \"  itemscope=\"itemscope\" itemtype=\"https:\/\/schema.org\/BlogPosting\" itemprop=\"blogPost\" ><div class='avia_textblock  '   itemprop=\"text\" ><p style=\"text-align: center;\"><strong><span style=\"font-size: 18pt;\">Edelaysen compromete conexi\u00f3n el\u00e9ctrica en minga solidaria durante Fiesta del Pesca&#8217;o Frito en Puerto Cisnes<\/span><\/strong><\/p>\n<div id=\"gtx-trans\" style=\"position: absolute; left: -50px; top: 4.31534px;\">\n<div class=\"gtx-trans-icon\"><\/div>\n<\/div>\n<\/div><\/section><\/div><div class=\"flex_column av_one_full  flex_column_div av-zero-column-padding first  avia-builder-el-4  el_after_av_one_full  el_before_av_hr  column-top-margin\" style='border-radius:0px; '><section class=\"av_textblock_section \"  itemscope=\"itemscope\" itemtype=\"https:\/\/schema.org\/BlogPosting\" itemprop=\"blogPost\" ><div class='avia_textblock  '   itemprop=\"text\" ><p style=\"text-align: justify;\">Durante la Fiesta del Pescao\u2019 Frito ocurrida el fin de semana en Puerto Cisnes, se llev\u00f3 a cabo la especial actividad \u201cMinga Cisnense\u201d, que a\u00f1o a a\u00f1o toma m\u00e1s fuerza y se ha convertido en una de las tradiciones locales de mayor \u00e9xito durante la temporada estival, marcada por la solidaridad y convivencia.<\/p>\n<p style=\"text-align: justify;\">Para Edelaysen esta actividad tuvo especial realce ya que la empresa comprometi\u00f3 el aporte de la instalaci\u00f3n de energ\u00eda el\u00e9ctrica a este centro comunitario, gracias al programa \u201cConecta tu Sede\u201d de Grupo Saesa, proporcionando a la familia beneficiada el acceso esencial a la electricidad de manera segura.<\/p>\n<p style=\"text-align: justify;\">Francisco Pavez jefe de zona de Edelaysen coment\u00f3 \u201cEn Edelaysen nos hemos propuesto ser actores importantes del desarrollo de la regi\u00f3n y el pa\u00eds, por esto es que comprendemos la importancia de nuestro rol y contribuci\u00f3n en la mejora de las comunidades que servimos. Es por ello que actividades como la Fiesta del Pescado Frito y particularmente la minga solidaria, nos permite reforzar nuestro compromiso y contribuir directamente al bienestar de los vecinos y vecinas de Puerto Cisnes\u201d.<\/p>\n<p style=\"text-align: justify;\">As\u00ed mismo, el presidente de la Agrupaci\u00f3n Social y Cultural Pesca&#8217;o Frito Ricardo M\u00e9ndez destac\u00f3 la asistencia de Edelaysen agregando que \u201cCon la presencia de m\u00e1s de 5 mil personas pudimos realizar este fin de semana reci\u00e9n pasado la gran Minga Cisnense. Queremos agradecer especialmente a Edelaysen, quien este a\u00f1o se nos sum\u00f3, con la instalaci\u00f3n el\u00e9ctrica y la conexi\u00f3n a la red p\u00fablica. Edelaysen tambi\u00e9n nos anuncia que este fue el primer a\u00f1o de muchos y se quiere seguir sumando a las pr\u00f3ximas mingas y ser part\u00edcipe de esta gran obra\u201d.<\/p>\n<p style=\"text-align: justify;\">Por su parte, el alcalde de la comuna Francisco Roncagliolo destac\u00f3 la positiva jornada puntualizando que \u201cComo municipalidad estamos muy contentos con el aporte y la presencia de las empresas privadas en lo que ha significado esta minga cisnense, minga que busca apoyar a una familia de nuestra comunidad. As\u00ed que agradecemos a Edelaysen el hecho que puedan hacerse cargo de todo lo que es la instalaci\u00f3n el\u00e9ctrica interior y obviamente la conexi\u00f3n al empalme de todo lo que significa dejar con electricidad la casa y eso tambi\u00e9n va de la mano con que le brinda seguridad a la familia que va a ser beneficiada.<\/p>\n<p style=\"text-align: justify;\">De esta manera, con la participaci\u00f3n en esta importante actividad para la comuna, desde la empresa el\u00e9ctrica se expresa la profunda satisfacci\u00f3n por contribuir de manera concreta a la comunidad a trav\u00e9s de sus programas de sustentabilidad. Pues al iluminar hogares y brindar acceso esencial a la electricidad es una de las mayores preocupaciones de la compa\u00f1\u00eda, por tanto Edelaysen agradece a la comunidad por la c\u00e1lida acogida y a la organizaci\u00f3n del evento por esta especial invitaci\u00f3n.<\/p>\n<\/div><\/section><\/div><div  style='height:50px' class='hr hr-invisible   avia-builder-el-6  el_after_av_one_full  el_before_av_social_share '><span class='hr-inner ' ><span class='hr-inner-style'><\/span><\/span><\/div><\/p>\n<div  class='av-social-sharing-box  avia-builder-el-7  el_after_av_hr  el_before_av_hr  '><div class='av-share-box'><h5 class='av-share-link-description av-no-toc '>Compartir esta noticia<\/h5><ul class='av-share-box-list noLightbox'><li class='av-share-link av-social-link-facebook' ><a target=\"_blank\" aria-label=\"Compartir en Facebook\" href='https:\/\/www.facebook.com\/sharer.php?u=https:\/\/radiorevelacionfm.cl\/?p=39355&#038;t=Edelaysen%20compromete%20conexi%C3%B3n%20el%C3%A9ctrica%20en%20minga%20solidaria%20durante%20Fiesta%20del%20Pesca%E2%80%99o%20Frito%20en%20Puerto%20Cisnes' aria-hidden='false' data-av_icon='\ue8f3' data-av_iconfont='entypo-fontello' title='' data-avia-related-tooltip='Compartir en Facebook' rel=\"noopener\"><span class='avia_hidden_link_text'>Compartir en Facebook<\/span><\/a><\/li><li class='av-share-link av-social-link-twitter' ><a target=\"_blank\" aria-label=\"Compartir en Twitter\" href='https:\/\/twitter.com\/share?text=Edelaysen%20compromete%20conexi%C3%B3n%20el%C3%A9ctrica%20en%20minga%20solidaria%20durante%20Fiesta%20del%20Pesca%E2%80%99o%20Frito%20en%20Puerto%20Cisnes&#038;url=https:\/\/radiorevelacionfm.cl\/?p=39355' aria-hidden='false' data-av_icon='\ue8f1' data-av_iconfont='entypo-fontello' title='' data-avia-related-tooltip='Compartir en Twitter' rel=\"noopener\"><span class='avia_hidden_link_text'>Compartir en Twitter<\/span><\/a><\/li><li class='av-share-link av-social-link-whatsapp' ><a target=\"_blank\" aria-label=\"Compartir en Whatsapp\" href='https:\/\/api.whatsapp.com\/send?text=https:\/\/radiorevelacionfm.cl\/?p=39355' aria-hidden='false' data-av_icon='\uf232' data-av_iconfont='entypo-fontello' title='' data-avia-related-tooltip='Compartir en Whatsapp' rel=\"noopener\"><span class='avia_hidden_link_text'>Compartir en Whatsapp<\/span><\/a><\/li><li class='av-share-link av-social-link-linkedin' ><a target=\"_blank\" aria-label=\"Compartir en LinkedIn\" href='https:\/\/linkedin.com\/shareArticle?mini=true&#038;title=Edelaysen%20compromete%20conexi%C3%B3n%20el%C3%A9ctrica%20en%20minga%20solidaria%20durante%20Fiesta%20del%20Pesca%E2%80%99o%20Frito%20en%20Puerto%20Cisnes&#038;url=https:\/\/radiorevelacionfm.cl\/?p=39355' aria-hidden='false' data-av_icon='\ue8fc' data-av_iconfont='entypo-fontello' title='' data-avia-related-tooltip='Compartir en LinkedIn' rel=\"noopener\"><span class='avia_hidden_link_text'>Compartir en LinkedIn<\/span><\/a><\/li><li class='av-share-link av-social-link-mail' ><a  aria-label=\"Compartir por correo\" href='mailto:?subject=Edelaysen%20compromete%20conexi%C3%B3n%20el%C3%A9ctrica%20en%20minga%20solidaria%20durante%20Fiesta%20del%20Pesca%E2%80%99o%20Frito%20en%20Puerto%20Cisnes&#038;body=https:\/\/radiorevelacionfm.cl\/?p=39355' aria-hidden='false' data-av_icon='\ue805' data-av_iconfont='entypo-fontello' title='' data-avia-related-tooltip='Compartir por correo'><span class='avia_hidden_link_text'>Compartir por correo<\/span><\/a><\/li><\/ul><\/div><\/div>\n<div  style='height:50px' class='hr hr-invisible   avia-builder-el-8  el_after_av_social_share  el_before_av_comments_list '><span class='hr-inner ' ><span class='hr-inner-style'><\/span><\/span><\/div>\n<div  class='av-buildercomment  av-blog-meta-html-info-disabled av-blog-meta-tag-disabled  '><\/div>\n","protected":false},"excerpt":{"rendered":"","protected":false},"author":1,"featured_media":39356,"comment_status":"open","ping_status":"open","sticky":false,"template":"","format":"standard","meta":{"footnotes":""},"categories":[38],"tags":[],"class_list":["post-39355","post","type-post","status-publish","format-standard","has-post-thumbnail","hentry","category-regional"],"jetpack_featured_media_url":"https:\/\/radiorevelacionfm.cl\/wp-content\/uploads\/2024\/01\/minga-cisnense1-1_optimized-1.jpeg","_links":{"self":[{"href":"https:\/\/radiorevelacionfm.cl\/index.php?rest_route=\/wp\/v2\/posts\/39355","targetHints":{"allow":["GET"]}}],"collection":[{"href":"https:\/\/radiorevelacionfm.cl\/index.php?rest_route=\/wp\/v2\/posts"}],"about":[{"href":"https:\/\/radiorevelacionfm.cl\/index.php?rest_route=\/wp\/v2\/types\/post"}],"author":[{"embeddable":true,"href":"https:\/\/radiorevelacionfm.cl\/index.php?rest_route=\/wp\/v2\/users\/1"}],"replies":[{"embeddable":true,"href":"https:\/\/radiorevelacionfm.cl\/index.php?rest_route=%2Fwp%2Fv2%2Fcomments&post=39355"}],"version-history":[{"count":1,"href":"https:\/\/radiorevelacionfm.cl\/index.php?rest_route=\/wp\/v2\/posts\/39355\/revisions"}],"predecessor-version":[{"id":39357,"href":"https:\/\/radiorevelacionfm.cl\/index.php?rest_route=\/wp\/v2\/posts\/39355\/revisions\/39357"}],"wp:featuredmedia":[{"embeddable":true,"href":"https:\/\/radiorevelacionfm.cl\/index.php?rest_route=\/wp\/v2\/media\/39356"}],"wp:attachment":[{"href":"https:\/\/radiorevelacionfm.cl\/index.php?rest_route=%2Fwp%2Fv2%2Fmedia&parent=39355"}],"wp:term":[{"taxonomy":"category","embeddable":true,"href":"https:\/\/radiorevelacionfm.cl\/index.php?rest_route=%2Fwp%2Fv2%2Fcategories&post=39355"},{"taxonomy":"post_tag","embeddable":true,"href":"https:\/\/radiorevelacionfm.cl\/index.php?rest_route=%2Fwp%2Fv2%2Ftags&post=39355"}],"curies":[{"name":"wp","href":"https:\/\/api.w.org\/{rel}","templated":true}]}}