{"id":39352,"date":"2024-02-01T09:43:17","date_gmt":"2024-02-01T12:43:17","guid":{"rendered":"https:\/\/radiorevelacionfm.cl\/?p=39352"},"modified":"2024-02-01T09:43:17","modified_gmt":"2024-02-01T12:43:17","slug":"director-nacional-de-sernatur-visito-el-parque-nacional-cerro-castillo-para-conocer-su-modelo-de-gestion","status":"publish","type":"post","link":"https:\/\/radiorevelacionfm.cl\/?p=39352","title":{"rendered":"Director Nacional de Sernatur visit\u00f3 el Parque Nacional Cerro Castillo para conocer su modelo de gesti\u00f3n\u00a0"},"content":{"rendered":"<div class=\"flex_column av_one_full  flex_column_div av-zero-column-padding first  avia-builder-el-0  el_before_av_one_full  avia-builder-el-first  \" style='border-radius:0px; '><div  class='avia-image-container  av-styling-    avia-builder-el-1  avia-builder-el-no-sibling  avia-align-center '  itemprop=\"image\" itemscope=\"itemscope\" itemtype=\"https:\/\/schema.org\/ImageObject\"  ><div class='avia-image-container-inner'><div class='avia-image-overlay-wrap'><img decoding=\"async\" class='wp-image-39353 avia-img-lazy-loading-not-39353 avia_image' src=\"https:\/\/radiorevelacionfm.cl\/wp-content\/uploads\/2024\/01\/parque-nacional-cerro-castillo00-1_optimized-1.jpg\" alt='' title='parque-nacional-cerro-castillo00-(1)_optimized (1)' height=\"600\" width=\"1066\"  itemprop=\"thumbnailUrl\" srcset=\"https:\/\/radiorevelacionfm.cl\/wp-content\/uploads\/2024\/01\/parque-nacional-cerro-castillo00-1_optimized-1.jpg 1066w, https:\/\/radiorevelacionfm.cl\/wp-content\/uploads\/2024\/01\/parque-nacional-cerro-castillo00-1_optimized-1-300x169.jpg 300w, https:\/\/radiorevelacionfm.cl\/wp-content\/uploads\/2024\/01\/parque-nacional-cerro-castillo00-1_optimized-1-1030x580.jpg 1030w, https:\/\/radiorevelacionfm.cl\/wp-content\/uploads\/2024\/01\/parque-nacional-cerro-castillo00-1_optimized-1-768x432.jpg 768w, https:\/\/radiorevelacionfm.cl\/wp-content\/uploads\/2024\/01\/parque-nacional-cerro-castillo00-1_optimized-1-705x397.jpg 705w, https:\/\/radiorevelacionfm.cl\/wp-content\/uploads\/2024\/01\/parque-nacional-cerro-castillo00-1_optimized-1-450x253.jpg 450w, https:\/\/radiorevelacionfm.cl\/wp-content\/uploads\/2024\/01\/parque-nacional-cerro-castillo00-1_optimized-1-600x338.jpg 600w\" sizes=\"(max-width: 1066px) 100vw, 1066px\" \/><\/div><\/div><\/div><\/div><div class=\"flex_column av_one_full  flex_column_div av-zero-column-padding first  avia-builder-el-2  el_after_av_one_full  el_before_av_one_full  column-top-margin\" style='border-radius:0px; '><section class=\"av_textblock_section \"  itemscope=\"itemscope\" itemtype=\"https:\/\/schema.org\/BlogPosting\" itemprop=\"blogPost\" ><div class='avia_textblock  '   itemprop=\"text\" ><p style=\"text-align: center;\"><strong><span style=\"font-size: 18pt;\">Director Nacional de Sernatur visit\u00f3 el Parque Nacional Cerro Castillo para conocer su modelo de gesti\u00f3n\u00a0<\/span><\/strong><\/p>\n<div id=\"gtx-trans\" style=\"position: absolute; left: -50px; top: 4.31534px;\">\n<div class=\"gtx-trans-icon\"><\/div>\n<\/div>\n<\/div><\/section><\/div><div class=\"flex_column av_one_full  flex_column_div av-zero-column-padding first  avia-builder-el-4  el_after_av_one_full  el_before_av_hr  column-top-margin\" style='border-radius:0px; '><section class=\"av_textblock_section \"  itemscope=\"itemscope\" itemtype=\"https:\/\/schema.org\/BlogPosting\" itemprop=\"blogPost\" ><div class='avia_textblock  '   itemprop=\"text\" ><p style=\"text-align: justify;\">El director nacional del Servicio Nacional de Turismo (Sernatur), Crist\u00f3bal Ben\u00edtez, en compa\u00f1\u00eda del director regional de Sernatur Ays\u00e9n, Claudio Montecinos, llev\u00f3 a cabo una visita al Parque Nacional Cerro Castillo. El prop\u00f3sito de esta visita fue conocer de primera mano el modelo de gesti\u00f3n que se est\u00e1 implementando en esta \u00e1rea protegida, la cual recientemente fue traspasada a la Corporaci\u00f3n de Desarrollo Tur\u00edstico Local Cerro Castillo, entidad sin fines de lucro integrada por diversas agrupaciones representantes de la comunidad.<\/p>\n<p style=\"text-align: justify;\">El encuentro cont\u00f3 con la participaci\u00f3n del alcalde de la Municipalidad de R\u00edo Ib\u00e1\u00f1ez, Juan Saldivia; el delegado provincial de General Carrera, Crist\u00f3bal Barcel\u00f3; el director regional de Conaf, Ronald Valenzuela; directores de la Corporaci\u00f3n de Desarrollo Cerro Castillo, representantes de la comunidad, Guarda Parques y el equipo de gesti\u00f3n del Parque Nacional Cerro Castillo, que administra dos de los senderos m\u00e1s visitados de esta \u00e1rea protegida.<\/p>\n<p style=\"text-align: justify;\">Arcadio Soto, gerente de la Corporaci\u00f3n de Desarrollo Local Cerro Castillo, destac\u00f3 la gesti\u00f3n desarrollada por la nueva administraci\u00f3n ante el director nacional de Sernatur. \u00abLe dimos a conocer el trabajo que hemos estado realizando como corporaci\u00f3n de turismo, las distintas acciones que hemos estado trabajando, los proyectos, las iniciativas, c\u00f3mo hemos logrado hacer este trabajo p\u00fablico-privado que va en directo beneficio de la comunidad local y que nos ha permitido tambi\u00e9n ir posicion\u00e1ndonos como un modelo de gesti\u00f3n de \u00e1reas silvestres protegidas que pueda ser replicado en alg\u00fan otro parque o reserva en el pa\u00eds\u00bb.<\/p>\n<p style=\"text-align: justify;\">Por su parte, Crist\u00f3bal Ben\u00edtez, director nacional de Sernatur, indic\u00f3 que \u00abesto muestra c\u00f3mo puede funcionar el trabajo colaborativo p\u00fablico-privado, particularmente en la administraci\u00f3n de un gran desaf\u00edo que ten\u00edamos aqu\u00ed en la regi\u00f3n de Ays\u00e9n, que era c\u00f3mo administramos las concesiones en el Parque Nacional Cerro Castillo. La corporaci\u00f3n tom\u00f3 el desaf\u00edo y le ha ido bastante bien, ya llevan m\u00e1s de dos semanas de funcionamiento, el parque est\u00e1 operativo, est\u00e1n recibiendo m\u00e1s de 120 turistas diarios y eso es un muy buen indicador de que est\u00e1 funcionando bien. Esto es un buen s\u00edmbolo de c\u00f3mo se puede trabajar incorporando a la comunidad en el desarrollo tur\u00edstico de un \u00e1rea protegida y eso es lo que queremos tambi\u00e9n potenciar en el resto de nuestro pa\u00eds.\u00bb<\/p>\n<p style=\"text-align: justify;\"><strong>Otras actividades en Ays\u00e9n Patagonia<\/strong><\/p>\n<p style=\"text-align: justify;\">Durante su estad\u00eda en la regi\u00f3n de Ays\u00e9n, Crist\u00f3bal Ben\u00edtez particip\u00f3 en un taller organizado por la Corfo, en el que se analizaron los actuales instrumentos de gesti\u00f3n con los que cuenta la regi\u00f3n, con el objetivo de fortalecer y potenciar la actividad tur\u00edstica en el destino Ays\u00e9n Patagonia.<\/p>\n<p style=\"text-align: justify;\">Igualmente el director nacional de Sernatur, sostuvo reuniones con autoridades regionales y tambi\u00e9n con los representantes de los gremios del turismo, con quienes abord\u00f3 los desaf\u00edos del sector en cuanto a la temporada tur\u00edstica en marcha y la proyecci\u00f3n del rubro a futuro, considerando materias de formalizaci\u00f3n de servicios tur\u00edsticos, capacitaciones en atenci\u00f3n al cliente e infraestructura habilitante regional, con el fin de aumentar la demanda y enriquecer la experiencia del visitante.<\/p>\n<\/div><\/section><\/div><div  style='height:50px' class='hr hr-invisible   avia-builder-el-6  el_after_av_one_full  el_before_av_social_share '><span class='hr-inner ' ><span class='hr-inner-style'><\/span><\/span><\/div><\/p>\n<div  class='av-social-sharing-box  avia-builder-el-7  el_after_av_hr  el_before_av_hr  '><div class='av-share-box'><h5 class='av-share-link-description av-no-toc '>Compartir esta noticia<\/h5><ul class='av-share-box-list noLightbox'><li class='av-share-link av-social-link-facebook' ><a target=\"_blank\" aria-label=\"Compartir en Facebook\" href='https:\/\/www.facebook.com\/sharer.php?u=https:\/\/radiorevelacionfm.cl\/?p=39352&#038;t=Director%20Nacional%20de%20Sernatur%20visit%C3%B3%20el%20Parque%20Nacional%20Cerro%20Castillo%20para%20conocer%20su%20modelo%20de%20gesti%C3%B3n%C2%A0' aria-hidden='false' data-av_icon='\ue8f3' data-av_iconfont='entypo-fontello' title='' data-avia-related-tooltip='Compartir en Facebook' rel=\"noopener\"><span class='avia_hidden_link_text'>Compartir en Facebook<\/span><\/a><\/li><li class='av-share-link av-social-link-twitter' ><a target=\"_blank\" aria-label=\"Compartir en Twitter\" href='https:\/\/twitter.com\/share?text=Director%20Nacional%20de%20Sernatur%20visit%C3%B3%20el%20Parque%20Nacional%20Cerro%20Castillo%20para%20conocer%20su%20modelo%20de%20gesti%C3%B3n%C2%A0&#038;url=https:\/\/radiorevelacionfm.cl\/?p=39352' aria-hidden='false' data-av_icon='\ue8f1' data-av_iconfont='entypo-fontello' title='' data-avia-related-tooltip='Compartir en Twitter' rel=\"noopener\"><span class='avia_hidden_link_text'>Compartir en Twitter<\/span><\/a><\/li><li class='av-share-link av-social-link-whatsapp' ><a target=\"_blank\" aria-label=\"Compartir en Whatsapp\" href='https:\/\/api.whatsapp.com\/send?text=https:\/\/radiorevelacionfm.cl\/?p=39352' aria-hidden='false' data-av_icon='\uf232' data-av_iconfont='entypo-fontello' title='' data-avia-related-tooltip='Compartir en Whatsapp' rel=\"noopener\"><span class='avia_hidden_link_text'>Compartir en Whatsapp<\/span><\/a><\/li><li class='av-share-link av-social-link-linkedin' ><a target=\"_blank\" aria-label=\"Compartir en LinkedIn\" href='https:\/\/linkedin.com\/shareArticle?mini=true&#038;title=Director%20Nacional%20de%20Sernatur%20visit%C3%B3%20el%20Parque%20Nacional%20Cerro%20Castillo%20para%20conocer%20su%20modelo%20de%20gesti%C3%B3n%C2%A0&#038;url=https:\/\/radiorevelacionfm.cl\/?p=39352' aria-hidden='false' data-av_icon='\ue8fc' data-av_iconfont='entypo-fontello' title='' data-avia-related-tooltip='Compartir en LinkedIn' rel=\"noopener\"><span class='avia_hidden_link_text'>Compartir en LinkedIn<\/span><\/a><\/li><li class='av-share-link av-social-link-mail' ><a  aria-label=\"Compartir por correo\" href='mailto:?subject=Director%20Nacional%20de%20Sernatur%20visit%C3%B3%20el%20Parque%20Nacional%20Cerro%20Castillo%20para%20conocer%20su%20modelo%20de%20gesti%C3%B3n%C2%A0&#038;body=https:\/\/radiorevelacionfm.cl\/?p=39352' aria-hidden='false' data-av_icon='\ue805' data-av_iconfont='entypo-fontello' title='' data-avia-related-tooltip='Compartir por correo'><span class='avia_hidden_link_text'>Compartir por correo<\/span><\/a><\/li><\/ul><\/div><\/div>\n<div  style='height:50px' class='hr hr-invisible   avia-builder-el-8  el_after_av_social_share  el_before_av_comments_list '><span class='hr-inner ' ><span class='hr-inner-style'><\/span><\/span><\/div>\n<div  class='av-buildercomment  av-blog-meta-html-info-disabled av-blog-meta-tag-disabled  '><\/div>\n","protected":false},"excerpt":{"rendered":"","protected":false},"author":1,"featured_media":39353,"comment_status":"open","ping_status":"open","sticky":false,"template":"","format":"standard","meta":{"footnotes":""},"categories":[54],"tags":[],"class_list":["post-39352","post","type-post","status-publish","format-standard","has-post-thumbnail","hentry","category-turismo"],"jetpack_featured_media_url":"https:\/\/radiorevelacionfm.cl\/wp-content\/uploads\/2024\/01\/parque-nacional-cerro-castillo00-1_optimized-1.jpg","_links":{"self":[{"href":"https:\/\/radiorevelacionfm.cl\/index.php?rest_route=\/wp\/v2\/posts\/39352","targetHints":{"allow":["GET"]}}],"collection":[{"href":"https:\/\/radiorevelacionfm.cl\/index.php?rest_route=\/wp\/v2\/posts"}],"about":[{"href":"https:\/\/radiorevelacionfm.cl\/index.php?rest_route=\/wp\/v2\/types\/post"}],"author":[{"embeddable":true,"href":"https:\/\/radiorevelacionfm.cl\/index.php?rest_route=\/wp\/v2\/users\/1"}],"replies":[{"embeddable":true,"href":"https:\/\/radiorevelacionfm.cl\/index.php?rest_route=%2Fwp%2Fv2%2Fcomments&post=39352"}],"version-history":[{"count":1,"href":"https:\/\/radiorevelacionfm.cl\/index.php?rest_route=\/wp\/v2\/posts\/39352\/revisions"}],"predecessor-version":[{"id":39354,"href":"https:\/\/radiorevelacionfm.cl\/index.php?rest_route=\/wp\/v2\/posts\/39352\/revisions\/39354"}],"wp:featuredmedia":[{"embeddable":true,"href":"https:\/\/radiorevelacionfm.cl\/index.php?rest_route=\/wp\/v2\/media\/39353"}],"wp:attachment":[{"href":"https:\/\/radiorevelacionfm.cl\/index.php?rest_route=%2Fwp%2Fv2%2Fmedia&parent=39352"}],"wp:term":[{"taxonomy":"category","embeddable":true,"href":"https:\/\/radiorevelacionfm.cl\/index.php?rest_route=%2Fwp%2Fv2%2Fcategories&post=39352"},{"taxonomy":"post_tag","embeddable":true,"href":"https:\/\/radiorevelacionfm.cl\/index.php?rest_route=%2Fwp%2Fv2%2Ftags&post=39352"}],"curies":[{"name":"wp","href":"https:\/\/api.w.org\/{rel}","templated":true}]}}