{"id":39349,"date":"2024-01-31T17:03:07","date_gmt":"2024-01-31T20:03:07","guid":{"rendered":"https:\/\/radiorevelacionfm.cl\/?p=39349"},"modified":"2024-01-31T17:03:07","modified_gmt":"2024-01-31T20:03:07","slug":"barcaza-pilchero-alista-iniciar-su-conservacion-para-la-primera-semana-de-febrero","status":"publish","type":"post","link":"https:\/\/radiorevelacionfm.cl\/?p=39349","title":{"rendered":"Barcaza Pilchero alista iniciar su conservaci\u00f3n para la primera semana de febrero"},"content":{"rendered":"<div class=\"flex_column av_one_full  flex_column_div av-zero-column-padding first  avia-builder-el-0  el_before_av_one_full  avia-builder-el-first  \" style='border-radius:0px; '><div  class='avia-image-container  av-styling-    avia-builder-el-1  avia-builder-el-no-sibling  avia-align-center '  itemprop=\"image\" itemscope=\"itemscope\" itemtype=\"https:\/\/schema.org\/ImageObject\"  ><div class='avia-image-container-inner'><div class='avia-image-overlay-wrap'><img decoding=\"async\" class='wp-image-39350 avia-img-lazy-loading-not-39350 avia_image' src=\"https:\/\/radiorevelacionfm.cl\/wp-content\/uploads\/2024\/01\/la-pilchero1_optimized.jpg\" alt='' title='la-pilchero1_optimized' height=\"600\" width=\"900\"  itemprop=\"thumbnailUrl\" srcset=\"https:\/\/radiorevelacionfm.cl\/wp-content\/uploads\/2024\/01\/la-pilchero1_optimized.jpg 900w, https:\/\/radiorevelacionfm.cl\/wp-content\/uploads\/2024\/01\/la-pilchero1_optimized-300x200.jpg 300w, https:\/\/radiorevelacionfm.cl\/wp-content\/uploads\/2024\/01\/la-pilchero1_optimized-768x512.jpg 768w, https:\/\/radiorevelacionfm.cl\/wp-content\/uploads\/2024\/01\/la-pilchero1_optimized-705x470.jpg 705w, https:\/\/radiorevelacionfm.cl\/wp-content\/uploads\/2024\/01\/la-pilchero1_optimized-450x300.jpg 450w, https:\/\/radiorevelacionfm.cl\/wp-content\/uploads\/2024\/01\/la-pilchero1_optimized-600x400.jpg 600w\" sizes=\"(max-width: 900px) 100vw, 900px\" \/><\/div><\/div><\/div><\/div><div class=\"flex_column av_one_full  flex_column_div av-zero-column-padding first  avia-builder-el-2  el_after_av_one_full  el_before_av_one_full  column-top-margin\" style='border-radius:0px; '><section class=\"av_textblock_section \"  itemscope=\"itemscope\" itemtype=\"https:\/\/schema.org\/BlogPosting\" itemprop=\"blogPost\" ><div class='avia_textblock  '   itemprop=\"text\" ><p style=\"text-align: center;\"><strong><span style=\"font-size: 18pt;\">Barcaza Pilchero alista iniciar su conservaci\u00f3n para la primera semana de febrero<\/span><\/strong><\/p>\n<div id=\"gtx-trans\" style=\"position: absolute; left: -50px; top: 4.31534px;\">\n<div class=\"gtx-trans-icon\"><\/div>\n<\/div>\n<\/div><\/section><\/div><div class=\"flex_column av_one_full  flex_column_div av-zero-column-padding first  avia-builder-el-4  el_after_av_one_full  el_before_av_hr  column-top-margin\" style='border-radius:0px; '><section class=\"av_textblock_section \"  itemscope=\"itemscope\" itemtype=\"https:\/\/schema.org\/BlogPosting\" itemprop=\"blogPost\" ><div class='avia_textblock  '   itemprop=\"text\" ><p style=\"text-align: justify;\">Durante la primera semana de febrero la barcaza Pilchero, que transporta pasajeros en el Lago General Carrera, comenzar\u00e1 sus trabajos de conservaci\u00f3n, los cuales se proyectan hasta mayo del a\u00f1o en curso. A la nave, se le har\u00e1n mantenciones el\u00e9ctricas, mec\u00e1nicas, de seguridad y se le incorporar\u00e1n balsas salvavidas, con lo que se da cumplimiento a\u00a0 compromiso realizado por el presidente Gabriel Boric Font cuando visit\u00f3 la regi\u00f3n en enero del 2023.<\/p>\n<p style=\"text-align: justify;\">La conservaci\u00f3n de la nave contar\u00e1 con apoyo t\u00e9cnico de la Direcci\u00f3n Regional de Obras Portuarias (DOP) del Ministerio de Obras P\u00fablicas (MOP), cartera que, adem\u00e1s, realiz\u00f3 la transferencia de presupuesto a la Delegaci\u00f3n Presidencial Provincial General Carrera para abordar los trabajos.<\/p>\n<p style=\"text-align: justify;\">Sobre el particular, el Delegado Presidencial de la Provincia General Carrera Crist\u00f3bal Barcel\u00f3 Veas se\u00f1al\u00f3 \u201cla conservaci\u00f3n de la barcaza Pilchero, fue adjudicada el pasado 12 de enero por $493 millones a la empresa ASMAR, que ya se encuentra enviando a sus profesionales al Lago General Carrera para realizar la instalaci\u00f3n de faenas e iniciar los trabajos, los que contar\u00e1n con un plazo de ejecuci\u00f3n de cuatro meses; esto significar\u00e1 que dentro de los pr\u00f3ximos meses vamos a tener nuestra barcaza Pilchero de vuelta operando en el lago General Carrera. Esto nos tiene muy contentos ya que estamos dando cumplimiento a un compromiso asumido por parte del presidente Gabriel Boric Font en la provincia con respecto a mantener las operaciones y dar continuidad a la conectividad de nuestra comunidad\u201d.<\/p>\n<p style=\"text-align: justify;\">Con esto, la nave, que tambi\u00e9n sirve como reemplazo de la barcaza La Tehuelche cuando alguna contingencia impide que esta realice su recorrido y que adem\u00e1s, efect\u00faa viajes por el interior del lago conectando a pobladores, podr\u00e1 operar con los m\u00e1s altos est\u00e1ndares de seguridad, seg\u00fan afirma el Director Regional \u00a0de Obras Portuarias del MOP, \u00c1lvaro D\u00edaz Contreras.<\/p>\n<p style=\"text-align: justify;\">\u201cEsta conservaci\u00f3n es muy importante para la DOP y para la comunidad, ya que involucra hacer mantenciones de mapeo el\u00e9ctrico completo, actualizaci\u00f3n de planos el\u00e9ctricos y de seguridad, cambio de balsas salvavidas, estudio de estabilidad, cambio de generadores el\u00e9ctricos, actualizaci\u00f3n del sistema de comunicaci\u00f3n en la sala de m\u00e1quinas y del sistema de seguridad, con el fin de mantener la nave en condiciones \u00f3ptimas de seguridad para toda la comunidad que hace uso de ella\u201d, afirma D\u00edaz.<\/p>\n<\/div><\/section><\/div><div  style='height:50px' class='hr hr-invisible   avia-builder-el-6  el_after_av_one_full  el_before_av_social_share '><span class='hr-inner ' ><span class='hr-inner-style'><\/span><\/span><\/div><\/p>\n<div  class='av-social-sharing-box  avia-builder-el-7  el_after_av_hr  el_before_av_hr  '><div class='av-share-box'><h5 class='av-share-link-description av-no-toc '>Compartir esta noticia<\/h5><ul class='av-share-box-list noLightbox'><li class='av-share-link av-social-link-facebook' ><a target=\"_blank\" aria-label=\"Compartir en Facebook\" href='https:\/\/www.facebook.com\/sharer.php?u=https:\/\/radiorevelacionfm.cl\/?p=39349&#038;t=Barcaza%20Pilchero%20alista%20iniciar%20su%20conservaci%C3%B3n%20para%20la%20primera%20semana%20de%20febrero' aria-hidden='false' data-av_icon='\ue8f3' data-av_iconfont='entypo-fontello' title='' data-avia-related-tooltip='Compartir en Facebook' rel=\"noopener\"><span class='avia_hidden_link_text'>Compartir en Facebook<\/span><\/a><\/li><li class='av-share-link av-social-link-twitter' ><a target=\"_blank\" aria-label=\"Compartir en Twitter\" href='https:\/\/twitter.com\/share?text=Barcaza%20Pilchero%20alista%20iniciar%20su%20conservaci%C3%B3n%20para%20la%20primera%20semana%20de%20febrero&#038;url=https:\/\/radiorevelacionfm.cl\/?p=39349' aria-hidden='false' data-av_icon='\ue8f1' data-av_iconfont='entypo-fontello' title='' data-avia-related-tooltip='Compartir en Twitter' rel=\"noopener\"><span class='avia_hidden_link_text'>Compartir en Twitter<\/span><\/a><\/li><li class='av-share-link av-social-link-whatsapp' ><a target=\"_blank\" aria-label=\"Compartir en Whatsapp\" href='https:\/\/api.whatsapp.com\/send?text=https:\/\/radiorevelacionfm.cl\/?p=39349' aria-hidden='false' data-av_icon='\uf232' data-av_iconfont='entypo-fontello' title='' data-avia-related-tooltip='Compartir en Whatsapp' rel=\"noopener\"><span class='avia_hidden_link_text'>Compartir en Whatsapp<\/span><\/a><\/li><li class='av-share-link av-social-link-linkedin' ><a target=\"_blank\" aria-label=\"Compartir en LinkedIn\" href='https:\/\/linkedin.com\/shareArticle?mini=true&#038;title=Barcaza%20Pilchero%20alista%20iniciar%20su%20conservaci%C3%B3n%20para%20la%20primera%20semana%20de%20febrero&#038;url=https:\/\/radiorevelacionfm.cl\/?p=39349' aria-hidden='false' data-av_icon='\ue8fc' data-av_iconfont='entypo-fontello' title='' data-avia-related-tooltip='Compartir en LinkedIn' rel=\"noopener\"><span class='avia_hidden_link_text'>Compartir en LinkedIn<\/span><\/a><\/li><li class='av-share-link av-social-link-mail' ><a  aria-label=\"Compartir por correo\" href='mailto:?subject=Barcaza%20Pilchero%20alista%20iniciar%20su%20conservaci%C3%B3n%20para%20la%20primera%20semana%20de%20febrero&#038;body=https:\/\/radiorevelacionfm.cl\/?p=39349' aria-hidden='false' data-av_icon='\ue805' data-av_iconfont='entypo-fontello' title='' data-avia-related-tooltip='Compartir por correo'><span class='avia_hidden_link_text'>Compartir por correo<\/span><\/a><\/li><\/ul><\/div><\/div>\n<div  style='height:50px' class='hr hr-invisible   avia-builder-el-8  el_after_av_social_share  el_before_av_comments_list '><span class='hr-inner ' ><span class='hr-inner-style'><\/span><\/span><\/div>\n<div  class='av-buildercomment  av-blog-meta-html-info-disabled av-blog-meta-tag-disabled  '><\/div>\n","protected":false},"excerpt":{"rendered":"","protected":false},"author":1,"featured_media":39350,"comment_status":"open","ping_status":"open","sticky":false,"template":"","format":"standard","meta":{"footnotes":""},"categories":[38],"tags":[],"class_list":["post-39349","post","type-post","status-publish","format-standard","has-post-thumbnail","hentry","category-regional"],"jetpack_featured_media_url":"https:\/\/radiorevelacionfm.cl\/wp-content\/uploads\/2024\/01\/la-pilchero1_optimized.jpg","_links":{"self":[{"href":"https:\/\/radiorevelacionfm.cl\/index.php?rest_route=\/wp\/v2\/posts\/39349","targetHints":{"allow":["GET"]}}],"collection":[{"href":"https:\/\/radiorevelacionfm.cl\/index.php?rest_route=\/wp\/v2\/posts"}],"about":[{"href":"https:\/\/radiorevelacionfm.cl\/index.php?rest_route=\/wp\/v2\/types\/post"}],"author":[{"embeddable":true,"href":"https:\/\/radiorevelacionfm.cl\/index.php?rest_route=\/wp\/v2\/users\/1"}],"replies":[{"embeddable":true,"href":"https:\/\/radiorevelacionfm.cl\/index.php?rest_route=%2Fwp%2Fv2%2Fcomments&post=39349"}],"version-history":[{"count":1,"href":"https:\/\/radiorevelacionfm.cl\/index.php?rest_route=\/wp\/v2\/posts\/39349\/revisions"}],"predecessor-version":[{"id":39351,"href":"https:\/\/radiorevelacionfm.cl\/index.php?rest_route=\/wp\/v2\/posts\/39349\/revisions\/39351"}],"wp:featuredmedia":[{"embeddable":true,"href":"https:\/\/radiorevelacionfm.cl\/index.php?rest_route=\/wp\/v2\/media\/39350"}],"wp:attachment":[{"href":"https:\/\/radiorevelacionfm.cl\/index.php?rest_route=%2Fwp%2Fv2%2Fmedia&parent=39349"}],"wp:term":[{"taxonomy":"category","embeddable":true,"href":"https:\/\/radiorevelacionfm.cl\/index.php?rest_route=%2Fwp%2Fv2%2Fcategories&post=39349"},{"taxonomy":"post_tag","embeddable":true,"href":"https:\/\/radiorevelacionfm.cl\/index.php?rest_route=%2Fwp%2Fv2%2Ftags&post=39349"}],"curies":[{"name":"wp","href":"https:\/\/api.w.org\/{rel}","templated":true}]}}