{"id":39346,"date":"2024-01-31T16:08:55","date_gmt":"2024-01-31T19:08:55","guid":{"rendered":"https:\/\/radiorevelacionfm.cl\/?p=39346"},"modified":"2024-01-31T16:08:55","modified_gmt":"2024-01-31T19:08:55","slug":"iniciativa-artistica-cultural-se-ejecuto-en-sector-dos-rios-de-cochrane","status":"publish","type":"post","link":"https:\/\/radiorevelacionfm.cl\/?p=39346","title":{"rendered":"Iniciativa art\u00edstica cultural se ejecut\u00f3 en sector Dos R\u00edos de Cochrane"},"content":{"rendered":"<div class=\"flex_column av_one_full  flex_column_div av-zero-column-padding first  avia-builder-el-0  el_before_av_one_full  avia-builder-el-first  \" style='border-radius:0px; '><div  class='avia-image-container  av-styling-    avia-builder-el-1  avia-builder-el-no-sibling  avia-align-center '  itemprop=\"image\" itemscope=\"itemscope\" itemtype=\"https:\/\/schema.org\/ImageObject\"  ><div class='avia-image-container-inner'><div class='avia-image-overlay-wrap'><img decoding=\"async\" class='wp-image-39347 avia-img-lazy-loading-not-39347 avia_image' src=\"https:\/\/radiorevelacionfm.cl\/wp-content\/uploads\/2024\/01\/20240127140526_img_6074-1_optimized-1.jpg\" alt='' title='20240127140526_img_6074-(1)_optimized (1)' height=\"600\" width=\"900\"  itemprop=\"thumbnailUrl\" srcset=\"https:\/\/radiorevelacionfm.cl\/wp-content\/uploads\/2024\/01\/20240127140526_img_6074-1_optimized-1.jpg 900w, https:\/\/radiorevelacionfm.cl\/wp-content\/uploads\/2024\/01\/20240127140526_img_6074-1_optimized-1-300x200.jpg 300w, https:\/\/radiorevelacionfm.cl\/wp-content\/uploads\/2024\/01\/20240127140526_img_6074-1_optimized-1-768x512.jpg 768w, https:\/\/radiorevelacionfm.cl\/wp-content\/uploads\/2024\/01\/20240127140526_img_6074-1_optimized-1-705x470.jpg 705w, https:\/\/radiorevelacionfm.cl\/wp-content\/uploads\/2024\/01\/20240127140526_img_6074-1_optimized-1-450x300.jpg 450w, https:\/\/radiorevelacionfm.cl\/wp-content\/uploads\/2024\/01\/20240127140526_img_6074-1_optimized-1-600x400.jpg 600w\" sizes=\"(max-width: 900px) 100vw, 900px\" \/><\/div><\/div><\/div><\/div><div class=\"flex_column av_one_full  flex_column_div av-zero-column-padding first  avia-builder-el-2  el_after_av_one_full  el_before_av_one_full  column-top-margin\" style='border-radius:0px; '><section class=\"av_textblock_section \"  itemscope=\"itemscope\" itemtype=\"https:\/\/schema.org\/BlogPosting\" itemprop=\"blogPost\" ><div class='avia_textblock  '   itemprop=\"text\" ><p style=\"text-align: center;\"><strong><span style=\"font-size: 18pt;\">Iniciativa art\u00edstica cultural se ejecut\u00f3 en sector Dos R\u00edos de Cochrane<\/span><\/strong><\/p>\n<div id=\"gtx-trans\" style=\"position: absolute; left: -50px; top: 4.31534px;\">\n<div class=\"gtx-trans-icon\"><\/div>\n<\/div>\n<\/div><\/section><\/div><div class=\"flex_column av_one_full  flex_column_div av-zero-column-padding first  avia-builder-el-4  el_after_av_one_full  el_before_av_hr  column-top-margin\" style='border-radius:0px; '><section class=\"av_textblock_section \"  itemscope=\"itemscope\" itemtype=\"https:\/\/schema.org\/BlogPosting\" itemprop=\"blogPost\" ><div class='avia_textblock  '   itemprop=\"text\" ><p style=\"text-align: justify;\"><span lang=\"ES-MX\">El fin de semana reci\u00e9n pasado se cerr\u00f3 en el sector Dos R\u00edos de Cochrane, la iniciativa art\u00edstico cultural (ICA) \u201cEncuentro art\u00edstico\u201d que permiti\u00f3 que la comunidad disfrutara de actividades como\u00a0<\/span><span lang=\"ES-MX\">matungueadas, muestra de trabajos de campo, truco, taba, juegos para los ni\u00f1os\/as y la presentaci\u00f3n de artistas locales.<\/span><\/p>\n<p style=\"text-align: justify;\"><span lang=\"ES-MX\">La actividad, financiada por el programa Fortalecimiento a la Identidad Cultural Regional (FICR) de la seremi de las Culturas Ays\u00e9n, permiti\u00f3 la participaci\u00f3n de la Agrupaci\u00f3n Las Dos Hileras, la Agrupaci\u00f3n de Artesanas Las Flores del Calafate, la Agrupaci\u00f3n de Danza Alma y Sue\u00f1o, Compa\u00f1\u00eda de teatro Mateando entre Libros y la Agrupaci\u00f3n Cheelkenue.<\/span><\/p>\n<p class=\"v1xxelementtoproof\" style=\"text-align: justify;\"><span lang=\"ES-MX\">\u201cLa importancia de los ICA es que invitan a la comunidad a trabajar en una iniciativa colaborativa\u201d, indic\u00f3 Felipe Quiroz, seremi de las Culturas Ays\u00e9n, quien agreg\u00f3 que \u201cbuscamos desde la institucionalidad que las comunidades se activen y reconozcan a sus creadores y creadoras; en este caso la mesa art\u00edstica de Cochrane, trabaj\u00f3 de manera conjunta con la Junta de Vecinos de R\u00edo Neff y las agrupaciones presentes para armar una iniciativa que rescat\u00f3 el patrimonio del Baker y logr\u00f3 reunir en una jornada a toda la familia cochranina\u201d.<\/span><\/p>\n<p class=\"v1xxelementtoproof\" style=\"text-align: justify;\"><span lang=\"ES-MX\">Desde la Agrupaci\u00f3n las Dos Hileras manifestaron que \u201ceste proyecto ha servido de puntapi\u00e9 para un mont\u00f3n de iniciativas que buscan precisamente no concentrar las actividades art\u00edstico-culturales netamente en el radio urbano de nuestra comuna, sino que tambi\u00e9n extenderlos al sector rural, ha sido muy gratificante ver la recepci\u00f3n que ha tenido por parte de los vecinos; no solo ha servido para potenciar el desarrollo cultural y art\u00edstico, sino que tambi\u00e9n para generar v\u00ednculos con la comunidad del sector rural, que sabemos que cuesta tanto llegar hasta ellos, as\u00ed que por eso estamos s\u00faper contentos y agradecidos tambi\u00e9n por supuesto de la Seremi de las Culturas, las Artes y el Patrimonio y la Ilustre Municipalidad de Cochrane que nos ha apoyado en todo el proceso\u201d.<\/span><\/p>\n<p style=\"text-align: justify;\"><span lang=\"ES-MX\">Durante el a\u00f1o 2023 se ejecutaron\u00a0<\/span><span lang=\"ES-MX\">iniciativa art\u00edstico cultural en todas las comunas de la regi\u00f3n, espacios donde las comunidades disfrutaron de teatro, muralismo, danza, fotograf\u00eda y artes esc\u00e9nicas.<\/span><\/p>\n<p class=\"v1MsoNormal\" style=\"text-align: justify;\"><span lang=\"ES-MX\">\u00a0<\/span><\/p>\n<\/div><\/section><\/div><div  style='height:50px' class='hr hr-invisible   avia-builder-el-6  el_after_av_one_full  el_before_av_social_share '><span class='hr-inner ' ><span class='hr-inner-style'><\/span><\/span><\/div><\/p>\n<div  class='av-social-sharing-box  avia-builder-el-7  el_after_av_hr  el_before_av_hr  '><div class='av-share-box'><h5 class='av-share-link-description av-no-toc '>Compartir esta noticia<\/h5><ul class='av-share-box-list noLightbox'><li class='av-share-link av-social-link-facebook' ><a target=\"_blank\" aria-label=\"Compartir en Facebook\" href='https:\/\/www.facebook.com\/sharer.php?u=https:\/\/radiorevelacionfm.cl\/?p=39346&#038;t=Iniciativa%20art%C3%ADstica%20cultural%20se%20ejecut%C3%B3%20en%20sector%20Dos%20R%C3%ADos%20de%20Cochrane' aria-hidden='false' data-av_icon='\ue8f3' data-av_iconfont='entypo-fontello' title='' data-avia-related-tooltip='Compartir en Facebook' rel=\"noopener\"><span class='avia_hidden_link_text'>Compartir en Facebook<\/span><\/a><\/li><li class='av-share-link av-social-link-twitter' ><a target=\"_blank\" aria-label=\"Compartir en Twitter\" href='https:\/\/twitter.com\/share?text=Iniciativa%20art%C3%ADstica%20cultural%20se%20ejecut%C3%B3%20en%20sector%20Dos%20R%C3%ADos%20de%20Cochrane&#038;url=https:\/\/radiorevelacionfm.cl\/?p=39346' aria-hidden='false' data-av_icon='\ue8f1' data-av_iconfont='entypo-fontello' title='' data-avia-related-tooltip='Compartir en Twitter' rel=\"noopener\"><span class='avia_hidden_link_text'>Compartir en Twitter<\/span><\/a><\/li><li class='av-share-link av-social-link-whatsapp' ><a target=\"_blank\" aria-label=\"Compartir en Whatsapp\" href='https:\/\/api.whatsapp.com\/send?text=https:\/\/radiorevelacionfm.cl\/?p=39346' aria-hidden='false' data-av_icon='\uf232' data-av_iconfont='entypo-fontello' title='' data-avia-related-tooltip='Compartir en Whatsapp' rel=\"noopener\"><span class='avia_hidden_link_text'>Compartir en Whatsapp<\/span><\/a><\/li><li class='av-share-link av-social-link-linkedin' ><a target=\"_blank\" aria-label=\"Compartir en LinkedIn\" href='https:\/\/linkedin.com\/shareArticle?mini=true&#038;title=Iniciativa%20art%C3%ADstica%20cultural%20se%20ejecut%C3%B3%20en%20sector%20Dos%20R%C3%ADos%20de%20Cochrane&#038;url=https:\/\/radiorevelacionfm.cl\/?p=39346' aria-hidden='false' data-av_icon='\ue8fc' data-av_iconfont='entypo-fontello' title='' data-avia-related-tooltip='Compartir en LinkedIn' rel=\"noopener\"><span class='avia_hidden_link_text'>Compartir en LinkedIn<\/span><\/a><\/li><li class='av-share-link av-social-link-mail' ><a  aria-label=\"Compartir por correo\" href='mailto:?subject=Iniciativa%20art%C3%ADstica%20cultural%20se%20ejecut%C3%B3%20en%20sector%20Dos%20R%C3%ADos%20de%20Cochrane&#038;body=https:\/\/radiorevelacionfm.cl\/?p=39346' aria-hidden='false' data-av_icon='\ue805' data-av_iconfont='entypo-fontello' title='' data-avia-related-tooltip='Compartir por correo'><span class='avia_hidden_link_text'>Compartir por correo<\/span><\/a><\/li><\/ul><\/div><\/div>\n<div  style='height:50px' class='hr hr-invisible   avia-builder-el-8  el_after_av_social_share  el_before_av_comments_list '><span class='hr-inner ' ><span class='hr-inner-style'><\/span><\/span><\/div>\n<div  class='av-buildercomment  av-blog-meta-html-info-disabled av-blog-meta-tag-disabled  '><\/div>\n","protected":false},"excerpt":{"rendered":"","protected":false},"author":1,"featured_media":39347,"comment_status":"open","ping_status":"open","sticky":false,"template":"","format":"standard","meta":{"footnotes":""},"categories":[52],"tags":[],"class_list":["post-39346","post","type-post","status-publish","format-standard","has-post-thumbnail","hentry","category-cultura"],"jetpack_featured_media_url":"https:\/\/radiorevelacionfm.cl\/wp-content\/uploads\/2024\/01\/20240127140526_img_6074-1_optimized-1.jpg","_links":{"self":[{"href":"https:\/\/radiorevelacionfm.cl\/index.php?rest_route=\/wp\/v2\/posts\/39346","targetHints":{"allow":["GET"]}}],"collection":[{"href":"https:\/\/radiorevelacionfm.cl\/index.php?rest_route=\/wp\/v2\/posts"}],"about":[{"href":"https:\/\/radiorevelacionfm.cl\/index.php?rest_route=\/wp\/v2\/types\/post"}],"author":[{"embeddable":true,"href":"https:\/\/radiorevelacionfm.cl\/index.php?rest_route=\/wp\/v2\/users\/1"}],"replies":[{"embeddable":true,"href":"https:\/\/radiorevelacionfm.cl\/index.php?rest_route=%2Fwp%2Fv2%2Fcomments&post=39346"}],"version-history":[{"count":1,"href":"https:\/\/radiorevelacionfm.cl\/index.php?rest_route=\/wp\/v2\/posts\/39346\/revisions"}],"predecessor-version":[{"id":39348,"href":"https:\/\/radiorevelacionfm.cl\/index.php?rest_route=\/wp\/v2\/posts\/39346\/revisions\/39348"}],"wp:featuredmedia":[{"embeddable":true,"href":"https:\/\/radiorevelacionfm.cl\/index.php?rest_route=\/wp\/v2\/media\/39347"}],"wp:attachment":[{"href":"https:\/\/radiorevelacionfm.cl\/index.php?rest_route=%2Fwp%2Fv2%2Fmedia&parent=39346"}],"wp:term":[{"taxonomy":"category","embeddable":true,"href":"https:\/\/radiorevelacionfm.cl\/index.php?rest_route=%2Fwp%2Fv2%2Fcategories&post=39346"},{"taxonomy":"post_tag","embeddable":true,"href":"https:\/\/radiorevelacionfm.cl\/index.php?rest_route=%2Fwp%2Fv2%2Ftags&post=39346"}],"curies":[{"name":"wp","href":"https:\/\/api.w.org\/{rel}","templated":true}]}}