{"id":39340,"date":"2024-01-31T15:06:52","date_gmt":"2024-01-31T18:06:52","guid":{"rendered":"https:\/\/radiorevelacionfm.cl\/?p=39340"},"modified":"2024-01-31T15:06:52","modified_gmt":"2024-01-31T18:06:52","slug":"entregan-60-titulos-de-derechos-de-aprovechamiento-de-aguas-a-personas-con-calidad-de-indigenas-de-la-region","status":"publish","type":"post","link":"https:\/\/radiorevelacionfm.cl\/?p=39340","title":{"rendered":"Entregan 60 t\u00edtulos de derechos de aprovechamiento de aguas a personas con calidad de ind\u00edgenas de la regi\u00f3n"},"content":{"rendered":"<div class=\"flex_column av_one_full  flex_column_div av-zero-column-padding first  avia-builder-el-0  el_before_av_one_full  avia-builder-el-first  \" style='border-radius:0px; '><div  class='avia-image-container  av-styling-    avia-builder-el-1  avia-builder-el-no-sibling  avia-align-center '  itemprop=\"image\" itemscope=\"itemscope\" itemtype=\"https:\/\/schema.org\/ImageObject\"  ><div class='avia-image-container-inner'><div class='avia-image-overlay-wrap'><img decoding=\"async\" class='wp-image-39341 avia-img-lazy-loading-not-39341 avia_image' src=\"https:\/\/radiorevelacionfm.cl\/wp-content\/uploads\/2024\/01\/derechos-agua-1-1_optimized-1.jpeg\" alt='' title='derechos-agua-1-(1)_optimized (1)' height=\"600\" width=\"1067\"  itemprop=\"thumbnailUrl\" srcset=\"https:\/\/radiorevelacionfm.cl\/wp-content\/uploads\/2024\/01\/derechos-agua-1-1_optimized-1.jpeg 1067w, https:\/\/radiorevelacionfm.cl\/wp-content\/uploads\/2024\/01\/derechos-agua-1-1_optimized-1-300x169.jpeg 300w, https:\/\/radiorevelacionfm.cl\/wp-content\/uploads\/2024\/01\/derechos-agua-1-1_optimized-1-1030x579.jpeg 1030w, https:\/\/radiorevelacionfm.cl\/wp-content\/uploads\/2024\/01\/derechos-agua-1-1_optimized-1-768x432.jpeg 768w, https:\/\/radiorevelacionfm.cl\/wp-content\/uploads\/2024\/01\/derechos-agua-1-1_optimized-1-705x396.jpeg 705w, https:\/\/radiorevelacionfm.cl\/wp-content\/uploads\/2024\/01\/derechos-agua-1-1_optimized-1-450x253.jpeg 450w, https:\/\/radiorevelacionfm.cl\/wp-content\/uploads\/2024\/01\/derechos-agua-1-1_optimized-1-600x337.jpeg 600w\" sizes=\"(max-width: 1067px) 100vw, 1067px\" \/><\/div><\/div><\/div><\/div><div class=\"flex_column av_one_full  flex_column_div av-zero-column-padding first  avia-builder-el-2  el_after_av_one_full  el_before_av_one_full  column-top-margin\" style='border-radius:0px; '><section class=\"av_textblock_section \"  itemscope=\"itemscope\" itemtype=\"https:\/\/schema.org\/BlogPosting\" itemprop=\"blogPost\" ><div class='avia_textblock  '   itemprop=\"text\" ><p style=\"text-align: center;\"><strong><span style=\"font-size: 18pt;\">Entregan 60 t\u00edtulos de derechos de aprovechamiento de aguas a personas con calidad de ind\u00edgenas de la regi\u00f3n<\/span><\/strong><\/p>\n<div id=\"gtx-trans\" style=\"position: absolute; left: -50px; top: 4.31534px;\">\n<div class=\"gtx-trans-icon\"><\/div>\n<\/div>\n<\/div><\/section><\/div><div class=\"flex_column av_one_full  flex_column_div av-zero-column-padding first  avia-builder-el-4  el_after_av_one_full  el_before_av_hr  column-top-margin\" style='border-radius:0px; '><section class=\"av_textblock_section \"  itemscope=\"itemscope\" itemtype=\"https:\/\/schema.org\/BlogPosting\" itemprop=\"blogPost\" ><div class='avia_textblock  '   itemprop=\"text\" ><p style=\"text-align: justify;\">Un total de 60 T\u00edtulos de Derechos de Aprovechamiento de Aguas fueron entregados el jueves pasado en una simb\u00f3lica ceremonia en el Centro Cultural de Coyhaique por parte de la Comisi\u00f3n Nacional de Riego del Ministerio de Agricultura a personas ind\u00edgenas acreditadas de 8 comunas de la regi\u00f3n de Ays\u00e9n.<\/p>\n<p style=\"text-align: justify;\">Este importante hito que cont\u00f3 con la participaci\u00f3n de todos los beneficiarios, autoridades regionales y comunales, fue posible tras dos convenios de colaboraci\u00f3n y transferencia de recursos entre la Seremi de Agricultura y CONADI junto al apoyo de la Direcci\u00f3n General de Aguas del MOP Ays\u00e9n.<\/p>\n<p style=\"text-align: justify;\">Luego de cuatro a\u00f1os de arduo trabajo y preocupaci\u00f3n por la obtenci\u00f3n de estos anhelados t\u00edtulos de derechos de aprovechamiento de aguas, Clara Vel\u00e1squez del sector Galera Chico coment\u00f3 que \u00abEs muy importante y de gran logro porque vamos a poder tener estos recursos para emprender en todo lo que es el turismo, la agricultura y ganader\u00eda en el sector rural. Estuvimos m\u00e1s de 4 a\u00f1os postulando para obtener los derechos de agua y hoy feliz y darles gracias a todos los gestores de esto\u00bb, lo que fue reiterado por Estela Levicoy del sector Cerro La Virgen \u00abS\u00ed, hace hartos a\u00f1os lo esperaba y ahora contenta porque voy a ser propietaria de mi propia agua y eso es ideal, sobre todo porque tenemos huerta y es muy esencial ahora tengo la certeza que nadie me va interrumpir por regad\u00edo o gastos de agua\u00bb.<\/p>\n<p style=\"text-align: justify;\">Relevando el trabajo continuo que parti\u00f3 en el a\u00f1o 2019 a trav\u00e9s del convenio con CONADI de colaboraci\u00f3n y transferencia de recursos por 180 millones de pesos y luego en el 2021 por 208 millones de pesos, Eugenio Ruiz Seremi de Agricultura indic\u00f3 que \u00abLa entrega de 60 t\u00edtulos de derechos de aprovechamiento de aguas del d\u00eda jueves 25 de enero, es sin duda un importante hito para la regi\u00f3n de Ays\u00e9n porque fortalece de la gesti\u00f3n de recurso h\u00eddrico disponible, desde el cuidado y buen uso de este recurso escaso a nivel mundial como lo es el agua, sobre todo en los escenarios de calentamiento global y adaptaci\u00f3n al cambio clim\u00e1tico; contribuye a la focalizaci\u00f3n de las pol\u00edticas p\u00fablicas de gobierno con especial \u00e9nfasis en las personas que m\u00e1s requieren del apoyo del estado, como son los adultos mayores y mujeres que se dedican a la actividad silvoagropecuaria y adem\u00e1s cuentan con calidad de ind\u00edgenas; y, finalmente, fortalece el desarrollo de la Agricultura familiar campesina en la regi\u00f3n de Ays\u00e9n, en t\u00e9rminos de este proceso para las 60 familias beneficiadas les permitir\u00e1 contar con esta documentaci\u00f3n legal requerida para proyectar el crecimiento de sus actividades productivas dado que los habilita para postular a diversas fuentes de financiamiento y\/o asociarse para materializar la construcci\u00f3n de obras civiles de riego y\/o drenaje o soluciones h\u00eddricas, desde el espectro de un desarrollo rural y buen vivir\u00a0 justo y sustentable\u00bb.<\/p>\n<p style=\"text-align: justify;\">Destacando el trabajo mancomunado que permiti\u00f3 entregar soluciones definitivas a 60 familias y el compromiso de\u00a0 CONADI en la regi\u00f3n de Ays\u00e9n, Karina Acevedo Seremi de Desarrollo Social y Familia destac\u00f3 que \u00abEs un acto significativo a las familias que son de pueblos originarios y que por tantos a\u00f1os han esperado este hito, porque el agua no solamente tiene que ver con el beneficio del hogar, de mejorar calidad de vida, sino tambi\u00e9n de mejora las condiciones de c\u00f3mo pueden aplicar en su predio los conocimientos ancestrales, los cultivos y sacarle el mejor provecho a la actividad agraria que puedan realizar. Esta es una actividad que ha sido para nosotros muy significativa como Ministerio, que la ejecuta CONADI con el Ministerio de Agricultura y con colaboraci\u00f3n del MOP a trav\u00e9s de la Direcci\u00f3n General de Aguas. Con esto cumplimos a cabalidad con lo que el presidente Gabriel Boric nos ha encomendado de dar respuestas claras, precisa e innovadora, de acuerdo a la demanda del territorio\u00bb.<\/p>\n<p style=\"text-align: justify;\">En la ceremonia Luisa Jara Curinao de Villa Ma\u00f1ihuales entreg\u00f3 un mensaje a los asistentes y resalt\u00f3 la importancia de que se abran nuevas v\u00edas de financiamiento para el sector agr\u00edcola \u00abQuer\u00eda manifestar \u00a0la necesidad de que esto contin\u00fae, que sigamos teniendo proyectos, que si bien es cierto es bueno tener el derecho de aprovechamiento de agua, tambi\u00e9n necesitamos proyectos de riego e innovaci\u00f3n tecnol\u00f3gica, entre otros, para que nuestra calidad de vida vaya cambiando tanto para los j\u00f3venes, adultos como adultos mayores\u00bb.<\/p>\n<p style=\"text-align: justify;\">COMPROMISOS FUTUROS<\/p>\n<p style=\"text-align: justify;\">Desde la Comisi\u00f3n Nacional de Riego su Coordinador Regional, Pablo Bulnes destac\u00f3 el rol de la titularidad de derecho de aprovechamiento de agua que les entrega nuevas herramientas legales para que en el futuro las personas beneficiarias directas de estos convenios puedan postular a la inversi\u00f3n disponible del Estado para el financiamiento tanto de dise\u00f1o, como en la ejecuci\u00f3n obras de riego y\/o drenaje o soluciones h\u00eddricas, adem\u00e1s indic\u00f3 que \u00abmarca un hito muy importante, el 70% de estas personas beneficiarias son mujeres que residen en distintas localidades rurales en 8 comunas, excepto Tortel y Guaitecas, aunque esperamos trabajar con ellos en el futuro. Hoy d\u00eda estamos entregando la esperanza para que puedan forjar el crecimiento productivo y potenciar el desarrollo de la Agricultura Familiar Campesina, de sus predios y que puedan en el futuro contar con sistemas de riego tecnificados o mejorados o con nueva infraestructura, comprometiendo la orientaci\u00f3n que sea necesaria para que puedan acceder a recursos desde el calendario de concursos anual que dispone la Comisi\u00f3n Nacional de Riego\u00bb.<\/p>\n<p style=\"text-align: justify;\">En representaci\u00f3n de la Gobernadora Regional, \u00d3scar Del Solar felicit\u00f3 la iniciativa agregando el compromiso con el desarrollo del territorio en sectores rurales \u00abapostamos al desarrollo de los territorios rurales con enfoque en la autonom\u00eda, eso para nosotros es primordial porque en una regi\u00f3n aislada como la nuestra y adem\u00e1s en donde tenemos las reservas de agua m\u00e1s grande del planeta, la verdad es que a veces es impresentable que tengamos a las comunidades sin acceso a ellas, es por eso que nosotros hemos estado trabajando en distintas \u00e1reas respecto al desarrollo del territorio con enfoque en la ruralidad\u00bb.<\/p>\n<p class=\"v1elementToProof\" style=\"text-align: justify;\">Finalmente, el compromiso de las entidades ejecutoras Minagri- CONADI es dar continuidad a 46 solicitudes de derechos de aprovechamiento que avanzan de manera s\u00f3lida hacia su otorgamiento por parte de la Direcci\u00f3n General de Aguas y de 50 requerimientos que se encuentran en proceso de revisi\u00f3n por esta misma entidad.<\/p>\n<\/div><\/section><\/div><div  style='height:50px' class='hr hr-invisible   avia-builder-el-6  el_after_av_one_full  el_before_av_social_share '><span class='hr-inner ' ><span class='hr-inner-style'><\/span><\/span><\/div><\/p>\n<div  class='av-social-sharing-box  avia-builder-el-7  el_after_av_hr  el_before_av_hr  '><div class='av-share-box'><h5 class='av-share-link-description av-no-toc '>Compartir esta noticia<\/h5><ul class='av-share-box-list noLightbox'><li class='av-share-link av-social-link-facebook' ><a target=\"_blank\" aria-label=\"Compartir en Facebook\" href='https:\/\/www.facebook.com\/sharer.php?u=https:\/\/radiorevelacionfm.cl\/?p=39340&#038;t=Entregan%2060%20t%C3%ADtulos%20de%20derechos%20de%20aprovechamiento%20de%20aguas%20a%20personas%20con%20calidad%20de%20ind%C3%ADgenas%20de%20la%20regi%C3%B3n' aria-hidden='false' data-av_icon='\ue8f3' data-av_iconfont='entypo-fontello' title='' data-avia-related-tooltip='Compartir en Facebook' rel=\"noopener\"><span class='avia_hidden_link_text'>Compartir en Facebook<\/span><\/a><\/li><li class='av-share-link av-social-link-twitter' ><a target=\"_blank\" aria-label=\"Compartir en Twitter\" href='https:\/\/twitter.com\/share?text=Entregan%2060%20t%C3%ADtulos%20de%20derechos%20de%20aprovechamiento%20de%20aguas%20a%20personas%20con%20calidad%20de%20ind%C3%ADgenas%20de%20la%20regi%C3%B3n&#038;url=https:\/\/radiorevelacionfm.cl\/?p=39340' aria-hidden='false' data-av_icon='\ue8f1' data-av_iconfont='entypo-fontello' title='' data-avia-related-tooltip='Compartir en Twitter' rel=\"noopener\"><span class='avia_hidden_link_text'>Compartir en Twitter<\/span><\/a><\/li><li class='av-share-link av-social-link-whatsapp' ><a target=\"_blank\" aria-label=\"Compartir en Whatsapp\" href='https:\/\/api.whatsapp.com\/send?text=https:\/\/radiorevelacionfm.cl\/?p=39340' aria-hidden='false' data-av_icon='\uf232' data-av_iconfont='entypo-fontello' title='' data-avia-related-tooltip='Compartir en Whatsapp' rel=\"noopener\"><span class='avia_hidden_link_text'>Compartir en Whatsapp<\/span><\/a><\/li><li class='av-share-link av-social-link-linkedin' ><a target=\"_blank\" aria-label=\"Compartir en LinkedIn\" href='https:\/\/linkedin.com\/shareArticle?mini=true&#038;title=Entregan%2060%20t%C3%ADtulos%20de%20derechos%20de%20aprovechamiento%20de%20aguas%20a%20personas%20con%20calidad%20de%20ind%C3%ADgenas%20de%20la%20regi%C3%B3n&#038;url=https:\/\/radiorevelacionfm.cl\/?p=39340' aria-hidden='false' data-av_icon='\ue8fc' data-av_iconfont='entypo-fontello' title='' data-avia-related-tooltip='Compartir en LinkedIn' rel=\"noopener\"><span class='avia_hidden_link_text'>Compartir en LinkedIn<\/span><\/a><\/li><li class='av-share-link av-social-link-mail' ><a  aria-label=\"Compartir por correo\" href='mailto:?subject=Entregan%2060%20t%C3%ADtulos%20de%20derechos%20de%20aprovechamiento%20de%20aguas%20a%20personas%20con%20calidad%20de%20ind%C3%ADgenas%20de%20la%20regi%C3%B3n&#038;body=https:\/\/radiorevelacionfm.cl\/?p=39340' aria-hidden='false' data-av_icon='\ue805' data-av_iconfont='entypo-fontello' title='' data-avia-related-tooltip='Compartir por correo'><span class='avia_hidden_link_text'>Compartir por correo<\/span><\/a><\/li><\/ul><\/div><\/div>\n<div  style='height:50px' class='hr hr-invisible   avia-builder-el-8  el_after_av_social_share  el_before_av_comments_list '><span class='hr-inner ' ><span class='hr-inner-style'><\/span><\/span><\/div>\n<div  class='av-buildercomment  av-blog-meta-html-info-disabled av-blog-meta-tag-disabled  '><\/div>\n","protected":false},"excerpt":{"rendered":"","protected":false},"author":1,"featured_media":39341,"comment_status":"open","ping_status":"open","sticky":false,"template":"","format":"standard","meta":{"footnotes":""},"categories":[38],"tags":[],"class_list":["post-39340","post","type-post","status-publish","format-standard","has-post-thumbnail","hentry","category-regional"],"jetpack_featured_media_url":"https:\/\/radiorevelacionfm.cl\/wp-content\/uploads\/2024\/01\/derechos-agua-1-1_optimized-1.jpeg","_links":{"self":[{"href":"https:\/\/radiorevelacionfm.cl\/index.php?rest_route=\/wp\/v2\/posts\/39340","targetHints":{"allow":["GET"]}}],"collection":[{"href":"https:\/\/radiorevelacionfm.cl\/index.php?rest_route=\/wp\/v2\/posts"}],"about":[{"href":"https:\/\/radiorevelacionfm.cl\/index.php?rest_route=\/wp\/v2\/types\/post"}],"author":[{"embeddable":true,"href":"https:\/\/radiorevelacionfm.cl\/index.php?rest_route=\/wp\/v2\/users\/1"}],"replies":[{"embeddable":true,"href":"https:\/\/radiorevelacionfm.cl\/index.php?rest_route=%2Fwp%2Fv2%2Fcomments&post=39340"}],"version-history":[{"count":1,"href":"https:\/\/radiorevelacionfm.cl\/index.php?rest_route=\/wp\/v2\/posts\/39340\/revisions"}],"predecessor-version":[{"id":39342,"href":"https:\/\/radiorevelacionfm.cl\/index.php?rest_route=\/wp\/v2\/posts\/39340\/revisions\/39342"}],"wp:featuredmedia":[{"embeddable":true,"href":"https:\/\/radiorevelacionfm.cl\/index.php?rest_route=\/wp\/v2\/media\/39341"}],"wp:attachment":[{"href":"https:\/\/radiorevelacionfm.cl\/index.php?rest_route=%2Fwp%2Fv2%2Fmedia&parent=39340"}],"wp:term":[{"taxonomy":"category","embeddable":true,"href":"https:\/\/radiorevelacionfm.cl\/index.php?rest_route=%2Fwp%2Fv2%2Fcategories&post=39340"},{"taxonomy":"post_tag","embeddable":true,"href":"https:\/\/radiorevelacionfm.cl\/index.php?rest_route=%2Fwp%2Fv2%2Ftags&post=39340"}],"curies":[{"name":"wp","href":"https:\/\/api.w.org\/{rel}","templated":true}]}}