{"id":39337,"date":"2024-02-01T10:53:00","date_gmt":"2024-02-01T13:53:00","guid":{"rendered":"https:\/\/radiorevelacionfm.cl\/?p=39337"},"modified":"2024-02-01T10:53:00","modified_gmt":"2024-02-01T13:53:00","slug":"convenio-de-colaboracion-entre-la-municipalidad-de-aysen-y-el-sml-permitira-a-usuarios-optar-a-la-obtencion-de-licencia-de-conducir","status":"publish","type":"post","link":"https:\/\/radiorevelacionfm.cl\/?p=39337","title":{"rendered":"Convenio de colaboraci\u00f3n entre la Municipalidad de Ays\u00e9n y el SML permitir\u00e1 a usuarios optar a la obtenci\u00f3n de licencia de conducir"},"content":{"rendered":"<div class=\"flex_column av_one_full  flex_column_div av-zero-column-padding first  avia-builder-el-0  el_before_av_one_full  avia-builder-el-first  \" style='border-radius:0px; '><div  class='avia-image-container  av-styling-    avia-builder-el-1  avia-builder-el-no-sibling  avia-align-center '  itemprop=\"image\" itemscope=\"itemscope\" itemtype=\"https:\/\/schema.org\/ImageObject\"  ><div class='avia-image-container-inner'><div class='avia-image-overlay-wrap'><img decoding=\"async\" class='wp-image-39338 avia-img-lazy-loading-not-39338 avia_image' src=\"https:\/\/radiorevelacionfm.cl\/wp-content\/uploads\/2024\/01\/comunicado-firma-convenio-aysen-1_optimized.jpg\" alt='' title='comunicado-firma-convenio-ays\u00e9n-(1)_optimized' height=\"600\" width=\"1067\"  itemprop=\"thumbnailUrl\" srcset=\"https:\/\/radiorevelacionfm.cl\/wp-content\/uploads\/2024\/01\/comunicado-firma-convenio-aysen-1_optimized.jpg 1067w, https:\/\/radiorevelacionfm.cl\/wp-content\/uploads\/2024\/01\/comunicado-firma-convenio-aysen-1_optimized-300x169.jpg 300w, https:\/\/radiorevelacionfm.cl\/wp-content\/uploads\/2024\/01\/comunicado-firma-convenio-aysen-1_optimized-1030x579.jpg 1030w, https:\/\/radiorevelacionfm.cl\/wp-content\/uploads\/2024\/01\/comunicado-firma-convenio-aysen-1_optimized-768x432.jpg 768w, https:\/\/radiorevelacionfm.cl\/wp-content\/uploads\/2024\/01\/comunicado-firma-convenio-aysen-1_optimized-705x396.jpg 705w, https:\/\/radiorevelacionfm.cl\/wp-content\/uploads\/2024\/01\/comunicado-firma-convenio-aysen-1_optimized-450x253.jpg 450w, https:\/\/radiorevelacionfm.cl\/wp-content\/uploads\/2024\/01\/comunicado-firma-convenio-aysen-1_optimized-600x337.jpg 600w\" sizes=\"(max-width: 1067px) 100vw, 1067px\" \/><\/div><\/div><\/div><\/div><div class=\"flex_column av_one_full  flex_column_div av-zero-column-padding first  avia-builder-el-2  el_after_av_one_full  el_before_av_one_full  column-top-margin\" style='border-radius:0px; '><section class=\"av_textblock_section \"  itemscope=\"itemscope\" itemtype=\"https:\/\/schema.org\/BlogPosting\" itemprop=\"blogPost\" ><div class='avia_textblock  '   itemprop=\"text\" ><p style=\"text-align: center;\"><strong><span style=\"font-size: 18pt;\">Convenio de colaboraci\u00f3n entre la Municipalidad de Ays\u00e9n y el SML permitir\u00e1 a usuarios optar a la obtenci\u00f3n de licencia de conducir<\/span><\/strong><\/p>\n<div id=\"gtx-trans\" style=\"position: absolute; left: -50px; top: 4.31534px;\">\n<div class=\"gtx-trans-icon\"><\/div>\n<\/div>\n<\/div><\/section><\/div><div class=\"flex_column av_one_full  flex_column_div av-zero-column-padding first  avia-builder-el-4  el_after_av_one_full  el_before_av_hr  column-top-margin\" style='border-radius:0px; '><section class=\"av_textblock_section \"  itemscope=\"itemscope\" itemtype=\"https:\/\/schema.org\/BlogPosting\" itemprop=\"blogPost\" ><div class='avia_textblock  '   itemprop=\"text\" ><p style=\"text-align: justify;\">Un importante convenio de colaboraci\u00f3n firmaron recientemente el alcalde de Ilustre \u00a0Municipalidad de Ays\u00e9n Julio Uribe y la Directora del Servicio M\u00e9dico Legal Catherine Sandoval, dicha instancia permitir\u00e1 a un postulante que rinde examen para obtener licencia de conducir y es reprobado por la Direcci\u00f3n de Tr\u00e1nsito, tener una nueva alternativa apelando al Servicio M\u00e9dico Legal, quienes utilizando la infraestructura proporcionada por el Municipio, y a trav\u00e9s de un perito calificado podr\u00e1 pronunciarse en segunda instancia, respecto a las aptitudes f\u00edsicas y ps\u00edquicas de dicho postulante. Dicha instancia cont\u00f3 con la presencia del Seremi de Justicia y Derechos Humanos Samuel Navarro y la directora de Tr\u00e1nsito Mabel Vel\u00e1squez.<\/p>\n<p style=\"text-align: justify;\">La Directora Regional del SML, Catherine Sandoval Marchant se refiri\u00f3 a esta iniciativa se\u00f1alando que \u201ceste es un convenio de colaboraci\u00f3n que hemos realizado en conjunto con la Ilustre Municipalidad de Ays\u00e9n con la finalidad de poder realizar peritajes de transito por parte del Servicio M\u00e9dico Legal en las instalaciones de la Municipalidad, y se traduce a que cuando un usuario le es rechazada su licencia de conducir o tiene limitaci\u00f3n de temporalidad, este puede ser apelado por ley a nuestra instituci\u00f3n que es el Servicio M\u00e9dico Legal, en ese caso un m\u00e9dico del Servicio, un perito realiza una nueva evaluaci\u00f3n y determina finalmente si corresponde hacer un ampliaci\u00f3n o\u00a0 si definitivamente se rechaza esta licencia de conducir siendo \u00e9sta la ultima instancia de apelaci\u00f3n para tener este beneficio\u201d.<\/p>\n<p style=\"text-align: justify;\">En este sentido, el alcalde de Ays\u00e9n Julio Uribe Alvarado indic\u00f3 que \u201ceste convenio permite a los usuarios a los que se les ha rechazado la licencia por parte de la direcci\u00f3n de tr\u00e1nsito,\u00a0 puedan apelar al Servicio M\u00e9dico Legal, al tener este convenio nosotros podemos darle la oportunidad\u00a0 que los m\u00e9dicos del servicio, le puedan tomar la prueba nuevamente y pueda tener otra opci\u00f3n, es un convenio que si no existiera, este servicio no se podr\u00eda dar, por lo tanto creo que es un avance para poder darle a nuestros usuarios una segunda oportunidad\u201d.<\/p>\n<p style=\"text-align: justify;\">En tanto, el Seremi de Justicia y Derechos Humanos Samuel Navarro Castro destac\u00f3 este convenio dado que \u201cpara el sector justicia es altamente valorable tener estos convenios de colaboraci\u00f3n con los municipio porque facilita el trabajo intersectorial e interinstitucional, facilita tambi\u00e9n la vida de los usuarios de la municipalidad por cuanto cuando pueden apelar en este caso a una restricci\u00f3n de licencia o a una negativa de entrega de licencia por alg\u00fan antecedente m\u00e9dico, como dijo la directora es el servicio m\u00e9dico legal la instituci\u00f3n habilitada y con competencias por ley para ratificar lo que dispone la direcci\u00f3n de tr\u00e1nsito, \u00a0modificar esa opini\u00f3n o mantenerla, y en ese sentido se facilita a la ciudadan\u00eda el acceso a esta apelaci\u00f3n y se facilita la posibilidad que el servicio m\u00e9dico legal realice este peritaje en dependencias municipales, por lo tanto es un beneficio tanto para la comunidad, para el municipio y para el servicio que hace esta prestaci\u00f3n que es muy importante y relevante en los casos que ello se necesite\u201d.<\/p>\n<p style=\"text-align: justify;\">Finalmente, cabe mencionar que la facilitaci\u00f3n de las dependencias por parte del Municipio de Ays\u00e9n al Servicio M\u00e9dico Legal ser\u00e1 de lunes a jueves en jornada de tarde de 15:00 a 17:00 horas, oportunidad en que asistir\u00e1 a la realizaci\u00f3n de esta pericia, un m\u00e9dico del SML debidamente capacitado para tales fines.<\/p>\n<\/div><\/section><\/div><div  style='height:50px' class='hr hr-invisible   avia-builder-el-6  el_after_av_one_full  el_before_av_social_share '><span class='hr-inner ' ><span class='hr-inner-style'><\/span><\/span><\/div><\/p>\n<div  class='av-social-sharing-box  avia-builder-el-7  el_after_av_hr  el_before_av_hr  '><div class='av-share-box'><h5 class='av-share-link-description av-no-toc '>Compartir esta noticia<\/h5><ul class='av-share-box-list noLightbox'><li class='av-share-link av-social-link-facebook' ><a target=\"_blank\" aria-label=\"Compartir en Facebook\" href='https:\/\/www.facebook.com\/sharer.php?u=https:\/\/radiorevelacionfm.cl\/?p=39337&#038;t=Convenio%20de%20colaboraci%C3%B3n%20entre%20la%20Municipalidad%20de%20Ays%C3%A9n%20y%20el%20SML%20permitir%C3%A1%20a%20usuarios%20optar%20a%20la%20obtenci%C3%B3n%20de%20licencia%20de%20conducir' aria-hidden='false' data-av_icon='\ue8f3' data-av_iconfont='entypo-fontello' title='' data-avia-related-tooltip='Compartir en Facebook' rel=\"noopener\"><span class='avia_hidden_link_text'>Compartir en Facebook<\/span><\/a><\/li><li class='av-share-link av-social-link-twitter' ><a target=\"_blank\" aria-label=\"Compartir en Twitter\" href='https:\/\/twitter.com\/share?text=Convenio%20de%20colaboraci%C3%B3n%20entre%20la%20Municipalidad%20de%20Ays%C3%A9n%20y%20el%20SML%20permitir%C3%A1%20a%20usuarios%20optar%20a%20la%20obtenci%C3%B3n%20de%20licencia%20de%20conducir&#038;url=https:\/\/radiorevelacionfm.cl\/?p=39337' aria-hidden='false' data-av_icon='\ue8f1' data-av_iconfont='entypo-fontello' title='' data-avia-related-tooltip='Compartir en Twitter' rel=\"noopener\"><span class='avia_hidden_link_text'>Compartir en Twitter<\/span><\/a><\/li><li class='av-share-link av-social-link-whatsapp' ><a target=\"_blank\" aria-label=\"Compartir en Whatsapp\" href='https:\/\/api.whatsapp.com\/send?text=https:\/\/radiorevelacionfm.cl\/?p=39337' aria-hidden='false' data-av_icon='\uf232' data-av_iconfont='entypo-fontello' title='' data-avia-related-tooltip='Compartir en Whatsapp' rel=\"noopener\"><span class='avia_hidden_link_text'>Compartir en Whatsapp<\/span><\/a><\/li><li class='av-share-link av-social-link-linkedin' ><a target=\"_blank\" aria-label=\"Compartir en LinkedIn\" href='https:\/\/linkedin.com\/shareArticle?mini=true&#038;title=Convenio%20de%20colaboraci%C3%B3n%20entre%20la%20Municipalidad%20de%20Ays%C3%A9n%20y%20el%20SML%20permitir%C3%A1%20a%20usuarios%20optar%20a%20la%20obtenci%C3%B3n%20de%20licencia%20de%20conducir&#038;url=https:\/\/radiorevelacionfm.cl\/?p=39337' aria-hidden='false' data-av_icon='\ue8fc' data-av_iconfont='entypo-fontello' title='' data-avia-related-tooltip='Compartir en LinkedIn' rel=\"noopener\"><span class='avia_hidden_link_text'>Compartir en LinkedIn<\/span><\/a><\/li><li class='av-share-link av-social-link-mail' ><a  aria-label=\"Compartir por correo\" href='mailto:?subject=Convenio%20de%20colaboraci%C3%B3n%20entre%20la%20Municipalidad%20de%20Ays%C3%A9n%20y%20el%20SML%20permitir%C3%A1%20a%20usuarios%20optar%20a%20la%20obtenci%C3%B3n%20de%20licencia%20de%20conducir&#038;body=https:\/\/radiorevelacionfm.cl\/?p=39337' aria-hidden='false' data-av_icon='\ue805' data-av_iconfont='entypo-fontello' title='' data-avia-related-tooltip='Compartir por correo'><span class='avia_hidden_link_text'>Compartir por correo<\/span><\/a><\/li><\/ul><\/div><\/div>\n<div  style='height:50px' class='hr hr-invisible   avia-builder-el-8  el_after_av_social_share  el_before_av_comments_list '><span class='hr-inner ' ><span class='hr-inner-style'><\/span><\/span><\/div>\n<div  class='av-buildercomment  av-blog-meta-html-info-disabled av-blog-meta-tag-disabled  '><\/div>\n","protected":false},"excerpt":{"rendered":"","protected":false},"author":1,"featured_media":39338,"comment_status":"open","ping_status":"open","sticky":false,"template":"","format":"standard","meta":{"footnotes":""},"categories":[38],"tags":[],"class_list":["post-39337","post","type-post","status-publish","format-standard","has-post-thumbnail","hentry","category-regional"],"jetpack_featured_media_url":"https:\/\/radiorevelacionfm.cl\/wp-content\/uploads\/2024\/01\/comunicado-firma-convenio-aysen-1_optimized.jpg","_links":{"self":[{"href":"https:\/\/radiorevelacionfm.cl\/index.php?rest_route=\/wp\/v2\/posts\/39337","targetHints":{"allow":["GET"]}}],"collection":[{"href":"https:\/\/radiorevelacionfm.cl\/index.php?rest_route=\/wp\/v2\/posts"}],"about":[{"href":"https:\/\/radiorevelacionfm.cl\/index.php?rest_route=\/wp\/v2\/types\/post"}],"author":[{"embeddable":true,"href":"https:\/\/radiorevelacionfm.cl\/index.php?rest_route=\/wp\/v2\/users\/1"}],"replies":[{"embeddable":true,"href":"https:\/\/radiorevelacionfm.cl\/index.php?rest_route=%2Fwp%2Fv2%2Fcomments&post=39337"}],"version-history":[{"count":1,"href":"https:\/\/radiorevelacionfm.cl\/index.php?rest_route=\/wp\/v2\/posts\/39337\/revisions"}],"predecessor-version":[{"id":39339,"href":"https:\/\/radiorevelacionfm.cl\/index.php?rest_route=\/wp\/v2\/posts\/39337\/revisions\/39339"}],"wp:featuredmedia":[{"embeddable":true,"href":"https:\/\/radiorevelacionfm.cl\/index.php?rest_route=\/wp\/v2\/media\/39338"}],"wp:attachment":[{"href":"https:\/\/radiorevelacionfm.cl\/index.php?rest_route=%2Fwp%2Fv2%2Fmedia&parent=39337"}],"wp:term":[{"taxonomy":"category","embeddable":true,"href":"https:\/\/radiorevelacionfm.cl\/index.php?rest_route=%2Fwp%2Fv2%2Fcategories&post=39337"},{"taxonomy":"post_tag","embeddable":true,"href":"https:\/\/radiorevelacionfm.cl\/index.php?rest_route=%2Fwp%2Fv2%2Ftags&post=39337"}],"curies":[{"name":"wp","href":"https:\/\/api.w.org\/{rel}","templated":true}]}}