{"id":39331,"date":"2024-01-31T09:53:39","date_gmt":"2024-01-31T12:53:39","guid":{"rendered":"https:\/\/radiorevelacionfm.cl\/?p=39331"},"modified":"2024-01-31T09:53:39","modified_gmt":"2024-01-31T12:53:39","slug":"mop-invertira-128-mil-millones-este-ano-2024-y-proyecta-pick-de-5-mil-empleos","status":"publish","type":"post","link":"https:\/\/radiorevelacionfm.cl\/?p=39331","title":{"rendered":"MOP invertir\u00e1 128 mil millones este a\u00f1o 2024 y proyecta pick de 5 mil empleos"},"content":{"rendered":"<div class=\"flex_column av_one_full  flex_column_div av-zero-column-padding first  avia-builder-el-0  el_before_av_one_full  avia-builder-el-first  \" style='border-radius:0px; '><div  class='avia-image-container  av-styling-    avia-builder-el-1  avia-builder-el-no-sibling  avia-align-center '  itemprop=\"image\" itemscope=\"itemscope\" itemtype=\"https:\/\/schema.org\/ImageObject\"  ><div class='avia-image-container-inner'><div class='avia-image-overlay-wrap'><img decoding=\"async\" class='wp-image-39332 avia-img-lazy-loading-not-39332 avia_image' src=\"https:\/\/radiorevelacionfm.cl\/wp-content\/uploads\/2024\/01\/03-dji_20240122173848_0045_v-1_optimized.jpg\" alt='' title='03-dji_20240122173848_0045_v-(1)_optimized' height=\"600\" width=\"801\"  itemprop=\"thumbnailUrl\" srcset=\"https:\/\/radiorevelacionfm.cl\/wp-content\/uploads\/2024\/01\/03-dji_20240122173848_0045_v-1_optimized.jpg 801w, https:\/\/radiorevelacionfm.cl\/wp-content\/uploads\/2024\/01\/03-dji_20240122173848_0045_v-1_optimized-300x225.jpg 300w, https:\/\/radiorevelacionfm.cl\/wp-content\/uploads\/2024\/01\/03-dji_20240122173848_0045_v-1_optimized-768x575.jpg 768w, https:\/\/radiorevelacionfm.cl\/wp-content\/uploads\/2024\/01\/03-dji_20240122173848_0045_v-1_optimized-705x528.jpg 705w, https:\/\/radiorevelacionfm.cl\/wp-content\/uploads\/2024\/01\/03-dji_20240122173848_0045_v-1_optimized-450x337.jpg 450w, https:\/\/radiorevelacionfm.cl\/wp-content\/uploads\/2024\/01\/03-dji_20240122173848_0045_v-1_optimized-600x449.jpg 600w\" sizes=\"(max-width: 801px) 100vw, 801px\" \/><\/div><\/div><\/div><\/div><div class=\"flex_column av_one_full  flex_column_div av-zero-column-padding first  avia-builder-el-2  el_after_av_one_full  el_before_av_one_full  column-top-margin\" style='border-radius:0px; '><section class=\"av_textblock_section \"  itemscope=\"itemscope\" itemtype=\"https:\/\/schema.org\/BlogPosting\" itemprop=\"blogPost\" ><div class='avia_textblock  '   itemprop=\"text\" ><p style=\"text-align: center;\"><strong><span style=\"font-size: 18pt;\">MOP invertir\u00e1 128 mil millones este a\u00f1o 2024 y proyecta pick de 5 mil empleos<\/span><\/strong><\/p>\n<div id=\"gtx-trans\" style=\"position: absolute; left: -50px; top: 4.31534px;\">\n<div class=\"gtx-trans-icon\"><\/div>\n<\/div>\n<\/div><\/section><\/div><div class=\"flex_column av_one_full  flex_column_div av-zero-column-padding first  avia-builder-el-4  el_after_av_one_full  el_before_av_hr  column-top-margin\" style='border-radius:0px; '><section class=\"av_textblock_section \"  itemscope=\"itemscope\" itemtype=\"https:\/\/schema.org\/BlogPosting\" itemprop=\"blogPost\" ><div class='avia_textblock  '   itemprop=\"text\" ><p style=\"text-align: justify;\"><em>\u201cGran parte de estas iniciativas ya est\u00e1n en licitaci\u00f3n y adportas de hacer sus aperturas, lo que nos permitir\u00e1 llegar con obra p\u00fablica, empleo y bienestar a las personas con una completa cartera de iniciativas programadas dentro de la agenda de reactivaci\u00f3n econ\u00f3mica que impulsa nuestro gobierno, entre las que destaca una fuerte inversi\u00f3n en el mejoramiento de caminos v\u00eda aplicaci\u00f3n de suelo cemento y\/o sellos asf\u00e1lticos\u201d, destac\u00f3 el SEREMI del MOP.<\/em><\/p>\n<p style=\"text-align: justify;\">En los trabajos de conservaci\u00f3n mayor que se le realizan a la pista del Aer\u00f3dromo de Villa O\u00b4Higgins, el Secretario Regional Ministerial de Obras P\u00fablicas, Patricio Sanhueza Ulloa destac\u00f3 el cumplimiento de la ejecuci\u00f3n presupuestaria del Ministerio de Obras P\u00fablicas el a\u00f1o 2023, el que roz\u00f3 los 80 mil millones de pesos y anunci\u00f3 una importante cartera de obras programadas dentro de la agenda de reactivaci\u00f3n econ\u00f3mica que impulsa el gobierno del presidente Gabriel Boric para el a\u00f1o 2024, la que considera una inversi\u00f3n MOP de $128 mil millones. Sumamos a ello, la inversi\u00f3n v\u00eda mandato de $13.154 millones, por lo tanto tras los ajustes de programaci\u00f3n presupuestaria proyectada, este a\u00f1o 2024 superaremos en total los 142 mil millones de inversi\u00f3n en la regi\u00f3n de Ays\u00e9n, y proyectamos en momento pick 5 mil empleos.<\/p>\n<p style=\"text-align: justify;\">El Seremi del MOP agreg\u00f3 que \u201cen esta importante obra quisimos tambi\u00e9n dar cuenta de los resultados de la ejecuci\u00f3n presupuestaria en el a\u00f1o 2023 y dar a conocer las proyecciones para este 2024, indicando al respecto que \u201chemos recibido la administraci\u00f3n en una situaci\u00f3n muy delicada y grave. Los coletazos de esas situaciones nos han perseguido hasta el a\u00f1o 2023 con recursos judiciales y administrativos que impidieron que ejecut\u00e1ramos obra p\u00fablica; sin embargo, el Ministerio de Obras P\u00fablicas en la regi\u00f3n de Ays\u00e9n ha rozado los 80 mil millones de pesos en la ejecuci\u00f3n presupuestaria el a\u00f1o 2023, lo que es un tremendo logro. Si a eso le agregamos la ejecuci\u00f3n mandatada que tambi\u00e9n ejecutamos nosotros, la cifra aumenta y son 105 mil millones de pesos de inversi\u00f3n en beneficio de nuestras comunidades, as\u00ed que estamos muy satisfechos y contentos, porque contra toda situaci\u00f3n adversa hemos logrado estos niveles de ejecuci\u00f3n, los que entendemos son los m\u00e1s altos que cualquier Instituci\u00f3n dentro de la regi\u00f3n de Ays\u00e9n; pero adem\u00e1s, hacemos un llamado a ser optimistas, porque el a\u00f1o 2024 es de reactivaci\u00f3n econ\u00f3mica y por ese motivo hoy estamos junto a la Delegada y los Seremis de Econom\u00eda, Fomento y Turismo y Transportes y Telecomunicaciones, porque estamos cumpliendo la ruta del Plan de Conectividad, pero tambi\u00e9n vamos a contar con una agenda econ\u00f3mica importante y pro empleo, y ellos son parte integral en este trabajo que estamos haciendo como gobierno en nuestra regi\u00f3n. Son 128 mil millones de pesos programados para este a\u00f1o 2024, en d\u00f3nde uno de los \u00e9nfasis ser\u00e1 cumplir los compromisos presidenciales y ministeriales con la comunidad, entre ellos avanzar en el mejoramiento de caminos con la aplicaci\u00f3n de suelo cemento y\/o sellos asf\u00e1lticos, entre otras importantes obras. Gran parte de estas iniciativas ya est\u00e1n en licitaci\u00f3n y est\u00e1n adportas de hacer sus aperturas t\u00e9cnicas y econ\u00f3micas, lo que nos permitir\u00e1 llegar con la obra p\u00fablica y con bienestar a m\u00e1s personas\u201d.<\/p>\n<p style=\"text-align: justify;\">En la ocasi\u00f3n, la autoridad regional de Obras P\u00fablicas estuvo acompa\u00f1ado por la Delegada Presidencial de la Provincia Capit\u00e1n Prat Marta Montiel Alarc\u00f3n, la Alcaldesa Subrogante de la comuna de O\u00b4Higgins Yaline Riveros Saez, la Directora Regional de Aeropuertos Anita \u00c1lvarez Lemus y el Inspector Fiscal de Aeropuertos MOP Juan Ruiz, los Secretarios Regionales Ministeriales de Econom\u00eda, Fomento y Turismo Felipe Rojas Pizarro y de Transportes y Telecomunicaciones Rudolf Hans Zimmermann Due\u00f1as, con quienes efectuaron una inspecci\u00f3n a la ejecuci\u00f3n de las obras de conservaci\u00f3n mayor a la pista del Aer\u00f3dromo, las que consideran la aplicaci\u00f3n de doble tratamiento superficial en pista, la habilitaci\u00f3n de pista alternativa, perfilado en franja y roce, constatando a la fecha un 25% de avance. Patricio Sanhueza al respecto indic\u00f3: \u201cEstamos en la pista del Aer\u00f3dromo de Villa O\u00b4Higgins, en un hito muy relevante, por cuanto esta conservaci\u00f3n mayor que se realiza con una inversi\u00f3n de nuestra Direcci\u00f3n Regional de Aeropuertos de 1800 millones de pesos es un anuncio y compromiso realizado por nuestro presidente Gabriel Boric Font y forma parte de la hoja de ruta del Ministerio de Obras P\u00fablicas en el marco de la ejecuci\u00f3n del Plan de Mejoramiento, Integraci\u00f3n y Conectividad entre la provincia de Palena y la regi\u00f3n de Ays\u00e9n\u201d.<\/p>\n<p style=\"text-align: justify;\">La Alcaldesa Subrogante Yaline Riveros Saez acerca de las obras en el Aer\u00f3dromo indic\u00f3: \u201cA nombre de la comunidad estamos contentos con ver los avances que tiene esta obra, los que van bastante m\u00e1s r\u00e1pido de lo que se esperaba, as\u00ed que nosotros estamos muy contentos con este mejoramiento que va a tener impacto en los procesos de conectividad de nuestra comunidad\u201d.<\/p>\n<p style=\"text-align: justify;\">Por su parte, la Delegada Presidencial de la Provincia Capit\u00e1n Prat Marta Montiel manifest\u00f3: \u201cla comunidad de O\u00b4Higgins est\u00e1 contenta y nosotros como gobierno tambi\u00e9n. Por una parte, estamos cumpliendo un compromiso de nuestro presidente Gabriel Boric Font de mejorar las condiciones de conectividad. No s\u00f3lo son carreteras, los Aer\u00f3dromos y los puntos de posada que ya nos ha anunciado el presidente son muy relevantes para comunidades como O\u00b4Higgins y por eso hoy estamos destacando este hito y no es menor que nos acompa\u00f1en tambi\u00e9n nuestros Seremis de Transportes y de Econom\u00eda de la regi\u00f3n de Ays\u00e9n porque el fomento productivo y el desarrollo econ\u00f3mico local tambi\u00e9n se desarrolla v\u00eda a\u00e9rea, y tambi\u00e9n contamos con subsidio a\u00e9reo que son significativos y muy necesarios para los vecinos y vecinas de Villa O\u00b4Higgins. Seguimos\u201d.<\/p>\n<\/div><\/section><\/div><div  style='height:50px' class='hr hr-invisible   avia-builder-el-6  el_after_av_one_full  el_before_av_social_share '><span class='hr-inner ' ><span class='hr-inner-style'><\/span><\/span><\/div><\/p>\n<div  class='av-social-sharing-box  avia-builder-el-7  el_after_av_hr  el_before_av_hr  '><div class='av-share-box'><h5 class='av-share-link-description av-no-toc '>Compartir esta noticia<\/h5><ul class='av-share-box-list noLightbox'><li class='av-share-link av-social-link-facebook' ><a target=\"_blank\" aria-label=\"Compartir en Facebook\" href='https:\/\/www.facebook.com\/sharer.php?u=https:\/\/radiorevelacionfm.cl\/?p=39331&#038;t=MOP%20invertir%C3%A1%20128%20mil%20millones%20este%20a%C3%B1o%202024%20y%20proyecta%20pick%20de%205%20mil%20empleos' aria-hidden='false' data-av_icon='\ue8f3' data-av_iconfont='entypo-fontello' title='' data-avia-related-tooltip='Compartir en Facebook' rel=\"noopener\"><span class='avia_hidden_link_text'>Compartir en Facebook<\/span><\/a><\/li><li class='av-share-link av-social-link-twitter' ><a target=\"_blank\" aria-label=\"Compartir en Twitter\" href='https:\/\/twitter.com\/share?text=MOP%20invertir%C3%A1%20128%20mil%20millones%20este%20a%C3%B1o%202024%20y%20proyecta%20pick%20de%205%20mil%20empleos&#038;url=https:\/\/radiorevelacionfm.cl\/?p=39331' aria-hidden='false' data-av_icon='\ue8f1' data-av_iconfont='entypo-fontello' title='' data-avia-related-tooltip='Compartir en Twitter' rel=\"noopener\"><span class='avia_hidden_link_text'>Compartir en Twitter<\/span><\/a><\/li><li class='av-share-link av-social-link-whatsapp' ><a target=\"_blank\" aria-label=\"Compartir en Whatsapp\" href='https:\/\/api.whatsapp.com\/send?text=https:\/\/radiorevelacionfm.cl\/?p=39331' aria-hidden='false' data-av_icon='\uf232' data-av_iconfont='entypo-fontello' title='' data-avia-related-tooltip='Compartir en Whatsapp' rel=\"noopener\"><span class='avia_hidden_link_text'>Compartir en Whatsapp<\/span><\/a><\/li><li class='av-share-link av-social-link-linkedin' ><a target=\"_blank\" aria-label=\"Compartir en LinkedIn\" href='https:\/\/linkedin.com\/shareArticle?mini=true&#038;title=MOP%20invertir%C3%A1%20128%20mil%20millones%20este%20a%C3%B1o%202024%20y%20proyecta%20pick%20de%205%20mil%20empleos&#038;url=https:\/\/radiorevelacionfm.cl\/?p=39331' aria-hidden='false' data-av_icon='\ue8fc' data-av_iconfont='entypo-fontello' title='' data-avia-related-tooltip='Compartir en LinkedIn' rel=\"noopener\"><span class='avia_hidden_link_text'>Compartir en LinkedIn<\/span><\/a><\/li><li class='av-share-link av-social-link-mail' ><a  aria-label=\"Compartir por correo\" href='mailto:?subject=MOP%20invertir%C3%A1%20128%20mil%20millones%20este%20a%C3%B1o%202024%20y%20proyecta%20pick%20de%205%20mil%20empleos&#038;body=https:\/\/radiorevelacionfm.cl\/?p=39331' aria-hidden='false' data-av_icon='\ue805' data-av_iconfont='entypo-fontello' title='' data-avia-related-tooltip='Compartir por correo'><span class='avia_hidden_link_text'>Compartir por correo<\/span><\/a><\/li><\/ul><\/div><\/div>\n<div  style='height:50px' class='hr hr-invisible   avia-builder-el-8  el_after_av_social_share  el_before_av_comments_list '><span class='hr-inner ' ><span class='hr-inner-style'><\/span><\/span><\/div>\n<div  class='av-buildercomment  av-blog-meta-html-info-disabled av-blog-meta-tag-disabled  '><\/div>\n","protected":false},"excerpt":{"rendered":"","protected":false},"author":1,"featured_media":39332,"comment_status":"open","ping_status":"open","sticky":false,"template":"","format":"standard","meta":{"footnotes":""},"categories":[38],"tags":[],"class_list":["post-39331","post","type-post","status-publish","format-standard","has-post-thumbnail","hentry","category-regional"],"jetpack_featured_media_url":"https:\/\/radiorevelacionfm.cl\/wp-content\/uploads\/2024\/01\/03-dji_20240122173848_0045_v-1_optimized.jpg","_links":{"self":[{"href":"https:\/\/radiorevelacionfm.cl\/index.php?rest_route=\/wp\/v2\/posts\/39331","targetHints":{"allow":["GET"]}}],"collection":[{"href":"https:\/\/radiorevelacionfm.cl\/index.php?rest_route=\/wp\/v2\/posts"}],"about":[{"href":"https:\/\/radiorevelacionfm.cl\/index.php?rest_route=\/wp\/v2\/types\/post"}],"author":[{"embeddable":true,"href":"https:\/\/radiorevelacionfm.cl\/index.php?rest_route=\/wp\/v2\/users\/1"}],"replies":[{"embeddable":true,"href":"https:\/\/radiorevelacionfm.cl\/index.php?rest_route=%2Fwp%2Fv2%2Fcomments&post=39331"}],"version-history":[{"count":1,"href":"https:\/\/radiorevelacionfm.cl\/index.php?rest_route=\/wp\/v2\/posts\/39331\/revisions"}],"predecessor-version":[{"id":39333,"href":"https:\/\/radiorevelacionfm.cl\/index.php?rest_route=\/wp\/v2\/posts\/39331\/revisions\/39333"}],"wp:featuredmedia":[{"embeddable":true,"href":"https:\/\/radiorevelacionfm.cl\/index.php?rest_route=\/wp\/v2\/media\/39332"}],"wp:attachment":[{"href":"https:\/\/radiorevelacionfm.cl\/index.php?rest_route=%2Fwp%2Fv2%2Fmedia&parent=39331"}],"wp:term":[{"taxonomy":"category","embeddable":true,"href":"https:\/\/radiorevelacionfm.cl\/index.php?rest_route=%2Fwp%2Fv2%2Fcategories&post=39331"},{"taxonomy":"post_tag","embeddable":true,"href":"https:\/\/radiorevelacionfm.cl\/index.php?rest_route=%2Fwp%2Fv2%2Ftags&post=39331"}],"curies":[{"name":"wp","href":"https:\/\/api.w.org\/{rel}","templated":true}]}}