{"id":39328,"date":"2024-01-31T20:00:36","date_gmt":"2024-01-31T23:00:36","guid":{"rendered":"https:\/\/radiorevelacionfm.cl\/?p=39328"},"modified":"2024-01-31T20:00:36","modified_gmt":"2024-01-31T23:00:36","slug":"convocan-a-dialogar-por-que-es-importante-la-reforma-de-pensiones","status":"publish","type":"post","link":"https:\/\/radiorevelacionfm.cl\/?p=39328","title":{"rendered":"Convocan a dialogar \u00bfPor qu\u00e9 es importante la Reforma de Pensiones?"},"content":{"rendered":"<div class=\"flex_column av_one_full  flex_column_div av-zero-column-padding first  avia-builder-el-0  el_before_av_one_full  avia-builder-el-first  \" style='border-radius:0px; '><div  class='avia-image-container  av-styling-    avia-builder-el-1  avia-builder-el-no-sibling  avia-align-center '  itemprop=\"image\" itemscope=\"itemscope\" itemtype=\"https:\/\/schema.org\/ImageObject\"  ><div class='avia-image-container-inner'><div class='avia-image-overlay-wrap'><img decoding=\"async\" class='wp-image-39329 avia-img-lazy-loading-not-39329 avia_image' src=\"https:\/\/radiorevelacionfm.cl\/wp-content\/uploads\/2024\/01\/seremis_gob-dsf-trabajo-2-1_optimized-1.jpeg\" alt='' title='seremis_gob-dsf-trabajo-2-(1)_optimized (1)' height=\"600\" width=\"960\"  itemprop=\"thumbnailUrl\" srcset=\"https:\/\/radiorevelacionfm.cl\/wp-content\/uploads\/2024\/01\/seremis_gob-dsf-trabajo-2-1_optimized-1.jpeg 960w, https:\/\/radiorevelacionfm.cl\/wp-content\/uploads\/2024\/01\/seremis_gob-dsf-trabajo-2-1_optimized-1-300x188.jpeg 300w, https:\/\/radiorevelacionfm.cl\/wp-content\/uploads\/2024\/01\/seremis_gob-dsf-trabajo-2-1_optimized-1-768x480.jpeg 768w, https:\/\/radiorevelacionfm.cl\/wp-content\/uploads\/2024\/01\/seremis_gob-dsf-trabajo-2-1_optimized-1-705x441.jpeg 705w, https:\/\/radiorevelacionfm.cl\/wp-content\/uploads\/2024\/01\/seremis_gob-dsf-trabajo-2-1_optimized-1-450x281.jpeg 450w, https:\/\/radiorevelacionfm.cl\/wp-content\/uploads\/2024\/01\/seremis_gob-dsf-trabajo-2-1_optimized-1-600x375.jpeg 600w\" sizes=\"(max-width: 960px) 100vw, 960px\" \/><\/div><\/div><\/div><\/div><div class=\"flex_column av_one_full  flex_column_div av-zero-column-padding first  avia-builder-el-2  el_after_av_one_full  el_before_av_one_full  column-top-margin\" style='border-radius:0px; '><section class=\"av_textblock_section \"  itemscope=\"itemscope\" itemtype=\"https:\/\/schema.org\/BlogPosting\" itemprop=\"blogPost\" ><div class='avia_textblock  '   itemprop=\"text\" ><p style=\"text-align: center;\"><span style=\"font-size: 18pt;\"><b>Convocan a dialogar \u00bfPor qu\u00e9 es importante la Reforma de Pensiones?<\/b><\/span><\/p>\n<div id=\"gtx-trans\" style=\"position: absolute; left: -50px; top: 4.31534px;\">\n<div class=\"gtx-trans-icon\"><\/div>\n<\/div>\n<\/div><\/section><\/div><div class=\"flex_column av_one_full  flex_column_div av-zero-column-padding first  avia-builder-el-4  el_after_av_one_full  el_before_av_hr  column-top-margin\" style='border-radius:0px; '><section class=\"av_textblock_section \"  itemscope=\"itemscope\" itemtype=\"https:\/\/schema.org\/BlogPosting\" itemprop=\"blogPost\" ><div class='avia_textblock  '   itemprop=\"text\" ><p class=\"v1MsoNormal\" style=\"text-align: justify;\">Con el objetivo de mantener informada a los dirigentes sindicales, sociales, gremiales, de adultos mayores y a la comunidad en general, los Seremis de Trabajo y Previsi\u00f3n Social, Seremi de Desarrollo Social y Familia, y Seremi de Gobierno, est\u00e1n convocando al Di\u00e1logo ciudadano\u00a0<b>\u00ab\u00bfPor qu\u00e9 es importante la Reforma de Pensiones: la iniciativa y sus avances\u00bb<\/b>.<b><i><\/i><\/b><\/p>\n<p class=\"v1MsoNormal\" style=\"text-align: justify;\">En este sentido, la Seremi de Desarrollo Social y Familia, Karina Acevedo Auad, coment\u00f3 sobre el proyecto de ley, \u00abLlevamos m\u00e1s de 10 a\u00f1os discutiendo una Reforma de Pensiones. Hoy el Presidente Gabriel Boric ya present\u00f3 una propuesta en el Congreso, que se est\u00e1 discutiendo con las diferentes fuerzas pol\u00edticas, donde hemos llegado a acuerdos. Es importante que puedas conocerla, discutir con nosotros e informarte, porque esto beneficia no solamente a quienes se jubilan ahora, sino que a quienes jubilaron, estamos pensando en presente y futuro\u00bb.<\/p>\n<p class=\"v1MsoNormal\" style=\"text-align: justify;\">Por su parte, el Seremi de Trabajo y Previsi\u00f3n Social, Rodrigo D\u00edaz Cordaro destac\u00f3 que uno de los grandes avances fue la idea de legislar, \u00abTenemos buenas noticias porque se aprob\u00f3 la idea de legislar la Reforma de Pensiones. Lo primero es que se aprob\u00f3 la separaci\u00f3n de la industria de la AFP, eso nos permite tener instituciones al servicio de dar buenas pensiones, tambi\u00e9n se crea el Seguro Social y se aprueba la Pensi\u00f3n Garantizada Universal en el marco de la responsabilidad fiscal. As\u00ed es que te invitamos a informarte\u00bb.<\/p>\n<p class=\"v1MsoNormal\" style=\"text-align: justify;\">Sobre la necesidad de llegar a acuerdos, la Seremi de Gobierno, Tatiana Pl\u00e1 \u00c1lvarez, quien moderar\u00e1 di\u00e1logo, afirm\u00f3, \u00abIngresamos la Reforma de Pensiones hace 10 meses y como Gobierno sabemos que las y los pensionados chilenos, que han trabajado toda su vida, hoy d\u00eda tienen pensiones que no les alcanzan para vivir. Por esto es importante que todos los sectores pol\u00edticos nos podamos poner de acuerdo con un solo objetivo, subir las pensiones de las y los chilenos, ir conociendo las distintas posturas y pensar en la gente, en su beneficio y en su bienestar, que es nuestro objetivo como Gobierno\u00bb.<\/p>\n<p class=\"v1MsoNormal\" style=\"text-align: justify;\">En este encuentro ciudadano que se realizar\u00e1 el viernes 2 de febrero a las 15:30 hrs. en el Auditorio del Servicio de Salud Ays\u00e9n, ubicado en el Hospital Regional, Jorge Ibar 0168, Coyhaique, expondr\u00e1n los Seremis Rodrigo D\u00edaz y Karina Acevedo, quienes dar\u00e1n cuenta de los cambios en la iniciativa, sus avances y desaf\u00edos.<\/p>\n<\/div><\/section><\/div><div  style='height:50px' class='hr hr-invisible   avia-builder-el-6  el_after_av_one_full  el_before_av_social_share '><span class='hr-inner ' ><span class='hr-inner-style'><\/span><\/span><\/div><\/p>\n<div  class='av-social-sharing-box  avia-builder-el-7  el_after_av_hr  el_before_av_hr  '><div class='av-share-box'><h5 class='av-share-link-description av-no-toc '>Compartir esta noticia<\/h5><ul class='av-share-box-list noLightbox'><li class='av-share-link av-social-link-facebook' ><a target=\"_blank\" aria-label=\"Compartir en Facebook\" href='https:\/\/www.facebook.com\/sharer.php?u=https:\/\/radiorevelacionfm.cl\/?p=39328&#038;t=Convocan%20a%20dialogar%20%C2%BFPor%20qu%C3%A9%20es%20importante%20la%20Reforma%20de%20Pensiones%3F' aria-hidden='false' data-av_icon='\ue8f3' data-av_iconfont='entypo-fontello' title='' data-avia-related-tooltip='Compartir en Facebook' rel=\"noopener\"><span class='avia_hidden_link_text'>Compartir en Facebook<\/span><\/a><\/li><li class='av-share-link av-social-link-twitter' ><a target=\"_blank\" aria-label=\"Compartir en Twitter\" href='https:\/\/twitter.com\/share?text=Convocan%20a%20dialogar%20%C2%BFPor%20qu%C3%A9%20es%20importante%20la%20Reforma%20de%20Pensiones%3F&#038;url=https:\/\/radiorevelacionfm.cl\/?p=39328' aria-hidden='false' data-av_icon='\ue8f1' data-av_iconfont='entypo-fontello' title='' data-avia-related-tooltip='Compartir en Twitter' rel=\"noopener\"><span class='avia_hidden_link_text'>Compartir en Twitter<\/span><\/a><\/li><li class='av-share-link av-social-link-whatsapp' ><a target=\"_blank\" aria-label=\"Compartir en Whatsapp\" href='https:\/\/api.whatsapp.com\/send?text=https:\/\/radiorevelacionfm.cl\/?p=39328' aria-hidden='false' data-av_icon='\uf232' data-av_iconfont='entypo-fontello' title='' data-avia-related-tooltip='Compartir en Whatsapp' rel=\"noopener\"><span class='avia_hidden_link_text'>Compartir en Whatsapp<\/span><\/a><\/li><li class='av-share-link av-social-link-linkedin' ><a target=\"_blank\" aria-label=\"Compartir en LinkedIn\" href='https:\/\/linkedin.com\/shareArticle?mini=true&#038;title=Convocan%20a%20dialogar%20%C2%BFPor%20qu%C3%A9%20es%20importante%20la%20Reforma%20de%20Pensiones%3F&#038;url=https:\/\/radiorevelacionfm.cl\/?p=39328' aria-hidden='false' data-av_icon='\ue8fc' data-av_iconfont='entypo-fontello' title='' data-avia-related-tooltip='Compartir en LinkedIn' rel=\"noopener\"><span class='avia_hidden_link_text'>Compartir en LinkedIn<\/span><\/a><\/li><li class='av-share-link av-social-link-mail' ><a  aria-label=\"Compartir por correo\" href='mailto:?subject=Convocan%20a%20dialogar%20%C2%BFPor%20qu%C3%A9%20es%20importante%20la%20Reforma%20de%20Pensiones%3F&#038;body=https:\/\/radiorevelacionfm.cl\/?p=39328' aria-hidden='false' data-av_icon='\ue805' data-av_iconfont='entypo-fontello' title='' data-avia-related-tooltip='Compartir por correo'><span class='avia_hidden_link_text'>Compartir por correo<\/span><\/a><\/li><\/ul><\/div><\/div>\n<div  style='height:50px' class='hr hr-invisible   avia-builder-el-8  el_after_av_social_share  el_before_av_comments_list '><span class='hr-inner ' ><span class='hr-inner-style'><\/span><\/span><\/div>\n<div  class='av-buildercomment  av-blog-meta-html-info-disabled av-blog-meta-tag-disabled  '><\/div>\n","protected":false},"excerpt":{"rendered":"","protected":false},"author":1,"featured_media":39329,"comment_status":"open","ping_status":"open","sticky":false,"template":"","format":"standard","meta":{"footnotes":""},"categories":[56],"tags":[],"class_list":["post-39328","post","type-post","status-publish","format-standard","has-post-thumbnail","hentry","category-trabajo"],"jetpack_featured_media_url":"https:\/\/radiorevelacionfm.cl\/wp-content\/uploads\/2024\/01\/seremis_gob-dsf-trabajo-2-1_optimized-1.jpeg","_links":{"self":[{"href":"https:\/\/radiorevelacionfm.cl\/index.php?rest_route=\/wp\/v2\/posts\/39328","targetHints":{"allow":["GET"]}}],"collection":[{"href":"https:\/\/radiorevelacionfm.cl\/index.php?rest_route=\/wp\/v2\/posts"}],"about":[{"href":"https:\/\/radiorevelacionfm.cl\/index.php?rest_route=\/wp\/v2\/types\/post"}],"author":[{"embeddable":true,"href":"https:\/\/radiorevelacionfm.cl\/index.php?rest_route=\/wp\/v2\/users\/1"}],"replies":[{"embeddable":true,"href":"https:\/\/radiorevelacionfm.cl\/index.php?rest_route=%2Fwp%2Fv2%2Fcomments&post=39328"}],"version-history":[{"count":1,"href":"https:\/\/radiorevelacionfm.cl\/index.php?rest_route=\/wp\/v2\/posts\/39328\/revisions"}],"predecessor-version":[{"id":39330,"href":"https:\/\/radiorevelacionfm.cl\/index.php?rest_route=\/wp\/v2\/posts\/39328\/revisions\/39330"}],"wp:featuredmedia":[{"embeddable":true,"href":"https:\/\/radiorevelacionfm.cl\/index.php?rest_route=\/wp\/v2\/media\/39329"}],"wp:attachment":[{"href":"https:\/\/radiorevelacionfm.cl\/index.php?rest_route=%2Fwp%2Fv2%2Fmedia&parent=39328"}],"wp:term":[{"taxonomy":"category","embeddable":true,"href":"https:\/\/radiorevelacionfm.cl\/index.php?rest_route=%2Fwp%2Fv2%2Fcategories&post=39328"},{"taxonomy":"post_tag","embeddable":true,"href":"https:\/\/radiorevelacionfm.cl\/index.php?rest_route=%2Fwp%2Fv2%2Ftags&post=39328"}],"curies":[{"name":"wp","href":"https:\/\/api.w.org\/{rel}","templated":true}]}}