{"id":39326,"date":"2024-01-30T21:37:21","date_gmt":"2024-01-31T00:37:21","guid":{"rendered":"https:\/\/radiorevelacionfm.cl\/?p=39326"},"modified":"2024-01-30T21:37:21","modified_gmt":"2024-01-31T00:37:21","slug":"en-prision-preventiva-quedo-imputado-que-sustrajo-vehiculo-y-dinero-desde-tarjetas-bancarias-de-una-victima","status":"publish","type":"post","link":"https:\/\/radiorevelacionfm.cl\/?p=39326","title":{"rendered":"En prisi\u00f3n preventiva qued\u00f3 imputado que sustrajo veh\u00edculo y dinero desde tarjetas bancarias de una v\u00edctima"},"content":{"rendered":"<div class=\"flex_column av_one_full  flex_column_div av-zero-column-padding first  avia-builder-el-0  el_before_av_one_full  avia-builder-el-first  \" style='border-radius:0px; '><div  class='avia-image-container  av-styling-    avia-builder-el-1  avia-builder-el-no-sibling  avia-align-center '  itemprop=\"image\" itemscope=\"itemscope\" itemtype=\"https:\/\/schema.org\/ImageObject\"  ><div class='avia-image-container-inner'><div class='avia-image-overlay-wrap'><img decoding=\"async\" class='wp-image-38114 avia-img-lazy-loading-not-38114 avia_image' src=\"https:\/\/radiorevelacionfm.cl\/wp-content\/uploads\/2023\/12\/Fiscalia3-1-1.jpeg\" alt='' title='Fiscalia3 (1) (1)' height=\"600\" width=\"942\"  itemprop=\"thumbnailUrl\" srcset=\"https:\/\/radiorevelacionfm.cl\/wp-content\/uploads\/2023\/12\/Fiscalia3-1-1.jpeg 942w, https:\/\/radiorevelacionfm.cl\/wp-content\/uploads\/2023\/12\/Fiscalia3-1-1-300x191.jpeg 300w, https:\/\/radiorevelacionfm.cl\/wp-content\/uploads\/2023\/12\/Fiscalia3-1-1-768x489.jpeg 768w, https:\/\/radiorevelacionfm.cl\/wp-content\/uploads\/2023\/12\/Fiscalia3-1-1-705x449.jpeg 705w, https:\/\/radiorevelacionfm.cl\/wp-content\/uploads\/2023\/12\/Fiscalia3-1-1-450x287.jpeg 450w, https:\/\/radiorevelacionfm.cl\/wp-content\/uploads\/2023\/12\/Fiscalia3-1-1-600x382.jpeg 600w\" sizes=\"(max-width: 942px) 100vw, 942px\" \/><\/div><\/div><\/div><\/div><div class=\"flex_column av_one_full  flex_column_div av-zero-column-padding first  avia-builder-el-2  el_after_av_one_full  el_before_av_one_full  column-top-margin\" style='border-radius:0px; '><section class=\"av_textblock_section \"  itemscope=\"itemscope\" itemtype=\"https:\/\/schema.org\/BlogPosting\" itemprop=\"blogPost\" ><div class='avia_textblock  '   itemprop=\"text\" ><p style=\"text-align: center;\"><strong><span style=\"font-size: 18pt;\">En prisi\u00f3n preventiva qued\u00f3 imputado que sustrajo veh\u00edculo y dinero desde tarjetas bancarias de una v\u00edctima <\/span><\/strong><\/p>\n<div id=\"gtx-trans\" style=\"position: absolute; left: -50px; top: 4.31534px;\">\n<div class=\"gtx-trans-icon\"><\/div>\n<\/div>\n<\/div><\/section><\/div><div class=\"flex_column av_one_full  flex_column_div av-zero-column-padding first  avia-builder-el-4  el_after_av_one_full  el_before_av_hr  column-top-margin\" style='border-radius:0px; '><section class=\"av_textblock_section \"  itemscope=\"itemscope\" itemtype=\"https:\/\/schema.org\/BlogPosting\" itemprop=\"blogPost\" ><div class='avia_textblock  '   itemprop=\"text\" ><p style=\"font-weight: 400; text-align: justify;\">Diligencias investigativas fueron solicitadas por el Ministerio P\u00fablico, a la Brigada Investigadora de Robos de la PDI.<\/p>\n<p style=\"font-weight: 400; text-align: justify;\">Un imputado de 43 a\u00f1os, proveniente de San Antonio y con un numeroso prontuario por hurtos y lesiones, fue detenido y formalizado por el delito de robo con violencia el cual afect\u00f3 a una v\u00edctima mayor de edad, cerca de las 06.30 horas del viernes pasado en calle 21 de Mayo en las cercan\u00edas del centro de Coyhaique.<\/p>\n<p style=\"font-weight: 400; text-align: justify;\">Seg\u00fan explic\u00f3 el fiscal Luis Contreras, los hechos investigados datan del 26 de enero en horas de la madrugada. \u201cEn ese momento, la v\u00edctima mayor de edad concurri\u00f3 a Carabineros para solicitar ayuda, toda vez que una tercera persona de sexo masculino, le hab\u00eda sustra\u00eddo su veh\u00edculo y su billetera, amenaz\u00e1ndola con un cuchillo, produci\u00e9ndose un forcejeo lo cual provoc\u00f3 que la v\u00edctima tuviera lesiones en una de sus manos\u201d.<\/p>\n<p style=\"font-weight: 400; text-align: justify;\">De acuerdo a lo expresado en la audiencia, el imputado coloc\u00f3 un cuchillo en el cuello de la v\u00edctima, exigi\u00e9ndole que entregara su billetera y las claves de las tarjetas bancarias. Adem\u00e1s de robar el veh\u00edculo, el imputado sustrajo 280 mil pesos en dinero en efectivo desde las tarjetas bancarias del afectado.<\/p>\n<p style=\"font-weight: 400; text-align: justify;\">\u201cSe decretaron por la Fiscal\u00eda, diligencias a la Brigada de Robos de la PDI. A trav\u00e9s de un trabajo conjunto, se logr\u00f3 realizar posteriormente un control de identidad al imputado, una vez que ya estaba individualizado, encontr\u00e1ndole dinero de propiedad de la v\u00edctima, las llaves del veh\u00edculo y adem\u00e1s logrando posicionarlo en el momento de sustraer dinero desde una entidad bancaria, utilizando las tarjetas de la v\u00edctima\u201d, explic\u00f3 el fiscal Contreras.<\/p>\n<p style=\"font-weight: 400; text-align: justify;\">La detenci\u00f3n del imputado fue ampliada en 48 horas, tras lo cual fue formalizado. En la audiencia, la Fiscal\u00eda solicit\u00f3 la prisi\u00f3n preventiva del sujeto, medida cautelar que fue acogida por el Juzgado de Garant\u00eda, el cual fij\u00f3 un plazo de 60 d\u00edas para el t\u00e9rmino de las diligencias.<\/p>\n<\/div><\/section><\/div><div  style='height:50px' class='hr hr-invisible   avia-builder-el-6  el_after_av_one_full  el_before_av_social_share '><span class='hr-inner ' ><span class='hr-inner-style'><\/span><\/span><\/div><\/p>\n<div  class='av-social-sharing-box  avia-builder-el-7  el_after_av_hr  el_before_av_hr  '><div class='av-share-box'><h5 class='av-share-link-description av-no-toc '>Compartir esta noticia<\/h5><ul class='av-share-box-list noLightbox'><li class='av-share-link av-social-link-facebook' ><a target=\"_blank\" aria-label=\"Compartir en Facebook\" href='https:\/\/www.facebook.com\/sharer.php?u=https:\/\/radiorevelacionfm.cl\/?p=39326&#038;t=En%20prisi%C3%B3n%20preventiva%20qued%C3%B3%20imputado%20que%20sustrajo%20veh%C3%ADculo%20y%20dinero%20desde%20tarjetas%20bancarias%20de%20una%20v%C3%ADctima' aria-hidden='false' data-av_icon='\ue8f3' data-av_iconfont='entypo-fontello' title='' data-avia-related-tooltip='Compartir en Facebook' rel=\"noopener\"><span class='avia_hidden_link_text'>Compartir en Facebook<\/span><\/a><\/li><li class='av-share-link av-social-link-twitter' ><a target=\"_blank\" aria-label=\"Compartir en Twitter\" href='https:\/\/twitter.com\/share?text=En%20prisi%C3%B3n%20preventiva%20qued%C3%B3%20imputado%20que%20sustrajo%20veh%C3%ADculo%20y%20dinero%20desde%20tarjetas%20bancarias%20de%20una%20v%C3%ADctima&#038;url=https:\/\/radiorevelacionfm.cl\/?p=39326' aria-hidden='false' data-av_icon='\ue8f1' data-av_iconfont='entypo-fontello' title='' data-avia-related-tooltip='Compartir en Twitter' rel=\"noopener\"><span class='avia_hidden_link_text'>Compartir en Twitter<\/span><\/a><\/li><li class='av-share-link av-social-link-whatsapp' ><a target=\"_blank\" aria-label=\"Compartir en Whatsapp\" href='https:\/\/api.whatsapp.com\/send?text=https:\/\/radiorevelacionfm.cl\/?p=39326' aria-hidden='false' data-av_icon='\uf232' data-av_iconfont='entypo-fontello' title='' data-avia-related-tooltip='Compartir en Whatsapp' rel=\"noopener\"><span class='avia_hidden_link_text'>Compartir en Whatsapp<\/span><\/a><\/li><li class='av-share-link av-social-link-linkedin' ><a target=\"_blank\" aria-label=\"Compartir en LinkedIn\" href='https:\/\/linkedin.com\/shareArticle?mini=true&#038;title=En%20prisi%C3%B3n%20preventiva%20qued%C3%B3%20imputado%20que%20sustrajo%20veh%C3%ADculo%20y%20dinero%20desde%20tarjetas%20bancarias%20de%20una%20v%C3%ADctima&#038;url=https:\/\/radiorevelacionfm.cl\/?p=39326' aria-hidden='false' data-av_icon='\ue8fc' data-av_iconfont='entypo-fontello' title='' data-avia-related-tooltip='Compartir en LinkedIn' rel=\"noopener\"><span class='avia_hidden_link_text'>Compartir en LinkedIn<\/span><\/a><\/li><li class='av-share-link av-social-link-mail' ><a  aria-label=\"Compartir por correo\" href='mailto:?subject=En%20prisi%C3%B3n%20preventiva%20qued%C3%B3%20imputado%20que%20sustrajo%20veh%C3%ADculo%20y%20dinero%20desde%20tarjetas%20bancarias%20de%20una%20v%C3%ADctima&#038;body=https:\/\/radiorevelacionfm.cl\/?p=39326' aria-hidden='false' data-av_icon='\ue805' data-av_iconfont='entypo-fontello' title='' data-avia-related-tooltip='Compartir por correo'><span class='avia_hidden_link_text'>Compartir por correo<\/span><\/a><\/li><\/ul><\/div><\/div>\n<div  style='height:50px' class='hr hr-invisible   avia-builder-el-8  el_after_av_social_share  el_before_av_comments_list '><span class='hr-inner ' ><span class='hr-inner-style'><\/span><\/span><\/div>\n<div  class='av-buildercomment  av-blog-meta-html-info-disabled av-blog-meta-tag-disabled  '><\/div>\n","protected":false},"excerpt":{"rendered":"","protected":false},"author":1,"featured_media":38114,"comment_status":"open","ping_status":"open","sticky":false,"template":"","format":"standard","meta":{"footnotes":""},"categories":[55],"tags":[],"class_list":["post-39326","post","type-post","status-publish","format-standard","has-post-thumbnail","hentry","category-justicia"],"jetpack_featured_media_url":"https:\/\/radiorevelacionfm.cl\/wp-content\/uploads\/2023\/12\/Fiscalia3-1-1.jpeg","_links":{"self":[{"href":"https:\/\/radiorevelacionfm.cl\/index.php?rest_route=\/wp\/v2\/posts\/39326","targetHints":{"allow":["GET"]}}],"collection":[{"href":"https:\/\/radiorevelacionfm.cl\/index.php?rest_route=\/wp\/v2\/posts"}],"about":[{"href":"https:\/\/radiorevelacionfm.cl\/index.php?rest_route=\/wp\/v2\/types\/post"}],"author":[{"embeddable":true,"href":"https:\/\/radiorevelacionfm.cl\/index.php?rest_route=\/wp\/v2\/users\/1"}],"replies":[{"embeddable":true,"href":"https:\/\/radiorevelacionfm.cl\/index.php?rest_route=%2Fwp%2Fv2%2Fcomments&post=39326"}],"version-history":[{"count":1,"href":"https:\/\/radiorevelacionfm.cl\/index.php?rest_route=\/wp\/v2\/posts\/39326\/revisions"}],"predecessor-version":[{"id":39327,"href":"https:\/\/radiorevelacionfm.cl\/index.php?rest_route=\/wp\/v2\/posts\/39326\/revisions\/39327"}],"wp:featuredmedia":[{"embeddable":true,"href":"https:\/\/radiorevelacionfm.cl\/index.php?rest_route=\/wp\/v2\/media\/38114"}],"wp:attachment":[{"href":"https:\/\/radiorevelacionfm.cl\/index.php?rest_route=%2Fwp%2Fv2%2Fmedia&parent=39326"}],"wp:term":[{"taxonomy":"category","embeddable":true,"href":"https:\/\/radiorevelacionfm.cl\/index.php?rest_route=%2Fwp%2Fv2%2Fcategories&post=39326"},{"taxonomy":"post_tag","embeddable":true,"href":"https:\/\/radiorevelacionfm.cl\/index.php?rest_route=%2Fwp%2Fv2%2Ftags&post=39326"}],"curies":[{"name":"wp","href":"https:\/\/api.w.org\/{rel}","templated":true}]}}