{"id":39323,"date":"2024-01-30T18:04:02","date_gmt":"2024-01-30T21:04:02","guid":{"rendered":"https:\/\/radiorevelacionfm.cl\/?p=39323"},"modified":"2024-01-30T18:04:02","modified_gmt":"2024-01-30T21:04:02","slug":"mas-de-80-mil-personas-disfrutaron-del-carnaval-del-agua-los-autenticos-decadentes-cerraron-el-evento","status":"publish","type":"post","link":"https:\/\/radiorevelacionfm.cl\/?p=39323","title":{"rendered":"M\u00e1s de 80 mil personas disfrutaron del \u201cCarnaval del Agua\u201d, Los Aut\u00e9nticos Decadentes cerraron el evento"},"content":{"rendered":"<div class=\"flex_column av_one_full  flex_column_div av-zero-column-padding first  avia-builder-el-0  el_before_av_one_full  avia-builder-el-first  \" style='border-radius:0px; '><div  class='avia-image-container  av-styling-    avia-builder-el-1  avia-builder-el-no-sibling  avia-align-center '  itemprop=\"image\" itemscope=\"itemscope\" itemtype=\"https:\/\/schema.org\/ImageObject\"  ><div class='avia-image-container-inner'><div class='avia-image-overlay-wrap'><img decoding=\"async\" class='wp-image-39324 avia-img-lazy-loading-not-39324 avia_image' src=\"https:\/\/radiorevelacionfm.cl\/wp-content\/uploads\/2024\/01\/autenticos-decadentes-1-1_optimized-1.jpg\" alt='' title='autenticos-decadentes-1-(1)_optimized (1)' height=\"600\" width=\"1066\"  itemprop=\"thumbnailUrl\" srcset=\"https:\/\/radiorevelacionfm.cl\/wp-content\/uploads\/2024\/01\/autenticos-decadentes-1-1_optimized-1.jpg 1066w, https:\/\/radiorevelacionfm.cl\/wp-content\/uploads\/2024\/01\/autenticos-decadentes-1-1_optimized-1-300x169.jpg 300w, https:\/\/radiorevelacionfm.cl\/wp-content\/uploads\/2024\/01\/autenticos-decadentes-1-1_optimized-1-1030x580.jpg 1030w, https:\/\/radiorevelacionfm.cl\/wp-content\/uploads\/2024\/01\/autenticos-decadentes-1-1_optimized-1-768x432.jpg 768w, https:\/\/radiorevelacionfm.cl\/wp-content\/uploads\/2024\/01\/autenticos-decadentes-1-1_optimized-1-705x397.jpg 705w, https:\/\/radiorevelacionfm.cl\/wp-content\/uploads\/2024\/01\/autenticos-decadentes-1-1_optimized-1-450x253.jpg 450w, https:\/\/radiorevelacionfm.cl\/wp-content\/uploads\/2024\/01\/autenticos-decadentes-1-1_optimized-1-600x338.jpg 600w\" sizes=\"(max-width: 1066px) 100vw, 1066px\" \/><\/div><\/div><\/div><\/div><div class=\"flex_column av_one_full  flex_column_div av-zero-column-padding first  avia-builder-el-2  el_after_av_one_full  el_before_av_one_full  column-top-margin\" style='border-radius:0px; '><section class=\"av_textblock_section \"  itemscope=\"itemscope\" itemtype=\"https:\/\/schema.org\/BlogPosting\" itemprop=\"blogPost\" ><div class='avia_textblock  '   itemprop=\"text\" ><p style=\"text-align: center;\"><strong><span style=\"font-size: 18pt;\">M\u00e1s de 80 mil personas disfrutaron del \u201cCarnaval del Agua\u201d, Los Aut\u00e9nticos Decadentes cerraron el evento<\/span><\/strong><\/p>\n<div id=\"gtx-trans\" style=\"position: absolute; left: -50px; top: 4.31534px;\">\n<div class=\"gtx-trans-icon\"><\/div>\n<\/div>\n<\/div><\/section><\/div><div class=\"flex_column av_one_full  flex_column_div av-zero-column-padding first  avia-builder-el-4  el_after_av_one_full  el_before_av_hr  column-top-margin\" style='border-radius:0px; '><section class=\"av_textblock_section \"  itemscope=\"itemscope\" itemtype=\"https:\/\/schema.org\/BlogPosting\" itemprop=\"blogPost\" ><div class='avia_textblock  '   itemprop=\"text\" ><p style=\"text-align: justify;\"><em>Artistas Urbanos como Jere Klein, el rock de \u201cLos Bunkers\u201d, la cumbia villera con \u201cDamas Gratis\u201d, cumbia ranchera con \u201cLos Dinos de Chile\u201d y para cerrar con quienes saben de carnaval \u201cLos Aut\u00e9nticos Decadentes\u201d.<\/em><\/p>\n<p style=\"text-align: justify;\">El Parque Municipal ex Isla D\u00edaz, fue el lugar por donde circularon m\u00e1s de 80 mil personas durante el fin de semana, en lo que fue la Segunda Versi\u00f3n del \u201cCarnaval del Agua\u201d, un evento que permiti\u00f3 disfrutar de distintos estilos musicales, mezclados con los bellos trabajos de nuestros artesanos, artesanas y emprendedores locales.<\/p>\n<p style=\"text-align: justify;\">En la jornada cristiana destac\u00f3 el mexicano Gadiel Espinoza, en la noche urbana estuvieron Pablo Chill-E, Nicko OG, Jere Klein, con todo el rock Jinny Jopler y Los Bunkers, mientras que la noche de cumbia trajo al escenario a Baila Morena y Damas Gratis, la cumbia ranchera estuvo a cargo de Los Dinos de Chile, mientras que en el cierre del carnaval del agua se vivi\u00f3 un verdadero carnaval junto a Los Aut\u00e9nticos Decadentes.<\/p>\n<p style=\"text-align: justify;\">\u201cEspectacular, la verdad incre\u00edble el camino, estamos sorprendidos con el lugar, la gente tambi\u00e9n, la comida, todo. Estamos s\u00faper contentos y lo mejor el festival, el festejo, el cumplea\u00f1os de la ciudad, todos juntos muy contentos de participar de esta fiesta especial\u201d, manifest\u00f3 Gustavo Parisi, voz principal de Los Aut\u00e9nticos Decadentes.<\/p>\n<p style=\"text-align: justify;\">El Alcalde de la comuna de Ays\u00e9n, Julio Uribe, destac\u00f3 la gran cantidad de gente que disfrut\u00f3 de los espect\u00e1culos art\u00edsticos, en el Parque Municipal. \u201cUn balance totalmente positivo, estuvimos con artistas de alto renombre y con una convocatoria gigantesca, donde durante el fin de semana pasaron m\u00e1s de 80 mil personas en nuestro Parque Municipal. En el lugar se pudo disfrutar de distintas actividades, para ni\u00f1os, j\u00f3venes, degustar alimentos de diferentes nacionalidades y con nuestros platos fuertes en el espect\u00e1culo, como fue, la noche cristiana, donde se acerc\u00f3 mucha gente. Al otro d\u00eda, nuestra noche urbana, donde tuvimos exponentes de primer nivel de nuestro pa\u00eds\u201d.<\/p>\n<p style=\"text-align: justify;\">La autoridad comunal, resalt\u00f3 tambi\u00e9n los eventos que repletaron el recinto donde se llev\u00f3 a cabo el Carnaval del Agua. \u201cLos Bunkers, que fue una noche donde estuvimos con un lleno total en la isla D\u00edaz, se llevaron toda la gratitud del p\u00fablico que asisti\u00f3. Al d\u00eda siguiente tuvimos a Damas Gratis, un grupo argentino que destac\u00f3 y ah\u00ed tuvimos mucha gente y terminamos con un lleno total con Los Aut\u00e9nticos Decadentes\u201d.<\/p>\n<p style=\"text-align: justify;\">Durante el desarrollo del Carnaval del Agua 2024 hubo tambi\u00e9n espacio para los artistas locales, espacios infantiles y de mascotas, un lugar dedicado para los adultos mayores, tambi\u00e9n para los j\u00f3venes, patio de comidas y lo positivo es que, al concluir este evento, no se registraron mayores inconvenientes.<\/p>\n<\/div><\/section><\/div><div  style='height:50px' class='hr hr-invisible   avia-builder-el-6  el_after_av_one_full  el_before_av_social_share '><span class='hr-inner ' ><span class='hr-inner-style'><\/span><\/span><\/div><\/p>\n<div  class='av-social-sharing-box  avia-builder-el-7  el_after_av_hr  el_before_av_hr  '><div class='av-share-box'><h5 class='av-share-link-description av-no-toc '>Compartir esta noticia<\/h5><ul class='av-share-box-list noLightbox'><li class='av-share-link av-social-link-facebook' ><a target=\"_blank\" aria-label=\"Compartir en Facebook\" href='https:\/\/www.facebook.com\/sharer.php?u=https:\/\/radiorevelacionfm.cl\/?p=39323&#038;t=M%C3%A1s%20de%2080%20mil%20personas%20disfrutaron%20del%20%E2%80%9CCarnaval%20del%20Agua%E2%80%9D%2C%20Los%20Aut%C3%A9nticos%20Decadentes%20cerraron%20el%20evento' aria-hidden='false' data-av_icon='\ue8f3' data-av_iconfont='entypo-fontello' title='' data-avia-related-tooltip='Compartir en Facebook' rel=\"noopener\"><span class='avia_hidden_link_text'>Compartir en Facebook<\/span><\/a><\/li><li class='av-share-link av-social-link-twitter' ><a target=\"_blank\" aria-label=\"Compartir en Twitter\" href='https:\/\/twitter.com\/share?text=M%C3%A1s%20de%2080%20mil%20personas%20disfrutaron%20del%20%E2%80%9CCarnaval%20del%20Agua%E2%80%9D%2C%20Los%20Aut%C3%A9nticos%20Decadentes%20cerraron%20el%20evento&#038;url=https:\/\/radiorevelacionfm.cl\/?p=39323' aria-hidden='false' data-av_icon='\ue8f1' data-av_iconfont='entypo-fontello' title='' data-avia-related-tooltip='Compartir en Twitter' rel=\"noopener\"><span class='avia_hidden_link_text'>Compartir en Twitter<\/span><\/a><\/li><li class='av-share-link av-social-link-whatsapp' ><a target=\"_blank\" aria-label=\"Compartir en Whatsapp\" href='https:\/\/api.whatsapp.com\/send?text=https:\/\/radiorevelacionfm.cl\/?p=39323' aria-hidden='false' data-av_icon='\uf232' data-av_iconfont='entypo-fontello' title='' data-avia-related-tooltip='Compartir en Whatsapp' rel=\"noopener\"><span class='avia_hidden_link_text'>Compartir en Whatsapp<\/span><\/a><\/li><li class='av-share-link av-social-link-linkedin' ><a target=\"_blank\" aria-label=\"Compartir en LinkedIn\" href='https:\/\/linkedin.com\/shareArticle?mini=true&#038;title=M%C3%A1s%20de%2080%20mil%20personas%20disfrutaron%20del%20%E2%80%9CCarnaval%20del%20Agua%E2%80%9D%2C%20Los%20Aut%C3%A9nticos%20Decadentes%20cerraron%20el%20evento&#038;url=https:\/\/radiorevelacionfm.cl\/?p=39323' aria-hidden='false' data-av_icon='\ue8fc' data-av_iconfont='entypo-fontello' title='' data-avia-related-tooltip='Compartir en LinkedIn' rel=\"noopener\"><span class='avia_hidden_link_text'>Compartir en LinkedIn<\/span><\/a><\/li><li class='av-share-link av-social-link-mail' ><a  aria-label=\"Compartir por correo\" href='mailto:?subject=M%C3%A1s%20de%2080%20mil%20personas%20disfrutaron%20del%20%E2%80%9CCarnaval%20del%20Agua%E2%80%9D%2C%20Los%20Aut%C3%A9nticos%20Decadentes%20cerraron%20el%20evento&#038;body=https:\/\/radiorevelacionfm.cl\/?p=39323' aria-hidden='false' data-av_icon='\ue805' data-av_iconfont='entypo-fontello' title='' data-avia-related-tooltip='Compartir por correo'><span class='avia_hidden_link_text'>Compartir por correo<\/span><\/a><\/li><\/ul><\/div><\/div>\n<div  style='height:50px' class='hr hr-invisible   avia-builder-el-8  el_after_av_social_share  el_before_av_comments_list '><span class='hr-inner ' ><span class='hr-inner-style'><\/span><\/span><\/div>\n<div  class='av-buildercomment  av-blog-meta-html-info-disabled av-blog-meta-tag-disabled  '><\/div>\n","protected":false},"excerpt":{"rendered":"","protected":false},"author":1,"featured_media":39324,"comment_status":"open","ping_status":"open","sticky":false,"template":"","format":"standard","meta":{"footnotes":""},"categories":[38],"tags":[],"class_list":["post-39323","post","type-post","status-publish","format-standard","has-post-thumbnail","hentry","category-regional"],"jetpack_featured_media_url":"https:\/\/radiorevelacionfm.cl\/wp-content\/uploads\/2024\/01\/autenticos-decadentes-1-1_optimized-1.jpg","_links":{"self":[{"href":"https:\/\/radiorevelacionfm.cl\/index.php?rest_route=\/wp\/v2\/posts\/39323","targetHints":{"allow":["GET"]}}],"collection":[{"href":"https:\/\/radiorevelacionfm.cl\/index.php?rest_route=\/wp\/v2\/posts"}],"about":[{"href":"https:\/\/radiorevelacionfm.cl\/index.php?rest_route=\/wp\/v2\/types\/post"}],"author":[{"embeddable":true,"href":"https:\/\/radiorevelacionfm.cl\/index.php?rest_route=\/wp\/v2\/users\/1"}],"replies":[{"embeddable":true,"href":"https:\/\/radiorevelacionfm.cl\/index.php?rest_route=%2Fwp%2Fv2%2Fcomments&post=39323"}],"version-history":[{"count":1,"href":"https:\/\/radiorevelacionfm.cl\/index.php?rest_route=\/wp\/v2\/posts\/39323\/revisions"}],"predecessor-version":[{"id":39325,"href":"https:\/\/radiorevelacionfm.cl\/index.php?rest_route=\/wp\/v2\/posts\/39323\/revisions\/39325"}],"wp:featuredmedia":[{"embeddable":true,"href":"https:\/\/radiorevelacionfm.cl\/index.php?rest_route=\/wp\/v2\/media\/39324"}],"wp:attachment":[{"href":"https:\/\/radiorevelacionfm.cl\/index.php?rest_route=%2Fwp%2Fv2%2Fmedia&parent=39323"}],"wp:term":[{"taxonomy":"category","embeddable":true,"href":"https:\/\/radiorevelacionfm.cl\/index.php?rest_route=%2Fwp%2Fv2%2Fcategories&post=39323"},{"taxonomy":"post_tag","embeddable":true,"href":"https:\/\/radiorevelacionfm.cl\/index.php?rest_route=%2Fwp%2Fv2%2Ftags&post=39323"}],"curies":[{"name":"wp","href":"https:\/\/api.w.org\/{rel}","templated":true}]}}