{"id":39320,"date":"2024-01-31T11:08:29","date_gmt":"2024-01-31T14:08:29","guid":{"rendered":"https:\/\/radiorevelacionfm.cl\/?p=39320"},"modified":"2024-01-31T11:08:29","modified_gmt":"2024-01-31T14:08:29","slug":"adultos-mayores-del-condominio-de-viviendas-tuteladas-de-senama-celebran-su-septimo-aniversario","status":"publish","type":"post","link":"https:\/\/radiorevelacionfm.cl\/?p=39320","title":{"rendered":"Adultos mayores del condominio de viviendas tuteladas de Senama celebran su s\u00e9ptimo aniversario"},"content":{"rendered":"<div class=\"flex_column av_one_full  flex_column_div av-zero-column-padding first  avia-builder-el-0  el_before_av_one_full  avia-builder-el-first  \" style='border-radius:0px; '><div  class='avia-image-container  av-styling-    avia-builder-el-1  avia-builder-el-no-sibling  avia-align-center '  itemprop=\"image\" itemscope=\"itemscope\" itemtype=\"https:\/\/schema.org\/ImageObject\"  ><div class='avia-image-container-inner'><div class='avia-image-overlay-wrap'><img decoding=\"async\" class='wp-image-39321 avia-img-lazy-loading-not-39321 avia_image' src=\"https:\/\/radiorevelacionfm.cl\/wp-content\/uploads\/2024\/01\/vivienda-tutelada-3-1_optimized-1.jpg\" alt='' title='vivienda-tutelada-3-(1)_optimized (1)' height=\"600\" width=\"901\"  itemprop=\"thumbnailUrl\" srcset=\"https:\/\/radiorevelacionfm.cl\/wp-content\/uploads\/2024\/01\/vivienda-tutelada-3-1_optimized-1.jpg 901w, https:\/\/radiorevelacionfm.cl\/wp-content\/uploads\/2024\/01\/vivienda-tutelada-3-1_optimized-1-300x200.jpg 300w, https:\/\/radiorevelacionfm.cl\/wp-content\/uploads\/2024\/01\/vivienda-tutelada-3-1_optimized-1-768x511.jpg 768w, https:\/\/radiorevelacionfm.cl\/wp-content\/uploads\/2024\/01\/vivienda-tutelada-3-1_optimized-1-705x469.jpg 705w, https:\/\/radiorevelacionfm.cl\/wp-content\/uploads\/2024\/01\/vivienda-tutelada-3-1_optimized-1-450x300.jpg 450w, https:\/\/radiorevelacionfm.cl\/wp-content\/uploads\/2024\/01\/vivienda-tutelada-3-1_optimized-1-600x400.jpg 600w\" sizes=\"(max-width: 901px) 100vw, 901px\" \/><\/div><\/div><\/div><\/div><div class=\"flex_column av_one_full  flex_column_div av-zero-column-padding first  avia-builder-el-2  el_after_av_one_full  el_before_av_one_full  column-top-margin\" style='border-radius:0px; '><section class=\"av_textblock_section \"  itemscope=\"itemscope\" itemtype=\"https:\/\/schema.org\/BlogPosting\" itemprop=\"blogPost\" ><div class='avia_textblock  '   itemprop=\"text\" ><p style=\"text-align: center;\"><strong><span style=\"font-size: 18pt;\">Adultos mayores del condominio de viviendas tuteladas de Senama celebran su s\u00e9ptimo aniversario<\/span><\/strong><\/p>\n<div id=\"gtx-trans\" style=\"position: absolute; left: -50px; top: 4.31534px;\">\n<div class=\"gtx-trans-icon\"><\/div>\n<\/div>\n<\/div><\/section><\/div><div class=\"flex_column av_one_full  flex_column_div av-zero-column-padding first  avia-builder-el-4  el_after_av_one_full  el_before_av_hr  column-top-margin\" style='border-radius:0px; '><section class=\"av_textblock_section \"  itemscope=\"itemscope\" itemtype=\"https:\/\/schema.org\/BlogPosting\" itemprop=\"blogPost\" ><div class='avia_textblock  '   itemprop=\"text\" ><div>\n<p style=\"text-align: justify;\">18 personas mayores residentes del Condominio de Viviendas Tuteladas de Coyhaique \u00abYo Quiero un Nuevo Amanecer\u00bb, celebraron este 27 de enero, su s\u00e9ptimo aniversario desde la construcci\u00f3n y habilitaci\u00f3n del significativo recinto, que forma parte del programa del Servicio Nacional del Adulto Mayor y al alero del Subsistema de Apoyos y Cuidados, Chile Cuida del Ministerio de Desarrollo Social y Familia.<\/p>\n<p style=\"text-align: justify;\">Este conjunto de<b>\u00a0<\/b>viviendas, son adecuadas para personas mayores donde se les entrega apoyo psicosocial y comunitario, con la finalidad de promover la vinculaci\u00f3n con la red social. De esta forma se contribuye a su integraci\u00f3n y autonom\u00eda, siendo un eje fundamental en la pol\u00edtica del Sistema Nacional Apoyos y Cuidados que lidera el gobierno del presidente Gabriel Boric, seg\u00fan resalt\u00f3 la seremi de Desarrollo Social y Familia Karina Acevedo Auad \u00bb Sin duda nos pone muy contentos el poder celebrar y compartir este nuevo aniversario del condominio Yo quiero un nuevo amanecer, porque entre las metas que se ha trazado nuestro gobierno del presidente Boric a trav\u00e9s de Senama, es que podamos garantizar a las personas mayores un envejecimiento digno, activo y saludable. Continuamos en todo nuestro territorio aisenino, trabajando para aportar en mejorar su calidad de vida, a trav\u00e9s de la construcci\u00f3n del Sistema Nacional de Apoyos y Cuidados y de la tan necesaria reforma de pensiones\u00bb.<\/p>\n<\/div>\n<p style=\"text-align: justify;\">\u00abYo Quiero un Nuevo Amanecer\u00bb fue destacado por Nelly Riquelme, quien reside en el condominio desde sus inicios \u00abha sido muy bueno, porque hemos vivido bien, tenemos nuestra casa, nadie nos molesta, buenos vecinos y siempre juntos. As\u00ed que damos gracias a Dios de poder tener un techo para reposar\u00bb, resaltando que ha podido establecer v\u00ednculos de amistad con sus pares.<\/p>\n<p style=\"text-align: justify;\">Por su parte Claudia Andaur, coordinadora regional de Senama destac\u00f3 la importancia del programa para la comunidad de Coyhaique y especialmente para aquellas personas mayores que han encontrado su hogar en este espacio \u00abEstamos muy felices de haber podido celebrar junto a los residentes del condominio de viviendas tuteladas su s\u00e9ptimo aniversario. Este dispositivo est\u00e1 dentro de la l\u00ednea de cuidados que tiene Senama, sabemos que es muy importante para la comunidad y especialmente para personas mayores que han encontrado su hogar en este espacio.\u00a0Por lo tanto, nosotros asumimos el desaf\u00edo de seguir avanzando para poder materializar y dar una respuesta efectiva a las necesidades que tienen las personas mayores de la regi\u00f3n\u00bb.<\/p>\n<p style=\"text-align: justify;\">\u00abYo Quiero un Nuevo Amanecer\u00bb est\u00e1 ubicado en Campos de Hielo #138 y fue visitado durante su semana de aniversario por distintas autoridades entre ellos el Delegado Presidencial Regional, Rodrigo Araya y la Seremi de Vivienda y Urbanismo Paulina Ruz quienes pudieron compartir con los 18 residentes adem\u00e1s de\u00a0conocer las dependencias y su funcionamiento.<\/p>\n<\/div><\/section><\/div><div  style='height:50px' class='hr hr-invisible   avia-builder-el-6  el_after_av_one_full  el_before_av_social_share '><span class='hr-inner ' ><span class='hr-inner-style'><\/span><\/span><\/div><\/p>\n<div  class='av-social-sharing-box  avia-builder-el-7  el_after_av_hr  el_before_av_hr  '><div class='av-share-box'><h5 class='av-share-link-description av-no-toc '>Compartir esta noticia<\/h5><ul class='av-share-box-list noLightbox'><li class='av-share-link av-social-link-facebook' ><a target=\"_blank\" aria-label=\"Compartir en Facebook\" href='https:\/\/www.facebook.com\/sharer.php?u=https:\/\/radiorevelacionfm.cl\/?p=39320&#038;t=Adultos%20mayores%20del%20condominio%20de%20viviendas%20tuteladas%20de%20Senama%20celebran%20su%20s%C3%A9ptimo%20aniversario' aria-hidden='false' data-av_icon='\ue8f3' data-av_iconfont='entypo-fontello' title='' data-avia-related-tooltip='Compartir en Facebook' rel=\"noopener\"><span class='avia_hidden_link_text'>Compartir en Facebook<\/span><\/a><\/li><li class='av-share-link av-social-link-twitter' ><a target=\"_blank\" aria-label=\"Compartir en Twitter\" href='https:\/\/twitter.com\/share?text=Adultos%20mayores%20del%20condominio%20de%20viviendas%20tuteladas%20de%20Senama%20celebran%20su%20s%C3%A9ptimo%20aniversario&#038;url=https:\/\/radiorevelacionfm.cl\/?p=39320' aria-hidden='false' data-av_icon='\ue8f1' data-av_iconfont='entypo-fontello' title='' data-avia-related-tooltip='Compartir en Twitter' rel=\"noopener\"><span class='avia_hidden_link_text'>Compartir en Twitter<\/span><\/a><\/li><li class='av-share-link av-social-link-whatsapp' ><a target=\"_blank\" aria-label=\"Compartir en Whatsapp\" href='https:\/\/api.whatsapp.com\/send?text=https:\/\/radiorevelacionfm.cl\/?p=39320' aria-hidden='false' data-av_icon='\uf232' data-av_iconfont='entypo-fontello' title='' data-avia-related-tooltip='Compartir en Whatsapp' rel=\"noopener\"><span class='avia_hidden_link_text'>Compartir en Whatsapp<\/span><\/a><\/li><li class='av-share-link av-social-link-linkedin' ><a target=\"_blank\" aria-label=\"Compartir en LinkedIn\" href='https:\/\/linkedin.com\/shareArticle?mini=true&#038;title=Adultos%20mayores%20del%20condominio%20de%20viviendas%20tuteladas%20de%20Senama%20celebran%20su%20s%C3%A9ptimo%20aniversario&#038;url=https:\/\/radiorevelacionfm.cl\/?p=39320' aria-hidden='false' data-av_icon='\ue8fc' data-av_iconfont='entypo-fontello' title='' data-avia-related-tooltip='Compartir en LinkedIn' rel=\"noopener\"><span class='avia_hidden_link_text'>Compartir en LinkedIn<\/span><\/a><\/li><li class='av-share-link av-social-link-mail' ><a  aria-label=\"Compartir por correo\" href='mailto:?subject=Adultos%20mayores%20del%20condominio%20de%20viviendas%20tuteladas%20de%20Senama%20celebran%20su%20s%C3%A9ptimo%20aniversario&#038;body=https:\/\/radiorevelacionfm.cl\/?p=39320' aria-hidden='false' data-av_icon='\ue805' data-av_iconfont='entypo-fontello' title='' data-avia-related-tooltip='Compartir por correo'><span class='avia_hidden_link_text'>Compartir por correo<\/span><\/a><\/li><\/ul><\/div><\/div>\n<div  style='height:50px' class='hr hr-invisible   avia-builder-el-8  el_after_av_social_share  el_before_av_comments_list '><span class='hr-inner ' ><span class='hr-inner-style'><\/span><\/span><\/div>\n<div  class='av-buildercomment  av-blog-meta-html-info-disabled av-blog-meta-tag-disabled  '><\/div>\n","protected":false},"excerpt":{"rendered":"","protected":false},"author":1,"featured_media":39321,"comment_status":"open","ping_status":"open","sticky":false,"template":"","format":"standard","meta":{"footnotes":""},"categories":[38],"tags":[],"class_list":["post-39320","post","type-post","status-publish","format-standard","has-post-thumbnail","hentry","category-regional"],"jetpack_featured_media_url":"https:\/\/radiorevelacionfm.cl\/wp-content\/uploads\/2024\/01\/vivienda-tutelada-3-1_optimized-1.jpg","_links":{"self":[{"href":"https:\/\/radiorevelacionfm.cl\/index.php?rest_route=\/wp\/v2\/posts\/39320","targetHints":{"allow":["GET"]}}],"collection":[{"href":"https:\/\/radiorevelacionfm.cl\/index.php?rest_route=\/wp\/v2\/posts"}],"about":[{"href":"https:\/\/radiorevelacionfm.cl\/index.php?rest_route=\/wp\/v2\/types\/post"}],"author":[{"embeddable":true,"href":"https:\/\/radiorevelacionfm.cl\/index.php?rest_route=\/wp\/v2\/users\/1"}],"replies":[{"embeddable":true,"href":"https:\/\/radiorevelacionfm.cl\/index.php?rest_route=%2Fwp%2Fv2%2Fcomments&post=39320"}],"version-history":[{"count":1,"href":"https:\/\/radiorevelacionfm.cl\/index.php?rest_route=\/wp\/v2\/posts\/39320\/revisions"}],"predecessor-version":[{"id":39322,"href":"https:\/\/radiorevelacionfm.cl\/index.php?rest_route=\/wp\/v2\/posts\/39320\/revisions\/39322"}],"wp:featuredmedia":[{"embeddable":true,"href":"https:\/\/radiorevelacionfm.cl\/index.php?rest_route=\/wp\/v2\/media\/39321"}],"wp:attachment":[{"href":"https:\/\/radiorevelacionfm.cl\/index.php?rest_route=%2Fwp%2Fv2%2Fmedia&parent=39320"}],"wp:term":[{"taxonomy":"category","embeddable":true,"href":"https:\/\/radiorevelacionfm.cl\/index.php?rest_route=%2Fwp%2Fv2%2Fcategories&post=39320"},{"taxonomy":"post_tag","embeddable":true,"href":"https:\/\/radiorevelacionfm.cl\/index.php?rest_route=%2Fwp%2Fv2%2Ftags&post=39320"}],"curies":[{"name":"wp","href":"https:\/\/api.w.org\/{rel}","templated":true}]}}