{"id":39317,"date":"2024-01-31T10:03:53","date_gmt":"2024-01-31T13:03:53","guid":{"rendered":"https:\/\/radiorevelacionfm.cl\/?p=39317"},"modified":"2024-01-31T10:03:53","modified_gmt":"2024-01-31T13:03:53","slug":"estudiante-de-villa-ohiggins-visito-el-centro-espacial-kennedy-de-la-nasa","status":"publish","type":"post","link":"https:\/\/radiorevelacionfm.cl\/?p=39317","title":{"rendered":"Estudiante de Villa O\u00b4Higgins visit\u00f3 el Centro Espacial Kennedy de la Nasa"},"content":{"rendered":"<div class=\"flex_column av_one_full  flex_column_div av-zero-column-padding first  avia-builder-el-0  el_before_av_one_full  avia-builder-el-first  \" style='border-radius:0px; '><div  class='avia-image-container  av-styling-    avia-builder-el-1  avia-builder-el-no-sibling  avia-align-center '  itemprop=\"image\" itemscope=\"itemscope\" itemtype=\"https:\/\/schema.org\/ImageObject\"  ><div class='avia-image-container-inner'><div class='avia-image-overlay-wrap'><img decoding=\"async\" class='wp-image-39318 avia-img-lazy-loading-not-39318 avia_image' src=\"https:\/\/radiorevelacionfm.cl\/wp-content\/uploads\/2024\/01\/Foto-1-37-1-1.jpeg\" alt='' title='Foto 1 (37) (1) (1)' height=\"720\" width=\"801\"  itemprop=\"thumbnailUrl\" srcset=\"https:\/\/radiorevelacionfm.cl\/wp-content\/uploads\/2024\/01\/Foto-1-37-1-1.jpeg 801w, https:\/\/radiorevelacionfm.cl\/wp-content\/uploads\/2024\/01\/Foto-1-37-1-1-300x270.jpeg 300w, https:\/\/radiorevelacionfm.cl\/wp-content\/uploads\/2024\/01\/Foto-1-37-1-1-768x690.jpeg 768w, https:\/\/radiorevelacionfm.cl\/wp-content\/uploads\/2024\/01\/Foto-1-37-1-1-705x634.jpeg 705w, https:\/\/radiorevelacionfm.cl\/wp-content\/uploads\/2024\/01\/Foto-1-37-1-1-450x404.jpeg 450w, https:\/\/radiorevelacionfm.cl\/wp-content\/uploads\/2024\/01\/Foto-1-37-1-1-600x539.jpeg 600w\" sizes=\"(max-width: 801px) 100vw, 801px\" \/><\/div><\/div><\/div><\/div><div class=\"flex_column av_one_full  flex_column_div av-zero-column-padding first  avia-builder-el-2  el_after_av_one_full  el_before_av_one_full  column-top-margin\" style='border-radius:0px; '><section class=\"av_textblock_section \"  itemscope=\"itemscope\" itemtype=\"https:\/\/schema.org\/BlogPosting\" itemprop=\"blogPost\" ><div class='avia_textblock  '   itemprop=\"text\" ><p style=\"text-align: center;\"><strong><span style=\"font-size: 18pt;\">Estudiante de Villa O\u00b4Higgins visit\u00f3 el Centro Espacial Kennedy de la Nasa<\/span><\/strong><\/p>\n<div id=\"gtx-trans\" style=\"position: absolute; left: -50px; top: 4.31534px;\">\n<div class=\"gtx-trans-icon\"><\/div>\n<\/div>\n<\/div><\/section><\/div><div class=\"flex_column av_one_full  flex_column_div av-zero-column-padding first  avia-builder-el-4  el_after_av_one_full  el_before_av_hr  column-top-margin\" style='border-radius:0px; '><section class=\"av_textblock_section \"  itemscope=\"itemscope\" itemtype=\"https:\/\/schema.org\/BlogPosting\" itemprop=\"blogPost\" ><div class='avia_textblock  '   itemprop=\"text\" ><p style=\"text-align: justify;\"><em>Emilia Mart\u00ednez viaj\u00f3 junto a su padre a Estados Unidos, luego de ser una de los ganadores del concurso Haz que Despeguen, que la premi\u00f3 por tener una buena asistencia durante el primer semestre de 2023. En el viaje tuvo la oportunidad de conocer el transbordador Atlantis, utilizar simuladores y compartir con un astronauta de la Nasa.<\/em><\/p>\n<p style=\"text-align: justify;\">\u201cFue una experiencia inolvidable para mi hija y para m\u00ed. Durante la visita a la estaci\u00f3n espacial interact\u00fao, jug\u00f3 y juntos recorrimos sus instalaciones. Por ello, invito a las familias a que lleven a sus hijos a la escuela o jard\u00edn infantil y postulen este a\u00f1o al concurso Haz que Despeguen, para que puedan vivir este maravilloso viaje\u201d, as\u00ed describe Celso Mart\u00ednez, padre de Emilia, la experiencia de haber viajado a Estados Unidos para conocer el Centro Espacial Kennedy de la Nasa, ubicado en Florida.<\/p>\n<p style=\"text-align: justify;\">En esta visita de 4 d\u00edas, los 16 ni\u00f1os y ni\u00f1as ganadores del concurso Haz que Despeguen de Fundaci\u00f3n Educacional Oportunidad se deslumbraron con lo que implica un viaje de estas caracter\u00edsticas. La visita al centro espacial se concret\u00f3 el mi\u00e9rcoles 24 de enero donde tuvieron la oportunidad de conocer el transbordador Atlantis, utilizar simuladores de alta tecnolog\u00eda y escuchar la experiencia de un astronauta de la Nasa.<\/p>\n<p style=\"text-align: justify;\">Adem\u00e1s, pudieron visitar el\u00a0Jard\u00edn de Cohetes y ver videos espaciales, as\u00ed como las instalaciones operativas, incluidas las plataformas de lanzamiento, entre otras actividades.<\/p>\n<p style=\"text-align: justify;\">La directora ejecutiva de Fundaci\u00f3n Educacional Oportunidad, Marcela Marzolo, destac\u00f3 que \u201cestamos felices de la experiencia que vivieron las ni\u00f1as y ni\u00f1os. Se trata de un hito para sus familias y tambi\u00e9n para nosotros como fundaci\u00f3n\u201d.<\/p>\n<p style=\"text-align: justify;\">Agreg\u00f3 que \u201cnos llena de orgullo poder premiarles por haber logrado una asistencia a clases destacada durante 2023 y esperamos que sea un incentivo para su trayectoria educativa, que les permita ver que cuando se asiste a clases se pueden cumplir sue\u00f1os tan impactantes como conocer un centro espacial de la Nasa\u201d.<\/p>\n<p style=\"text-align: justify;\">Por su parte, Yanira Al\u00e9e, jefa del programa de Asistencia de Fundaci\u00f3n Educacional Oportunidad agreg\u00f3 que \u201csabemos que muchas familias estuvieron expectantes a este concurso y eso redund\u00f3 en que motivaron a sus ni\u00f1as y ni\u00f1as para no faltar al jard\u00edn o a la escuela. Queremos que Haz que Despeguen sea un incentivo adicional para no faltar a clases\u201d.<\/p>\n<p style=\"text-align: justify;\">El viaje continu\u00f3 el jueves 25 de enero con una visita al parque tem\u00e1tico y zool\u00f3gico marino \u201cSea World\u201d, como un complemento al premio base y con el objetivo que disfruten de sus vacaciones, para finalmente el viernes en la noche regresar a Chile.<\/p>\n<\/div><\/section><\/div><div  style='height:50px' class='hr hr-invisible   avia-builder-el-6  el_after_av_one_full  el_before_av_social_share '><span class='hr-inner ' ><span class='hr-inner-style'><\/span><\/span><\/div><\/p>\n<div  class='av-social-sharing-box  avia-builder-el-7  el_after_av_hr  el_before_av_hr  '><div class='av-share-box'><h5 class='av-share-link-description av-no-toc '>Compartir esta noticia<\/h5><ul class='av-share-box-list noLightbox'><li class='av-share-link av-social-link-facebook' ><a target=\"_blank\" aria-label=\"Compartir en Facebook\" href='https:\/\/www.facebook.com\/sharer.php?u=https:\/\/radiorevelacionfm.cl\/?p=39317&#038;t=Estudiante%20de%20Villa%20O%C2%B4Higgins%20visit%C3%B3%20el%20Centro%20Espacial%20Kennedy%20de%20la%20Nasa' aria-hidden='false' data-av_icon='\ue8f3' data-av_iconfont='entypo-fontello' title='' data-avia-related-tooltip='Compartir en Facebook' rel=\"noopener\"><span class='avia_hidden_link_text'>Compartir en Facebook<\/span><\/a><\/li><li class='av-share-link av-social-link-twitter' ><a target=\"_blank\" aria-label=\"Compartir en Twitter\" href='https:\/\/twitter.com\/share?text=Estudiante%20de%20Villa%20O%C2%B4Higgins%20visit%C3%B3%20el%20Centro%20Espacial%20Kennedy%20de%20la%20Nasa&#038;url=https:\/\/radiorevelacionfm.cl\/?p=39317' aria-hidden='false' data-av_icon='\ue8f1' data-av_iconfont='entypo-fontello' title='' data-avia-related-tooltip='Compartir en Twitter' rel=\"noopener\"><span class='avia_hidden_link_text'>Compartir en Twitter<\/span><\/a><\/li><li class='av-share-link av-social-link-whatsapp' ><a target=\"_blank\" aria-label=\"Compartir en Whatsapp\" href='https:\/\/api.whatsapp.com\/send?text=https:\/\/radiorevelacionfm.cl\/?p=39317' aria-hidden='false' data-av_icon='\uf232' data-av_iconfont='entypo-fontello' title='' data-avia-related-tooltip='Compartir en Whatsapp' rel=\"noopener\"><span class='avia_hidden_link_text'>Compartir en Whatsapp<\/span><\/a><\/li><li class='av-share-link av-social-link-linkedin' ><a target=\"_blank\" aria-label=\"Compartir en LinkedIn\" href='https:\/\/linkedin.com\/shareArticle?mini=true&#038;title=Estudiante%20de%20Villa%20O%C2%B4Higgins%20visit%C3%B3%20el%20Centro%20Espacial%20Kennedy%20de%20la%20Nasa&#038;url=https:\/\/radiorevelacionfm.cl\/?p=39317' aria-hidden='false' data-av_icon='\ue8fc' data-av_iconfont='entypo-fontello' title='' data-avia-related-tooltip='Compartir en LinkedIn' rel=\"noopener\"><span class='avia_hidden_link_text'>Compartir en LinkedIn<\/span><\/a><\/li><li class='av-share-link av-social-link-mail' ><a  aria-label=\"Compartir por correo\" href='mailto:?subject=Estudiante%20de%20Villa%20O%C2%B4Higgins%20visit%C3%B3%20el%20Centro%20Espacial%20Kennedy%20de%20la%20Nasa&#038;body=https:\/\/radiorevelacionfm.cl\/?p=39317' aria-hidden='false' data-av_icon='\ue805' data-av_iconfont='entypo-fontello' title='' data-avia-related-tooltip='Compartir por correo'><span class='avia_hidden_link_text'>Compartir por correo<\/span><\/a><\/li><\/ul><\/div><\/div>\n<div  style='height:50px' class='hr hr-invisible   avia-builder-el-8  el_after_av_social_share  el_before_av_comments_list '><span class='hr-inner ' ><span class='hr-inner-style'><\/span><\/span><\/div>\n<div  class='av-buildercomment  av-blog-meta-html-info-disabled av-blog-meta-tag-disabled  '><\/div>\n","protected":false},"excerpt":{"rendered":"","protected":false},"author":1,"featured_media":39318,"comment_status":"open","ping_status":"open","sticky":false,"template":"","format":"standard","meta":{"footnotes":""},"categories":[38],"tags":[],"class_list":["post-39317","post","type-post","status-publish","format-standard","has-post-thumbnail","hentry","category-regional"],"jetpack_featured_media_url":"https:\/\/radiorevelacionfm.cl\/wp-content\/uploads\/2024\/01\/Foto-1-37-1-1.jpeg","_links":{"self":[{"href":"https:\/\/radiorevelacionfm.cl\/index.php?rest_route=\/wp\/v2\/posts\/39317","targetHints":{"allow":["GET"]}}],"collection":[{"href":"https:\/\/radiorevelacionfm.cl\/index.php?rest_route=\/wp\/v2\/posts"}],"about":[{"href":"https:\/\/radiorevelacionfm.cl\/index.php?rest_route=\/wp\/v2\/types\/post"}],"author":[{"embeddable":true,"href":"https:\/\/radiorevelacionfm.cl\/index.php?rest_route=\/wp\/v2\/users\/1"}],"replies":[{"embeddable":true,"href":"https:\/\/radiorevelacionfm.cl\/index.php?rest_route=%2Fwp%2Fv2%2Fcomments&post=39317"}],"version-history":[{"count":1,"href":"https:\/\/radiorevelacionfm.cl\/index.php?rest_route=\/wp\/v2\/posts\/39317\/revisions"}],"predecessor-version":[{"id":39319,"href":"https:\/\/radiorevelacionfm.cl\/index.php?rest_route=\/wp\/v2\/posts\/39317\/revisions\/39319"}],"wp:featuredmedia":[{"embeddable":true,"href":"https:\/\/radiorevelacionfm.cl\/index.php?rest_route=\/wp\/v2\/media\/39318"}],"wp:attachment":[{"href":"https:\/\/radiorevelacionfm.cl\/index.php?rest_route=%2Fwp%2Fv2%2Fmedia&parent=39317"}],"wp:term":[{"taxonomy":"category","embeddable":true,"href":"https:\/\/radiorevelacionfm.cl\/index.php?rest_route=%2Fwp%2Fv2%2Fcategories&post=39317"},{"taxonomy":"post_tag","embeddable":true,"href":"https:\/\/radiorevelacionfm.cl\/index.php?rest_route=%2Fwp%2Fv2%2Ftags&post=39317"}],"curies":[{"name":"wp","href":"https:\/\/api.w.org\/{rel}","templated":true}]}}