{"id":39314,"date":"2024-01-30T21:13:38","date_gmt":"2024-01-31T00:13:38","guid":{"rendered":"https:\/\/radiorevelacionfm.cl\/?p=39314"},"modified":"2024-01-30T21:13:38","modified_gmt":"2024-01-31T00:13:38","slug":"conaf-mantiene-combate-de-incendio-del-sector-recta-foitzick-en-coyhaique","status":"publish","type":"post","link":"https:\/\/radiorevelacionfm.cl\/?p=39314","title":{"rendered":"Conaf mantiene combate de incendio del sector Recta Foitzick en Coyhaique"},"content":{"rendered":"<div class=\"flex_column av_one_full  flex_column_div av-zero-column-padding first  avia-builder-el-0  el_before_av_one_full  avia-builder-el-first  \" style='border-radius:0px; '><div  class='avia-image-container  av-styling-    avia-builder-el-1  avia-builder-el-no-sibling  avia-align-center '  itemprop=\"image\" itemscope=\"itemscope\" itemtype=\"https:\/\/schema.org\/ImageObject\"  ><div class='avia-image-container-inner'><div class='avia-image-overlay-wrap'><img decoding=\"async\" class='wp-image-39315 avia-img-lazy-loading-not-39315 avia_image' src=\"https:\/\/radiorevelacionfm.cl\/wp-content\/uploads\/2024\/01\/img_9785-1_optimized-1.jpg\" alt='' title='img_9785-(1)_optimized (1)' height=\"600\" width=\"900\"  itemprop=\"thumbnailUrl\" srcset=\"https:\/\/radiorevelacionfm.cl\/wp-content\/uploads\/2024\/01\/img_9785-1_optimized-1.jpg 900w, https:\/\/radiorevelacionfm.cl\/wp-content\/uploads\/2024\/01\/img_9785-1_optimized-1-300x200.jpg 300w, https:\/\/radiorevelacionfm.cl\/wp-content\/uploads\/2024\/01\/img_9785-1_optimized-1-768x512.jpg 768w, https:\/\/radiorevelacionfm.cl\/wp-content\/uploads\/2024\/01\/img_9785-1_optimized-1-705x470.jpg 705w, https:\/\/radiorevelacionfm.cl\/wp-content\/uploads\/2024\/01\/img_9785-1_optimized-1-450x300.jpg 450w, https:\/\/radiorevelacionfm.cl\/wp-content\/uploads\/2024\/01\/img_9785-1_optimized-1-600x400.jpg 600w\" sizes=\"(max-width: 900px) 100vw, 900px\" \/><\/div><\/div><\/div><\/div><div class=\"flex_column av_one_full  flex_column_div av-zero-column-padding first  avia-builder-el-2  el_after_av_one_full  el_before_av_one_full  column-top-margin\" style='border-radius:0px; '><section class=\"av_textblock_section \"  itemscope=\"itemscope\" itemtype=\"https:\/\/schema.org\/BlogPosting\" itemprop=\"blogPost\" ><div class='avia_textblock  '   itemprop=\"text\" ><p style=\"font-weight: 400; text-align: center;\"><span style=\"font-size: 18pt;\"><strong>Conaf mantiene combate de incendio del sector Recta Foitzick en Coyhaique<\/strong><\/span><\/p>\n<p style=\"font-weight: 400;\"><strong>\u00a0<\/strong><\/p>\n<div id=\"gtx-trans\" style=\"position: absolute; left: -50px; top: 4.31534px;\">\n<div class=\"gtx-trans-icon\"><\/div>\n<\/div>\n<\/div><\/section><\/div><div class=\"flex_column av_one_full  flex_column_div av-zero-column-padding first  avia-builder-el-4  el_after_av_one_full  el_before_av_hr  column-top-margin\" style='border-radius:0px; '><section class=\"av_textblock_section \"  itemscope=\"itemscope\" itemtype=\"https:\/\/schema.org\/BlogPosting\" itemprop=\"blogPost\" ><div class='avia_textblock  '   itemprop=\"text\" ><p style=\"font-weight: 400; text-align: justify;\">Con una superficie afectada de 88,6 hect\u00e1reas de pastizal y pino, se mantiene en combate el incendio que se registra desde el pasado jueves 25 de enero en el sector Recta Foitzick, en Coyhaique, durante el per\u00edodo de mayor ocurrencia de incendios.<\/p>\n<p style=\"font-weight: 400; text-align: justify;\">De acuerdo con la informaci\u00f3n t\u00e9cnica proporcionada por CONAF, en coordinaci\u00f3n con la Delegaci\u00f3n Presidencial Regional de Ays\u00e9n, la Direcci\u00f3n Regional de SENAPRED mantiene la Alerta Amarilla para la comuna de Coyhaique.<\/p>\n<p style=\"font-weight: 400; text-align: justify;\">Junto con realizar un fuerte llamado a la prevenci\u00f3n, las labores de combate que desarrollan brigadistas forestales de CONAF en el \u00e1rea sur del cerro Mackay fueron constatadas por el Delegado Presidencial Regional de Ays\u00e9n, Rodrigo Araya, el director regional, Ronald Valenzuela, y director de Senapred, Carlos Ureta, junto al jefe del departamento de Manejo del Fuego, Juan Eduardo Barrientos y los respectivos equipos t\u00e9cnicos.<\/p>\n<p style=\"font-weight: 400; text-align: justify;\">\u201cEstamos muy cerca de la zona de extracci\u00f3n de los brigadistas que se encuentran trabajando, en el sector sur del Cerro Mackay, en la zona del humo que se visualiza desde la carretera. La Cuarta Divisi\u00f3n de Ej\u00e9rcito trajo un bulldozer para hacer un camino e instalar fuentes de agua en un sector m\u00e1s cercano al incendio. Estamos en Alerta Amarilla y el incendio est\u00e1 en combate\u201d, precis\u00f3 el Delegado Presidencial Regional, Rodrigo Araya.<\/p>\n<p style=\"font-weight: 400; text-align: justify;\">El director regional de CONAF, Ronald Valenzuela, detall\u00f3 que entre los recursos que se estpan utilizando, se cuentan dos helic\u00f3pteros, cuatro brigadas con 35 brigadistas, un m\u00f3vil puesto de mando y un cami\u00f3n aljibe.<\/p>\n<p style=\"font-weight: 400; text-align: justify;\">\u201cSon focos que est\u00e1n en el contexto del incendio original, el personal se est\u00e1 trasladando en helic\u00f3ptero y el bulldozer de Ej\u00e9rcito nos permitir\u00e1 acceder de mejor manera, optimizando recursos, en lo que se denomina la reducci\u00f3n del riesgo\u201d, expres\u00f3.<\/p>\n<p style=\"font-weight: 400; text-align: justify;\">La investigaci\u00f3n sobre el origen y causas fue instruida por el Ministerio P\u00fablico con diligencias a cargo de Carabineros.<\/p>\n<p style=\"font-weight: 400; text-align: justify;\">Quien fuera sorprendido provocando un incendio forestal se expone a una pena m\u00e1xima de 20 a\u00f1os de presidio y una multa de $10 millones como m\u00e1ximo.<\/p>\n<p style=\"font-weight: 400; text-align: justify;\">Durante el per\u00edodo de mayor ocurrencia de incendios 2022-2023, a nivel regional se determinaron la causa y origen del 100% de los incendios forestales ocurridos, con una totalidad de 30 incidentes, donde las principales causas fueron originados por negligencia en actividades al aire libre y faenas forestales.<\/p>\n<\/div><\/section><\/div><div  style='height:50px' class='hr hr-invisible   avia-builder-el-6  el_after_av_one_full  el_before_av_social_share '><span class='hr-inner ' ><span class='hr-inner-style'><\/span><\/span><\/div><\/p>\n<div  class='av-social-sharing-box  avia-builder-el-7  el_after_av_hr  el_before_av_hr  '><div class='av-share-box'><h5 class='av-share-link-description av-no-toc '>Compartir esta noticia<\/h5><ul class='av-share-box-list noLightbox'><li class='av-share-link av-social-link-facebook' ><a target=\"_blank\" aria-label=\"Compartir en Facebook\" href='https:\/\/www.facebook.com\/sharer.php?u=https:\/\/radiorevelacionfm.cl\/?p=39314&#038;t=Conaf%20mantiene%20combate%20de%20incendio%20del%20sector%20Recta%20Foitzick%20en%20Coyhaique' aria-hidden='false' data-av_icon='\ue8f3' data-av_iconfont='entypo-fontello' title='' data-avia-related-tooltip='Compartir en Facebook' rel=\"noopener\"><span class='avia_hidden_link_text'>Compartir en Facebook<\/span><\/a><\/li><li class='av-share-link av-social-link-twitter' ><a target=\"_blank\" aria-label=\"Compartir en Twitter\" href='https:\/\/twitter.com\/share?text=Conaf%20mantiene%20combate%20de%20incendio%20del%20sector%20Recta%20Foitzick%20en%20Coyhaique&#038;url=https:\/\/radiorevelacionfm.cl\/?p=39314' aria-hidden='false' data-av_icon='\ue8f1' data-av_iconfont='entypo-fontello' title='' data-avia-related-tooltip='Compartir en Twitter' rel=\"noopener\"><span class='avia_hidden_link_text'>Compartir en Twitter<\/span><\/a><\/li><li class='av-share-link av-social-link-whatsapp' ><a target=\"_blank\" aria-label=\"Compartir en Whatsapp\" href='https:\/\/api.whatsapp.com\/send?text=https:\/\/radiorevelacionfm.cl\/?p=39314' aria-hidden='false' data-av_icon='\uf232' data-av_iconfont='entypo-fontello' title='' data-avia-related-tooltip='Compartir en Whatsapp' rel=\"noopener\"><span class='avia_hidden_link_text'>Compartir en Whatsapp<\/span><\/a><\/li><li class='av-share-link av-social-link-linkedin' ><a target=\"_blank\" aria-label=\"Compartir en LinkedIn\" href='https:\/\/linkedin.com\/shareArticle?mini=true&#038;title=Conaf%20mantiene%20combate%20de%20incendio%20del%20sector%20Recta%20Foitzick%20en%20Coyhaique&#038;url=https:\/\/radiorevelacionfm.cl\/?p=39314' aria-hidden='false' data-av_icon='\ue8fc' data-av_iconfont='entypo-fontello' title='' data-avia-related-tooltip='Compartir en LinkedIn' rel=\"noopener\"><span class='avia_hidden_link_text'>Compartir en LinkedIn<\/span><\/a><\/li><li class='av-share-link av-social-link-mail' ><a  aria-label=\"Compartir por correo\" href='mailto:?subject=Conaf%20mantiene%20combate%20de%20incendio%20del%20sector%20Recta%20Foitzick%20en%20Coyhaique&#038;body=https:\/\/radiorevelacionfm.cl\/?p=39314' aria-hidden='false' data-av_icon='\ue805' data-av_iconfont='entypo-fontello' title='' data-avia-related-tooltip='Compartir por correo'><span class='avia_hidden_link_text'>Compartir por correo<\/span><\/a><\/li><\/ul><\/div><\/div>\n<div  style='height:50px' class='hr hr-invisible   avia-builder-el-8  el_after_av_social_share  el_before_av_comments_list '><span class='hr-inner ' ><span class='hr-inner-style'><\/span><\/span><\/div>\n<div  class='av-buildercomment  av-blog-meta-html-info-disabled av-blog-meta-tag-disabled  '><\/div>\n","protected":false},"excerpt":{"rendered":"","protected":false},"author":1,"featured_media":39315,"comment_status":"open","ping_status":"open","sticky":false,"template":"","format":"standard","meta":{"footnotes":""},"categories":[38],"tags":[],"class_list":["post-39314","post","type-post","status-publish","format-standard","has-post-thumbnail","hentry","category-regional"],"jetpack_featured_media_url":"https:\/\/radiorevelacionfm.cl\/wp-content\/uploads\/2024\/01\/img_9785-1_optimized-1.jpg","_links":{"self":[{"href":"https:\/\/radiorevelacionfm.cl\/index.php?rest_route=\/wp\/v2\/posts\/39314","targetHints":{"allow":["GET"]}}],"collection":[{"href":"https:\/\/radiorevelacionfm.cl\/index.php?rest_route=\/wp\/v2\/posts"}],"about":[{"href":"https:\/\/radiorevelacionfm.cl\/index.php?rest_route=\/wp\/v2\/types\/post"}],"author":[{"embeddable":true,"href":"https:\/\/radiorevelacionfm.cl\/index.php?rest_route=\/wp\/v2\/users\/1"}],"replies":[{"embeddable":true,"href":"https:\/\/radiorevelacionfm.cl\/index.php?rest_route=%2Fwp%2Fv2%2Fcomments&post=39314"}],"version-history":[{"count":1,"href":"https:\/\/radiorevelacionfm.cl\/index.php?rest_route=\/wp\/v2\/posts\/39314\/revisions"}],"predecessor-version":[{"id":39316,"href":"https:\/\/radiorevelacionfm.cl\/index.php?rest_route=\/wp\/v2\/posts\/39314\/revisions\/39316"}],"wp:featuredmedia":[{"embeddable":true,"href":"https:\/\/radiorevelacionfm.cl\/index.php?rest_route=\/wp\/v2\/media\/39315"}],"wp:attachment":[{"href":"https:\/\/radiorevelacionfm.cl\/index.php?rest_route=%2Fwp%2Fv2%2Fmedia&parent=39314"}],"wp:term":[{"taxonomy":"category","embeddable":true,"href":"https:\/\/radiorevelacionfm.cl\/index.php?rest_route=%2Fwp%2Fv2%2Fcategories&post=39314"},{"taxonomy":"post_tag","embeddable":true,"href":"https:\/\/radiorevelacionfm.cl\/index.php?rest_route=%2Fwp%2Fv2%2Ftags&post=39314"}],"curies":[{"name":"wp","href":"https:\/\/api.w.org\/{rel}","templated":true}]}}