{"id":39311,"date":"2024-01-30T20:57:10","date_gmt":"2024-01-30T23:57:10","guid":{"rendered":"https:\/\/radiorevelacionfm.cl\/?p=39311"},"modified":"2024-01-30T20:57:10","modified_gmt":"2024-01-30T23:57:10","slug":"anuncian-inicio-de-proceso-de-reactivacion-del-programa-per-turismo-aysen","status":"publish","type":"post","link":"https:\/\/radiorevelacionfm.cl\/?p=39311","title":{"rendered":"Anuncian inicio de proceso de reactivaci\u00f3n del programa PER Turismo Ays\u00e9n"},"content":{"rendered":"<div class=\"flex_column av_one_full  flex_column_div av-zero-column-padding first  avia-builder-el-0  el_before_av_one_full  avia-builder-el-first  \" style='border-radius:0px; '><div  class='avia-image-container  av-styling-    avia-builder-el-1  avia-builder-el-no-sibling  avia-align-center '  itemprop=\"image\" itemscope=\"itemscope\" itemtype=\"https:\/\/schema.org\/ImageObject\"  ><div class='avia-image-container-inner'><div class='avia-image-overlay-wrap'><img decoding=\"async\" class='wp-image-39312 avia-img-lazy-loading-not-39312 avia_image' src=\"https:\/\/radiorevelacionfm.cl\/wp-content\/uploads\/2024\/01\/03-PP-equipo-de-trabajo-1-1.jpeg\" alt='' title='03 PP equipo de trabajo (1) (1)' height=\"698\" width=\"791\"  itemprop=\"thumbnailUrl\" srcset=\"https:\/\/radiorevelacionfm.cl\/wp-content\/uploads\/2024\/01\/03-PP-equipo-de-trabajo-1-1.jpeg 791w, https:\/\/radiorevelacionfm.cl\/wp-content\/uploads\/2024\/01\/03-PP-equipo-de-trabajo-1-1-300x265.jpeg 300w, https:\/\/radiorevelacionfm.cl\/wp-content\/uploads\/2024\/01\/03-PP-equipo-de-trabajo-1-1-768x678.jpeg 768w, https:\/\/radiorevelacionfm.cl\/wp-content\/uploads\/2024\/01\/03-PP-equipo-de-trabajo-1-1-705x622.jpeg 705w, https:\/\/radiorevelacionfm.cl\/wp-content\/uploads\/2024\/01\/03-PP-equipo-de-trabajo-1-1-450x397.jpeg 450w, https:\/\/radiorevelacionfm.cl\/wp-content\/uploads\/2024\/01\/03-PP-equipo-de-trabajo-1-1-600x529.jpeg 600w\" sizes=\"(max-width: 791px) 100vw, 791px\" \/><\/div><\/div><\/div><\/div><div class=\"flex_column av_one_full  flex_column_div av-zero-column-padding first  avia-builder-el-2  el_after_av_one_full  el_before_av_one_full  column-top-margin\" style='border-radius:0px; '><section class=\"av_textblock_section \"  itemscope=\"itemscope\" itemtype=\"https:\/\/schema.org\/BlogPosting\" itemprop=\"blogPost\" ><div class='avia_textblock  '   itemprop=\"text\" ><p style=\"text-align: center;\"><span style=\"font-size: 18pt;\"><b><span lang=\"es-419\">Anuncian inicio de proceso de reactivaci\u00f3n del programa PER Turismo Ays\u00e9n<\/span><\/b><\/span><\/p>\n<div id=\"gtx-trans\" style=\"position: absolute; left: -50px; top: 4.31534px;\">\n<div class=\"gtx-trans-icon\"><\/div>\n<\/div>\n<\/div><\/section><\/div><div class=\"flex_column av_one_full  flex_column_div av-zero-column-padding first  avia-builder-el-4  el_after_av_one_full  el_before_av_hr  column-top-margin\" style='border-radius:0px; '><section class=\"av_textblock_section \"  itemscope=\"itemscope\" itemtype=\"https:\/\/schema.org\/BlogPosting\" itemprop=\"blogPost\" ><div class='avia_textblock  '   itemprop=\"text\" ><p style=\"font-weight: 400; text-align: justify;\">En una reuni\u00f3n de coordinaci\u00f3n entre Sernatur y Corfo, se anunci\u00f3 el inicio del proceso de reactivaci\u00f3n del programa Transforma Turismo Ays\u00e9n, conocido como PER Turismo Ays\u00e9n. El programa busca convertir a Ays\u00e9n en un destino tur\u00edstico mundial, priorizando acciones estrat\u00e9gicas para superar brechas de competitividad y consolidar una oferta tur\u00edstica de calidad.<\/p>\n<p style=\"font-weight: 400; text-align: justify;\">Esta reuni\u00f3n, que cont\u00f3 con la participaci\u00f3n \u00a0de los directores y equipos regionales de Corfo y Sernatur, Seremi de Econom\u00eda, el director nacional de Sernatur, y parte del equipo de los programas Transforma del nivel central y de la Gerencia de Asuntos Estrat\u00e9gicos, de Corfo, marca el primer paso para su reactivaci\u00f3n con el objetivo de garantizar los recursos necesarios para su ejecuci\u00f3n efectiva y reforzar la coordinaci\u00f3n entre entidades p\u00fablicas y privadas en el desarrollo tur\u00edstico de la regi\u00f3n.<\/p>\n<p style=\"font-weight: 400; text-align: justify;\">Humberto Mar\u00edn Leiva, director de Corfo, afirm\u00f3 que \u00abesta reuni\u00f3n marca un hito importante en el desarrollo del turismo en Ays\u00e9n. La colaboraci\u00f3n entre Sernatur, Corfo, Econom\u00eda y otros actores clave es fundamental para impulsar el crecimiento sostenible de esta industria en la regi\u00f3n. Desde Corfo Ays\u00e9n tenemos un compromiso a nivel regional en relaci\u00f3n con los instrumentos y estamos enfocados en un intenso trabajo para luego continuar con la reactivaci\u00f3n del PER Turismo. En una etapa posterior, ser\u00e1 crucial involucrar al sector privado del turismo para desarrollar de manera integral el turismo, una vocaci\u00f3n productiva estrat\u00e9gica de la regi\u00f3n de Ays\u00e9n.\u201d<\/p>\n<p style=\"font-weight: 400; text-align: justify;\">Durante la reuni\u00f3n, se abordaron los desaf\u00edos administrativos que ha enfrentado el programa, especialmente en cuanto al traspaso de fondos a los agentes operadores, lo que ha ralentizado el proceso de reactivaci\u00f3n. Sin embargo, se destac\u00f3 la importancia de la coordinaci\u00f3n entre entidades p\u00fablicas y privadas para superar estos obst\u00e1culos y avanzar hacia los objetivos planteados.<\/p>\n<p style=\"font-weight: 400; text-align: justify;\">En este sentido, se anunci\u00f3 una revisi\u00f3n de los objetivos y la Hoja de Ruta del programa, con el prop\u00f3sito de volver a su enfoque estrat\u00e9gico original que prioriza la carretera austral y las \u00e1reas silvestres protegidas Este trabajo incluye coordinaciones espec\u00edficas con los programas Transforma Nacional y Meso Regional Ruta de Parques de la Patagonia, as\u00ed como con las estrategias Nacional de Turismo Descentralizado y de Desarrollo Regional de Ays\u00e9n.<\/p>\n<p style=\"font-weight: 400; text-align: justify;\">Crist\u00f3bal Ben\u00edtez Villafranca, director nacional de Sernatur explic\u00f3 que \u00abestamos comprometidos con transformar a Ays\u00e9n en un destino tur\u00edstico de clase mundial. Y hoy nos encontramos trabajando estrechamente con el Seremi de Econom\u00eda, el equipo de Corfo y nuestro director regional para organizar la instrumental existente y ser eficientes en la operativa de herramientas para el desarrollo tur\u00edstico. A trav\u00e9s de la Subsecretar\u00eda de Turismo, hemos desarrollado una Estrategia Nacional de Turismo Descentralizada, con participaci\u00f3n en los territorios, que ser\u00e1 lanzada en las pr\u00f3ximas semanas. Debemos asegurarnos de que el instrumental en cada territorio sea coherente con esta estrategia, para abordar las diversas realidades regionales. Los instrumentos como los de Corfo y los programas estrat\u00e9gicos son fundamentales para el desarrollo tur\u00edstico a nivel nacional, mesoregional y regional. En particular, tenemos dos instrumentos, el Programa Estrat\u00e9gico Regional de Ays\u00e9n y el programa Mesoregional Ruta de Parques de la Patagonia, que abarca toda la macrozona y debemos asegurarnos de que sean coherentes y eficientes para acelerar la recuperaci\u00f3n tur\u00edstica del territorio nacional\u201d.<\/p>\n<p style=\"font-weight: 400; text-align: justify;\">Agreg\u00f3 que recientemente regres\u00f3 de la Feria de FITUR en Espa\u00f1a con una noticia importante para la regi\u00f3n. \u201cHemos tenido conversaciones con diversos operadores tur\u00edsticos y hay un gran inter\u00e9s en conocer m\u00e1s sobre la Ruta de la Carretera Austral de la Patagonia en general, la cual se ha ido consolidando como uno de los destinos m\u00e1s atractivos a nivel nacional. Por lo tanto, creo que este reconocimiento internacional nos ayudar\u00e1 en el futuro a comercializar de mejor manera los productos que est\u00e1n asociados a la Carretera Austral\u201d, concluy\u00f3 Ben\u00edtez.<\/p>\n<p style=\"font-weight: 400; text-align: justify;\">El Programa Estrat\u00e9gico Regional de Turismo Ays\u00e9n Patagonia -Naturaleza y Aventura-, PER Turismo Ays\u00e9n, es una instancia p\u00fablico-privada de planificaci\u00f3n y gesti\u00f3n del turismo, que busca generar una oferta de productos de naturaleza y aventura singular, en torno a la Carretera Austral y las \u00c1reas Silvestres Protegidas.<\/p>\n<\/div><\/section><\/div><div  style='height:50px' class='hr hr-invisible   avia-builder-el-6  el_after_av_one_full  el_before_av_social_share '><span class='hr-inner ' ><span class='hr-inner-style'><\/span><\/span><\/div><\/p>\n<div  class='av-social-sharing-box  avia-builder-el-7  el_after_av_hr  el_before_av_hr  '><div class='av-share-box'><h5 class='av-share-link-description av-no-toc '>Compartir esta noticia<\/h5><ul class='av-share-box-list noLightbox'><li class='av-share-link av-social-link-facebook' ><a target=\"_blank\" aria-label=\"Compartir en Facebook\" href='https:\/\/www.facebook.com\/sharer.php?u=https:\/\/radiorevelacionfm.cl\/?p=39311&#038;t=Anuncian%20inicio%20de%20proceso%20de%20reactivaci%C3%B3n%20del%20programa%20PER%20Turismo%20Ays%C3%A9n' aria-hidden='false' data-av_icon='\ue8f3' data-av_iconfont='entypo-fontello' title='' data-avia-related-tooltip='Compartir en Facebook' rel=\"noopener\"><span class='avia_hidden_link_text'>Compartir en Facebook<\/span><\/a><\/li><li class='av-share-link av-social-link-twitter' ><a target=\"_blank\" aria-label=\"Compartir en Twitter\" href='https:\/\/twitter.com\/share?text=Anuncian%20inicio%20de%20proceso%20de%20reactivaci%C3%B3n%20del%20programa%20PER%20Turismo%20Ays%C3%A9n&#038;url=https:\/\/radiorevelacionfm.cl\/?p=39311' aria-hidden='false' data-av_icon='\ue8f1' data-av_iconfont='entypo-fontello' title='' data-avia-related-tooltip='Compartir en Twitter' rel=\"noopener\"><span class='avia_hidden_link_text'>Compartir en Twitter<\/span><\/a><\/li><li class='av-share-link av-social-link-whatsapp' ><a target=\"_blank\" aria-label=\"Compartir en Whatsapp\" href='https:\/\/api.whatsapp.com\/send?text=https:\/\/radiorevelacionfm.cl\/?p=39311' aria-hidden='false' data-av_icon='\uf232' data-av_iconfont='entypo-fontello' title='' data-avia-related-tooltip='Compartir en Whatsapp' rel=\"noopener\"><span class='avia_hidden_link_text'>Compartir en Whatsapp<\/span><\/a><\/li><li class='av-share-link av-social-link-linkedin' ><a target=\"_blank\" aria-label=\"Compartir en LinkedIn\" href='https:\/\/linkedin.com\/shareArticle?mini=true&#038;title=Anuncian%20inicio%20de%20proceso%20de%20reactivaci%C3%B3n%20del%20programa%20PER%20Turismo%20Ays%C3%A9n&#038;url=https:\/\/radiorevelacionfm.cl\/?p=39311' aria-hidden='false' data-av_icon='\ue8fc' data-av_iconfont='entypo-fontello' title='' data-avia-related-tooltip='Compartir en LinkedIn' rel=\"noopener\"><span class='avia_hidden_link_text'>Compartir en LinkedIn<\/span><\/a><\/li><li class='av-share-link av-social-link-mail' ><a  aria-label=\"Compartir por correo\" href='mailto:?subject=Anuncian%20inicio%20de%20proceso%20de%20reactivaci%C3%B3n%20del%20programa%20PER%20Turismo%20Ays%C3%A9n&#038;body=https:\/\/radiorevelacionfm.cl\/?p=39311' aria-hidden='false' data-av_icon='\ue805' data-av_iconfont='entypo-fontello' title='' data-avia-related-tooltip='Compartir por correo'><span class='avia_hidden_link_text'>Compartir por correo<\/span><\/a><\/li><\/ul><\/div><\/div>\n<div  style='height:50px' class='hr hr-invisible   avia-builder-el-8  el_after_av_social_share  el_before_av_comments_list '><span class='hr-inner ' ><span class='hr-inner-style'><\/span><\/span><\/div>\n<div  class='av-buildercomment  av-blog-meta-html-info-disabled av-blog-meta-tag-disabled  '><\/div>\n","protected":false},"excerpt":{"rendered":"","protected":false},"author":1,"featured_media":39312,"comment_status":"open","ping_status":"open","sticky":false,"template":"","format":"standard","meta":{"footnotes":""},"categories":[54],"tags":[],"class_list":["post-39311","post","type-post","status-publish","format-standard","has-post-thumbnail","hentry","category-turismo"],"jetpack_featured_media_url":"https:\/\/radiorevelacionfm.cl\/wp-content\/uploads\/2024\/01\/03-PP-equipo-de-trabajo-1-1.jpeg","_links":{"self":[{"href":"https:\/\/radiorevelacionfm.cl\/index.php?rest_route=\/wp\/v2\/posts\/39311","targetHints":{"allow":["GET"]}}],"collection":[{"href":"https:\/\/radiorevelacionfm.cl\/index.php?rest_route=\/wp\/v2\/posts"}],"about":[{"href":"https:\/\/radiorevelacionfm.cl\/index.php?rest_route=\/wp\/v2\/types\/post"}],"author":[{"embeddable":true,"href":"https:\/\/radiorevelacionfm.cl\/index.php?rest_route=\/wp\/v2\/users\/1"}],"replies":[{"embeddable":true,"href":"https:\/\/radiorevelacionfm.cl\/index.php?rest_route=%2Fwp%2Fv2%2Fcomments&post=39311"}],"version-history":[{"count":1,"href":"https:\/\/radiorevelacionfm.cl\/index.php?rest_route=\/wp\/v2\/posts\/39311\/revisions"}],"predecessor-version":[{"id":39313,"href":"https:\/\/radiorevelacionfm.cl\/index.php?rest_route=\/wp\/v2\/posts\/39311\/revisions\/39313"}],"wp:featuredmedia":[{"embeddable":true,"href":"https:\/\/radiorevelacionfm.cl\/index.php?rest_route=\/wp\/v2\/media\/39312"}],"wp:attachment":[{"href":"https:\/\/radiorevelacionfm.cl\/index.php?rest_route=%2Fwp%2Fv2%2Fmedia&parent=39311"}],"wp:term":[{"taxonomy":"category","embeddable":true,"href":"https:\/\/radiorevelacionfm.cl\/index.php?rest_route=%2Fwp%2Fv2%2Fcategories&post=39311"},{"taxonomy":"post_tag","embeddable":true,"href":"https:\/\/radiorevelacionfm.cl\/index.php?rest_route=%2Fwp%2Fv2%2Ftags&post=39311"}],"curies":[{"name":"wp","href":"https:\/\/api.w.org\/{rel}","templated":true}]}}