{"id":39308,"date":"2024-01-30T18:31:04","date_gmt":"2024-01-30T21:31:04","guid":{"rendered":"https:\/\/radiorevelacionfm.cl\/?p=39308"},"modified":"2024-01-30T18:31:04","modified_gmt":"2024-01-30T21:31:04","slug":"en-rio-ibanez-realizan-jornada-del-taller-de-participacion-ciudadana-de-la-politica-nacional-de-desarrollo-de-zonas-extremas","status":"publish","type":"post","link":"https:\/\/radiorevelacionfm.cl\/?p=39308","title":{"rendered":"En R\u00edo Ib\u00e1\u00f1ez realizan jornada del Taller de Participaci\u00f3n Ciudadana de la Pol\u00edtica Nacional de Desarrollo de Zonas Extremas"},"content":{"rendered":"<div class=\"flex_column av_one_full  flex_column_div av-zero-column-padding first  avia-builder-el-0  el_before_av_one_full  avia-builder-el-first  \" style='border-radius:0px; '><div  class='avia-image-container  av-styling-    avia-builder-el-1  avia-builder-el-no-sibling  avia-align-center '  itemprop=\"image\" itemscope=\"itemscope\" itemtype=\"https:\/\/schema.org\/ImageObject\"  ><div class='avia-image-container-inner'><div class='avia-image-overlay-wrap'><img decoding=\"async\" class='wp-image-39309 avia-img-lazy-loading-not-39309 avia_image' src=\"https:\/\/radiorevelacionfm.cl\/wp-content\/uploads\/2024\/01\/pdze4-1-1.jpeg\" alt='' title='pdze4 (1) (1)' height=\"600\" width=\"901\"  itemprop=\"thumbnailUrl\" srcset=\"https:\/\/radiorevelacionfm.cl\/wp-content\/uploads\/2024\/01\/pdze4-1-1.jpeg 901w, https:\/\/radiorevelacionfm.cl\/wp-content\/uploads\/2024\/01\/pdze4-1-1-300x200.jpeg 300w, https:\/\/radiorevelacionfm.cl\/wp-content\/uploads\/2024\/01\/pdze4-1-1-768x511.jpeg 768w, https:\/\/radiorevelacionfm.cl\/wp-content\/uploads\/2024\/01\/pdze4-1-1-705x469.jpeg 705w, https:\/\/radiorevelacionfm.cl\/wp-content\/uploads\/2024\/01\/pdze4-1-1-450x300.jpeg 450w, https:\/\/radiorevelacionfm.cl\/wp-content\/uploads\/2024\/01\/pdze4-1-1-600x400.jpeg 600w\" sizes=\"(max-width: 901px) 100vw, 901px\" \/><\/div><\/div><\/div><\/div><div class=\"flex_column av_one_full  flex_column_div av-zero-column-padding first  avia-builder-el-2  el_after_av_one_full  el_before_av_one_full  column-top-margin\" style='border-radius:0px; '><section class=\"av_textblock_section \"  itemscope=\"itemscope\" itemtype=\"https:\/\/schema.org\/BlogPosting\" itemprop=\"blogPost\" ><div class='avia_textblock  '   itemprop=\"text\" ><p style=\"text-align: center;\"><span style=\"font-size: 18pt;\"><strong>En R\u00edo Ib\u00e1\u00f1ez realizan jornada del Taller de Participaci\u00f3n Ciudadana de la Pol\u00edtica Nacional de Desarrollo de Zonas Extremas <\/strong><\/span><\/p>\n<div id=\"gtx-trans\" style=\"position: absolute; left: -50px; top: 4.31534px;\">\n<div class=\"gtx-trans-icon\"><\/div>\n<\/div>\n<\/div><\/section><\/div><div class=\"flex_column av_one_full  flex_column_div av-zero-column-padding first  avia-builder-el-4  el_after_av_one_full  el_before_av_hr  column-top-margin\" style='border-radius:0px; '><section class=\"av_textblock_section \"  itemscope=\"itemscope\" itemtype=\"https:\/\/schema.org\/BlogPosting\" itemprop=\"blogPost\" ><div class='avia_textblock  '   itemprop=\"text\" ><p style=\"text-align: justify;\">En el marco del proceso de elaboraci\u00f3n de la nueva Pol\u00edtica de Desarrollo de Zonas Extremas para la Regi\u00f3n de Ays\u00e9n, el Gobierno Regional de Ays\u00e9n (Gore) organiz\u00f3 un nuevo encuentro ciudadano, que esta vez se realiz\u00f3 en la localidad de R\u00edo Ib\u00e1\u00f1ez, el que dio t\u00e9rmino a los talleres en el sur de la regi\u00f3n, en el que participaron miembros de la comunidad y servicios p\u00fablicos regionales, comunales y locales.<\/p>\n<p style=\"text-align: justify;\">Tras la decisi\u00f3n del Presidente Gabriel Boric de dotar de una pol\u00edtica permanente de desarrollo a las zonas extremas de nuestro pa\u00eds, nace el PDZE 2024-2034, instrumento que, tomando en cuenta las dificultades y problem\u00e1ticas de quienes habitan estos territorios, tiene como objetivo igualar las condiciones de las zonas extremas con el resto del pa\u00eds, otorgando una capacidad adicional de financiamiento para proyectos y programas que vayan en pos del desarrollo local.<\/p>\n<p style=\"text-align: justify;\">\u201cPara nuestro Gobierno, la Participaci\u00f3n Ciudadana es primordial, porque fortalece el v\u00ednculo entre el Estado y la ciudadan\u00eda, lo que se traduce en una democracia mucho m\u00e1s robusta. Tal como nos ha encomendado el presidente Gabriel Boric, estamos en pleno proceso de elaboraci\u00f3n de la nueva Pol\u00edtica de Desarrollo de Zonas Extremas, y lo estamos haciendo junto a las organizaciones sociales. Ya se han realizado encuentros en Chile Chico, en Cochrane, en Tortel, Villa O\u2019Higgins, ahora fue el turno de Rio Ib\u00e1\u00f1ez. As\u00ed que agradecemos la invitaci\u00f3n de la gobernadora regional, Andrea Mac\u00edas Palma, a este encuentro ciudadano en el que las organizaciones sociales son las protagonistas de la creaci\u00f3n de esta pol\u00edtica que pone en el centro a las y los habitantes de cada localidad de nuestra regi\u00f3n\u201d, se\u00f1al\u00f3 la seremi de Gobierno de Ays\u00e9n, Tatiana Pl\u00e1 \u00c1lvarez.<\/p>\n<p style=\"text-align: justify;\">La metodolog\u00eda de trabajo de esta nueva Pol\u00edtica de Desarrollo de Zonas Extremas de la regi\u00f3n, consiste en una cartera de inversi\u00f3n proyectada a 10 a\u00f1os, \u00a0con la participaci\u00f3n de los sectores, tanto del gobierno nacional como del gobierno regional y los gobiernos comunales, quienes est\u00e1n realizando un diagn\u00f3stico de las necesidades reales y las decisiones que permitir\u00e1n reducir brechas, de acceso sobre todo, en los distintos territorios.<\/p>\n<p style=\"text-align: justify;\">Yessy Vargas, presidenta del Centro de Padres y Apoderados de la Escuela Aoniken de R\u00edo Ib\u00e1\u00f1ez, destac\u00f3 esta iniciativa: \u201cPara nosotros es importante como ciudadanos de esta localidad que se acerquen estas instancias, porque nosotros somos quienes debemos decir las cosas que nos faltan, sobre todo nos alegra tener tantos servicios p\u00fablicos hoy, cuando son tan escasos ac\u00e1. Nuestras inquietudes no son las mismas que las de Puyuhuapi o de Chile Chico, son comunas y vivencias distintas. Para nosotros esto es importante y por eso el agradecimiento que estas instancias se hagan. Como dijo la gobernadora, tambi\u00e9n es importante que ustedes como servicios p\u00fablicos, como Gobierno Regional, est\u00e9n ac\u00e1 con los funcionarios, porque no es lo mismo que lo hagan personas externas a que est\u00e9n los mismos funcionarios en terreno\u201d.<\/p>\n<p style=\"text-align: justify;\">En el transcurso de la actividad, el alcalde de R\u00edo Ib\u00e1\u00f1ez, Juan Saldivia Cea, se refiri\u00f3 a las implicancias que tiene esta Pol\u00edtica Nacional de Desarrollo de Zonas Extremas para su comuna y c\u00f3mo puede repercutir favorablemente en las y los habitantes.<\/p>\n<p style=\"text-align: justify;\">\u201cPrimero agradecer la presencia de todos los servicios p\u00fablicos que est\u00e1n ac\u00e1 en Puerto Iba\u00f1ez, la verdad lamentar un poco la poca concurrencia de vecinos y vecinas de la localidad, porque es s\u00faper relevante el poder hacer esta consulta ciudadana, que haya participaci\u00f3n de la comunidad, escuchar las opiniones, de forma que se puedan ir fijando los lineamientos para el desarrollo, tanto de nuestra comuna como tambi\u00e9n de la regi\u00f3n de Ays\u00e9n. Creemos que es s\u00faper importante hoy d\u00eda el tema del desarrollo econ\u00f3mico, productivo de las localidades, de la regi\u00f3n, el tema de conectividad que tambi\u00e9n es s\u00faper relevante, en nuestras localidades sobre todo que est\u00e1n apartadas en la comuna. Por lo tanto, relevar la importancia de tener hoy a los servicios p\u00fablicos, conversar, interactuar con ellos, plantear nuestras opiniones, pero tambi\u00e9n recibir algunas ideas que ellos nos han podido plantear en esta oportunidad\u201d, indic\u00f3 el edil.<\/p>\n<p style=\"text-align: justify;\">Cabe se\u00f1alar, que el Decreto 43 que aprueba la Pol\u00edtica Nacional de Zonas Extremas, establece en su art\u00edculo 2 dentro de sus 14 principios, el principio de Participaci\u00f3n Ciudadana: \u201cPropicia la incorporaci\u00f3n de mecanismos de participaci\u00f3n ciudadana en el proceso de formulaci\u00f3n, seguimiento y evaluaci\u00f3n del Plan de Desarrollo, como tambi\u00e9n de los compromisos adquiridos por la institucionalidad en aquel, en coherencia con los mecanismos e instrumentos ya instaurados a nivel regional\u201d.<\/p>\n<p style=\"text-align: justify;\">Adem\u00e1s, en el art\u00edculo 15 que detalla las funciones y responsabilidades, se\u00f1ala que: \u201cLos gobiernos regionales deber\u00e1n implementar y desarrollar mecanismos de participaci\u00f3n ciudadana y de difusi\u00f3n a la comunidad respecto de los resultados alcanzados por el Plan y de la presente Pol\u00edtica en el territorio\u201d. Del principio mencionado, se se\u00f1ala el principio de Intersectorialidad: \u201cBusca la coordinaci\u00f3n intersectorial por medio de un trabajo constante y colaborativo entre los distintos servicios y \u00f3rganos de la Administraci\u00f3n del Estado cuya participaci\u00f3n resulte pertinente para alcanzar el desarrollo de las zonas extremas. Propende al compromiso t\u00e9cnico-financiero de dichos organismos con el fin de dar cumplimiento a los objetivos que se definen en cada Plan de Desarrollo de Zonas Extremas (en adelante e indistintamente, \u00abel plan\u00bb o \u00abel plan de desarrollo\u00bb)\u201d.<\/p>\n<p style=\"text-align: justify;\">Durante las pr\u00f3ximas semanas se realizar\u00e1n talleres en Melinka, el 22 de febrero; en Cisnes, el 07 de marzo; en Ays\u00e9n, el 14 de marzo; en Coyhaique, el 15 de marzo. Hacia el norte de la regi\u00f3n, se realizar\u00e1n en La Junta, el 18 de marzo; en Ra\u00fal Mar\u00edn Balmaceda, el 19 de marzo y en Lago Verde el 20 de marzo.<\/p>\n<\/div><\/section><\/div><div  style='height:50px' class='hr hr-invisible   avia-builder-el-6  el_after_av_one_full  el_before_av_social_share '><span class='hr-inner ' ><span class='hr-inner-style'><\/span><\/span><\/div><\/p>\n<div  class='av-social-sharing-box  avia-builder-el-7  el_after_av_hr  el_before_av_hr  '><div class='av-share-box'><h5 class='av-share-link-description av-no-toc '>Compartir esta noticia<\/h5><ul class='av-share-box-list noLightbox'><li class='av-share-link av-social-link-facebook' ><a target=\"_blank\" aria-label=\"Compartir en Facebook\" href='https:\/\/www.facebook.com\/sharer.php?u=https:\/\/radiorevelacionfm.cl\/?p=39308&#038;t=En%20R%C3%ADo%20Ib%C3%A1%C3%B1ez%20realizan%20jornada%20del%20Taller%20de%20Participaci%C3%B3n%20Ciudadana%20de%20la%20Pol%C3%ADtica%20Nacional%20de%20Desarrollo%20de%20Zonas%20Extremas' aria-hidden='false' data-av_icon='\ue8f3' data-av_iconfont='entypo-fontello' title='' data-avia-related-tooltip='Compartir en Facebook' rel=\"noopener\"><span class='avia_hidden_link_text'>Compartir en Facebook<\/span><\/a><\/li><li class='av-share-link av-social-link-twitter' ><a target=\"_blank\" aria-label=\"Compartir en Twitter\" href='https:\/\/twitter.com\/share?text=En%20R%C3%ADo%20Ib%C3%A1%C3%B1ez%20realizan%20jornada%20del%20Taller%20de%20Participaci%C3%B3n%20Ciudadana%20de%20la%20Pol%C3%ADtica%20Nacional%20de%20Desarrollo%20de%20Zonas%20Extremas&#038;url=https:\/\/radiorevelacionfm.cl\/?p=39308' aria-hidden='false' data-av_icon='\ue8f1' data-av_iconfont='entypo-fontello' title='' data-avia-related-tooltip='Compartir en Twitter' rel=\"noopener\"><span class='avia_hidden_link_text'>Compartir en Twitter<\/span><\/a><\/li><li class='av-share-link av-social-link-whatsapp' ><a target=\"_blank\" aria-label=\"Compartir en Whatsapp\" href='https:\/\/api.whatsapp.com\/send?text=https:\/\/radiorevelacionfm.cl\/?p=39308' aria-hidden='false' data-av_icon='\uf232' data-av_iconfont='entypo-fontello' title='' data-avia-related-tooltip='Compartir en Whatsapp' rel=\"noopener\"><span class='avia_hidden_link_text'>Compartir en Whatsapp<\/span><\/a><\/li><li class='av-share-link av-social-link-linkedin' ><a target=\"_blank\" aria-label=\"Compartir en LinkedIn\" href='https:\/\/linkedin.com\/shareArticle?mini=true&#038;title=En%20R%C3%ADo%20Ib%C3%A1%C3%B1ez%20realizan%20jornada%20del%20Taller%20de%20Participaci%C3%B3n%20Ciudadana%20de%20la%20Pol%C3%ADtica%20Nacional%20de%20Desarrollo%20de%20Zonas%20Extremas&#038;url=https:\/\/radiorevelacionfm.cl\/?p=39308' aria-hidden='false' data-av_icon='\ue8fc' data-av_iconfont='entypo-fontello' title='' data-avia-related-tooltip='Compartir en LinkedIn' rel=\"noopener\"><span class='avia_hidden_link_text'>Compartir en LinkedIn<\/span><\/a><\/li><li class='av-share-link av-social-link-mail' ><a  aria-label=\"Compartir por correo\" href='mailto:?subject=En%20R%C3%ADo%20Ib%C3%A1%C3%B1ez%20realizan%20jornada%20del%20Taller%20de%20Participaci%C3%B3n%20Ciudadana%20de%20la%20Pol%C3%ADtica%20Nacional%20de%20Desarrollo%20de%20Zonas%20Extremas&#038;body=https:\/\/radiorevelacionfm.cl\/?p=39308' aria-hidden='false' data-av_icon='\ue805' data-av_iconfont='entypo-fontello' title='' data-avia-related-tooltip='Compartir por correo'><span class='avia_hidden_link_text'>Compartir por correo<\/span><\/a><\/li><\/ul><\/div><\/div>\n<div  style='height:50px' class='hr hr-invisible   avia-builder-el-8  el_after_av_social_share  el_before_av_comments_list '><span class='hr-inner ' ><span class='hr-inner-style'><\/span><\/span><\/div>\n<div  class='av-buildercomment  av-blog-meta-html-info-disabled av-blog-meta-tag-disabled  '><\/div>\n","protected":false},"excerpt":{"rendered":"","protected":false},"author":1,"featured_media":39309,"comment_status":"open","ping_status":"open","sticky":false,"template":"","format":"standard","meta":{"footnotes":""},"categories":[38],"tags":[],"class_list":["post-39308","post","type-post","status-publish","format-standard","has-post-thumbnail","hentry","category-regional"],"jetpack_featured_media_url":"https:\/\/radiorevelacionfm.cl\/wp-content\/uploads\/2024\/01\/pdze4-1-1.jpeg","_links":{"self":[{"href":"https:\/\/radiorevelacionfm.cl\/index.php?rest_route=\/wp\/v2\/posts\/39308","targetHints":{"allow":["GET"]}}],"collection":[{"href":"https:\/\/radiorevelacionfm.cl\/index.php?rest_route=\/wp\/v2\/posts"}],"about":[{"href":"https:\/\/radiorevelacionfm.cl\/index.php?rest_route=\/wp\/v2\/types\/post"}],"author":[{"embeddable":true,"href":"https:\/\/radiorevelacionfm.cl\/index.php?rest_route=\/wp\/v2\/users\/1"}],"replies":[{"embeddable":true,"href":"https:\/\/radiorevelacionfm.cl\/index.php?rest_route=%2Fwp%2Fv2%2Fcomments&post=39308"}],"version-history":[{"count":1,"href":"https:\/\/radiorevelacionfm.cl\/index.php?rest_route=\/wp\/v2\/posts\/39308\/revisions"}],"predecessor-version":[{"id":39310,"href":"https:\/\/radiorevelacionfm.cl\/index.php?rest_route=\/wp\/v2\/posts\/39308\/revisions\/39310"}],"wp:featuredmedia":[{"embeddable":true,"href":"https:\/\/radiorevelacionfm.cl\/index.php?rest_route=\/wp\/v2\/media\/39309"}],"wp:attachment":[{"href":"https:\/\/radiorevelacionfm.cl\/index.php?rest_route=%2Fwp%2Fv2%2Fmedia&parent=39308"}],"wp:term":[{"taxonomy":"category","embeddable":true,"href":"https:\/\/radiorevelacionfm.cl\/index.php?rest_route=%2Fwp%2Fv2%2Fcategories&post=39308"},{"taxonomy":"post_tag","embeddable":true,"href":"https:\/\/radiorevelacionfm.cl\/index.php?rest_route=%2Fwp%2Fv2%2Ftags&post=39308"}],"curies":[{"name":"wp","href":"https:\/\/api.w.org\/{rel}","templated":true}]}}